{"id":11034,"date":"2014-06-06T11:42:40","date_gmt":"2014-06-06T09:42:40","guid":{"rendered":"http:\/\/meonline.hu\/?p=11034"},"modified":"2014-06-06T11:42:40","modified_gmt":"2014-06-06T09:42:40","slug":"epites","status":"publish","type":"post","link":"https:\/\/meonline.hu\/en\/archivum\/epites\/","title":{"rendered":"Construction"},"content":{"rendered":"<p><strong>The Hungarian Pavilion of the 14th Venetian Architectural Biennale<\/strong><\/p>\n<p>Concept: <strong>Jakab Csaba, M\u00e1rton L\u00e1szl\u00f3 Attila<\/strong><\/p>\n<p><img loading=\"lazy\" src=\"http:\/\/meonline.hu\/wp-content\/uploads\/2014\/06\/velence1.jpg\" alt=\"velence1\" width=\"600\" height=\"330\" class=\"alignnone size-full wp-image-11035\" srcset=\"https:\/\/meonline.hu\/wp-content\/uploads\/2014\/06\/velence1.jpg 600w, https:\/\/meonline.hu\/wp-content\/uploads\/2014\/06\/velence1-250x137.jpg 250w, https:\/\/meonline.hu\/wp-content\/uploads\/2014\/06\/velence1-300x165.jpg 300w\" sizes=\"(max-width: 600px) 100vw, 600px\" \/><\/p>\n<p>The winning design of the Hungarian pavilion in the 2014 Venetian Architectural Biennale was submitted by Csaba Jakab and L\u00e1szl\u00f3 M\u00e1rton presenting architects\u2019 teams built upwards by considering construction as both a personal and social cause from the very beginnings up till now. The Hungarian pavilion itself is also the scene of such a communal architectural act in Venice. The past decades of the 20th century \u2013 parallel with the global youth movements also associated with the Hungarian nomadic generation \u2013 also in the Carpathian Basin the interest of young people focussed on nature and the ancient, the revision of relationships to construction. This orientation (also) resulted in the first get-togethers of young architects in camps who participate in institutional training. By now architects\u2019 training in Hungary has integrated summer practices such as construction projects and a variety of teamwork in versatile forms and various concepts.<\/p>\n<p><img loading=\"lazy\" src=\"http:\/\/meonline.hu\/wp-content\/uploads\/2014\/06\/velence2.jpg\" alt=\"velence2\" width=\"600\" height=\"337\" class=\"alignnone size-full wp-image-11036\" srcset=\"https:\/\/meonline.hu\/wp-content\/uploads\/2014\/06\/velence2.jpg 600w, https:\/\/meonline.hu\/wp-content\/uploads\/2014\/06\/velence2-250x140.jpg 250w, https:\/\/meonline.hu\/wp-content\/uploads\/2014\/06\/velence2-300x168.jpg 300w\" sizes=\"(max-width: 600px) 100vw, 600px\" \/><\/p>","protected":false},"excerpt":{"rendered":"<p>The Hungarian Pavilion of the 14th Venetian Architectural Biennale Concept: Jakab Csaba, M\u00e1rton L\u00e1szl\u00f3 Attila The winning design of the Hungarian pavilion in the 2014 Venetian Architectural Biennale was submitted by Csaba Jakab and L\u00e1szl\u00f3 M\u00e1rton presenting architects\u2019 teams built upwards by considering construction as both a personal and social cause from the very beginnings [&hellip;]<\/p>\n","protected":false},"author":1,"featured_media":11035,"comment_status":"closed","ping_status":"closed","sticky":false,"template":"","format":"standard","meta":{"ngg_post_thumbnail":0},"categories":[246,248,7,27],"tags":[],"_links":{"self":[{"href":"https:\/\/meonline.hu\/en\/wp-json\/wp\/v2\/posts\/11034"}],"collection":[{"href":"https:\/\/meonline.hu\/en\/wp-json\/wp\/v2\/posts"}],"about":[{"href":"https:\/\/meonline.hu\/en\/wp-json\/wp\/v2\/types\/post"}],"author":[{"embeddable":true,"href":"https:\/\/meonline.hu\/en\/wp-json\/wp\/v2\/users\/1"}],"replies":[{"embeddable":true,"href":"https:\/\/meonline.hu\/en\/wp-json\/wp\/v2\/comments?post=11034"}],"version-history":[{"count":1,"href":"https:\/\/meonline.hu\/en\/wp-json\/wp\/v2\/posts\/11034\/revisions"}],"predecessor-version":[{"id":11037,"href":"https:\/\/meonline.hu\/en\/wp-json\/wp\/v2\/posts\/11034\/revisions\/11037"}],"wp:featuredmedia":[{"embeddable":true,"href":"https:\/\/meonline.hu\/en\/wp-json\/wp\/v2\/media\/11035"}],"wp:attachment":[{"href":"https:\/\/meonline.hu\/en\/wp-json\/wp\/v2\/media?parent=11034"}],"wp:term":[{"taxonomy":"category","embeddable":true,"href":"https:\/\/meonline.hu\/en\/wp-json\/wp\/v2\/categories?post=11034"},{"taxonomy":"post_tag","embeddable":true,"href":"https:\/\/meonline.hu\/en\/wp-json\/wp\/v2\/tags?post=11034"}],"curies":[{"name":"wp","href":"https:\/\/api.w.org\/{rel}","templated":true}]}}