{"id":11194,"date":"2014-06-12T14:53:57","date_gmt":"2014-06-12T12:53:57","guid":{"rendered":"http:\/\/meonline.hu\/?p=11194"},"modified":"2014-06-12T14:58:58","modified_gmt":"2014-06-12T12:58:58","slug":"ybl-miklos-dij-2014-2","status":"publish","type":"post","link":"https:\/\/meonline.hu\/en\/magyar-epitomuveszet-hirek\/ybl-miklos-dij-2014-2\/","title":{"rendered":"Ybl Mikl\u00f3s Prize 2014"},"content":{"rendered":"<p><strong>Ybl Bicentenary, National Opera House<\/strong><\/p>\n<p>Since its foundation in 1953, the prize named after Mikl\u00f3s Ybl was now, in 2014 for the first time handed over in the Budapest Opera House, one of the most significant buildings of the architect to <strong>J\u00e1nos J\u00e1nosi, Andr\u00e1s Kov\u00e1ts, P\u00e9ter Pottyondy, Ferenc Potzner, Tiham\u00e9r Szalay, Gy\u00f6rgy Szeg\u0151, Judit Anna Gerencs\u00e9r Ms. Szente-Varg\u00e1n\u00e9, Imre Szuromi and Endre Sz\u0171cs<\/strong>. The series of programmes in honour of Ybl in 2014 as well as its initiator and organizer J\u00falia Szmodits (Ybl Association) received a ministerial tribute. \u201eOur task is not only remembrance and the preservation and presentation of our heritage, but also the celebration of of our age and excellent contemporary creators whose works and talents earn both our capital and country a worldwide recognition much int he same way as Mikl\u00f3s Yvbl did in his own time\u201d \u2013 said Mikl\u00f3s R\u00e9thelyi, the chairman of UNESCO\u2019s Hungarian National Committee at the celebration commemorating the 200th anniversary of Ybl\u2019s birth. Mikl\u00f3s R\u00e9thelyi reminded us of the fact that the 200th anniversary of Mikl\u00f3s Ybl\u2019s birth and the 100th anniversary of \u00d6d\u00f6n Lechner\u2019s death is v\u00e9dn\u00f6k\u00f6l by the UNESCO which actually means that both architects are commemorated in each member state of the UN.<\/p>\n<p><!-- default-view.php -->\n<div\n\tclass=\"ngg-galleryoverview default-view \"\n\tid=\"ngg-gallery-3cdd89ff3222856498b798e7b65ec151-1\">\n\n\t\t<!-- Thumbnails -->\n\t\t\t\t<div id=\"ngg-image-0\" class=\"ngg-gallery-thumbnail-box \" >\n\t\t\t\t        <div class=\"ngg-gallery-thumbnail\">\n            <a href=\"https:\/\/meonline.hu\/wp-content\/gallery\/ybl-dij-2014\/ybl_janosi.jpg\"\n               title=\"J\u00e1nosi J\u00e1nos: Lovag utcai lak\u00f3h\u00e1z, Budapest, 2005, fot\u00f3: Beliczay L\u00e1szl\u00f3\"\n               data-src=\"https:\/\/meonline.hu\/wp-content\/gallery\/ybl-dij-2014\/ybl_janosi.jpg\"\n               data-thumbnail=\"https:\/\/meonline.hu\/wp-content\/gallery\/ybl-dij-2014\/thumbs\/thumbs_ybl_janosi.jpg\"\n               data-image-id=\"2649\"\n               data-title=\"J\u00e1nosi J\u00e1nos: Lovag utcai lak\u00f3h\u00e1z, Budapest, 2005, fot\u00f3: Beliczay L\u00e1szl\u00f3\"\n               data-description=\"J\u00e1nosi J\u00e1nos: Lovag utcai lak\u00f3h\u00e1z, Budapest, 2005, fot\u00f3: Beliczay L\u00e1szl\u00f3\"\n               data-image-slug=\"j%c3%a1nosi-j%c3%a1nos-lovag-utcai-lak%c3%b3h%c3%a1z-budapest-2005-fot%c3%b3-beliczay-l%c3%a1szl%c3%b3-1\"\n               class=\"ngg-simplelightbox\" rel=\"3cdd89ff3222856498b798e7b65ec151\">\n                <img\n                    title=\"J\u00e1nosi J\u00e1nos: Lovag utcai lak\u00f3h\u00e1z, Budapest, 2005, fot\u00f3: Beliczay L\u00e1szl\u00f3\"\n                    alt=\"J\u00e1nosi J\u00e1nos: Lovag utcai lak\u00f3h\u00e1z, Budapest, 2005, fot\u00f3: Beliczay L\u00e1szl\u00f3\"\n                    src=\"https:\/\/meonline.hu\/wp-content\/gallery\/ybl-dij-2014\/thumbs\/thumbs_ybl_janosi.jpg\"\n                    width=\"100\"\n                    height=\"75\"\n                    style=\"max-width:100%;\"\n                \/>\n            <\/a>\n        <\/div>\n\t\t\t\t\t\t\t<\/div> \n\t\t\t\n\t\t\t\t<div id=\"ngg-image-1\" class=\"ngg-gallery-thumbnail-box \" >\n\t\t\t\t        <div class=\"ngg-gallery-thumbnail\">\n            <a href=\"https:\/\/meonline.hu\/wp-content\/gallery\/ybl-dij-2014\/ybl_kovats.jpg\"\n               title=\"Kov\u00e1ts Andr\u00e1s: MODEM, Debrecen, 2007, fot\u00f3: Bujnovszky Tam\u00e1s\"\n               data-src=\"https:\/\/meonline.hu\/wp-content\/gallery\/ybl-dij-2014\/ybl_kovats.jpg\"\n               data-thumbnail=\"https:\/\/meonline.hu\/wp-content\/gallery\/ybl-dij-2014\/thumbs\/thumbs_ybl_kovats.jpg\"\n               data-image-id=\"2650\"\n               data-title=\"Kov\u00e1ts Andr\u00e1s: MODEM, Debrecen, 2007, fot\u00f3: Bujnovszky Tam\u00e1s\"\n               data-description=\"Kov\u00e1ts Andr\u00e1s: MODEM, Debrecen, 2007, fot\u00f3: Bujnovszky Tam\u00e1s\"\n               data-image-slug=\"kov%c3%a1ts-andr%c3%a1s-modem-debrecen-2007-fot%c3%b3-bujnovszky-tam%c3%a1s-1\"\n               class=\"ngg-simplelightbox\" rel=\"3cdd89ff3222856498b798e7b65ec151\">\n                <img\n                    title=\"Kov\u00e1ts Andr\u00e1s: MODEM, Debrecen, 2007, fot\u00f3: Bujnovszky Tam\u00e1s\"\n                    alt=\"Kov\u00e1ts Andr\u00e1s: MODEM, Debrecen, 2007, fot\u00f3: Bujnovszky Tam\u00e1s\"\n                    src=\"https:\/\/meonline.hu\/wp-content\/gallery\/ybl-dij-2014\/thumbs\/thumbs_ybl_kovats.jpg\"\n                    width=\"100\"\n                    height=\"75\"\n                    style=\"max-width:100%;\"\n                \/>\n            <\/a>\n        <\/div>\n\t\t\t\t\t\t\t<\/div> \n\t\t\t\n\t\t\t\t<div id=\"ngg-image-2\" class=\"ngg-gallery-thumbnail-box \" >\n\t\t\t\t        <div class=\"ngg-gallery-thumbnail\">\n            <a href=\"https:\/\/meonline.hu\/wp-content\/gallery\/ybl-dij-2014\/ybl_pottyondy.jpg\"\n               title=\"Pottyondy P\u00e9ter - Zoboki Demeter \u00e9s T\u00e1rsai: Palazzo Dorottya, Budapest, 2009\"\n               data-src=\"https:\/\/meonline.hu\/wp-content\/gallery\/ybl-dij-2014\/ybl_pottyondy.jpg\"\n               data-thumbnail=\"https:\/\/meonline.hu\/wp-content\/gallery\/ybl-dij-2014\/thumbs\/thumbs_ybl_pottyondy.jpg\"\n               data-image-id=\"2652\"\n               data-title=\"Pottyondy P\u00e9ter - Zoboki Demeter \u00e9s T\u00e1rsai: Palazzo Dorottya, Budapest, 2009\"\n               data-description=\"Pottyondy P\u00e9ter - Zoboki Demeter \u00e9s T\u00e1rsai: Palazzo Dorottya, Budapest, 2009\"\n               data-image-slug=\"pottyondy-p%c3%a9ter-zoboki-demeter-%c3%a9s-t%c3%a1rsai-palazzo-dorottya-budapest-2009-1\"\n               class=\"ngg-simplelightbox\" rel=\"3cdd89ff3222856498b798e7b65ec151\">\n                <img\n                    title=\"Pottyondy P\u00e9ter - Zoboki Demeter \u00e9s T\u00e1rsai: Palazzo Dorottya, Budapest, 2009\"\n                    alt=\"Pottyondy P\u00e9ter - Zoboki Demeter \u00e9s T\u00e1rsai: Palazzo Dorottya, Budapest, 2009\"\n                    src=\"https:\/\/meonline.hu\/wp-content\/gallery\/ybl-dij-2014\/thumbs\/thumbs_ybl_pottyondy.jpg\"\n                    width=\"100\"\n                    height=\"75\"\n                    style=\"max-width:100%;\"\n                \/>\n            <\/a>\n        <\/div>\n\t\t\t\t\t\t\t<\/div> \n\t\t\t\n\t\t\t\t<div id=\"ngg-image-3\" class=\"ngg-gallery-thumbnail-box \" >\n\t\t\t\t        <div class=\"ngg-gallery-thumbnail\">\n            <a href=\"https:\/\/meonline.hu\/wp-content\/gallery\/ybl-dij-2014\/ybl_potzner.jpg\"\n               title=\"Magyari-Paz\u00e1r-Potzner: Zeneakad\u00e9mia rekonstrukci\u00f3ja, 2013, fot\u00f3: Hajd\u00fa J\u00f3zsef\"\n               data-src=\"https:\/\/meonline.hu\/wp-content\/gallery\/ybl-dij-2014\/ybl_potzner.jpg\"\n               data-thumbnail=\"https:\/\/meonline.hu\/wp-content\/gallery\/ybl-dij-2014\/thumbs\/thumbs_ybl_potzner.jpg\"\n               data-image-id=\"2653\"\n               data-title=\"Magyari-Paz\u00e1r-Potzner: Zeneakad\u00e9mia rekonstrukci\u00f3ja, 2013, fot\u00f3: Hajd\u00fa J\u00f3zsef\"\n               data-description=\"Magyari-Paz\u00e1r-Potzner: Zeneakad\u00e9mia rekonstrukci\u00f3ja, 2013, fot\u00f3: Hajd\u00fa J\u00f3zsef\"\n               data-image-slug=\"magyari-paz%c3%a1r-potzner-zeneakad%c3%a9mia-rekonstrukci%c3%b3ja-2013-fot%c3%b3-hajd%c3%ba-j%c3%b3zsef-1\"\n               class=\"ngg-simplelightbox\" rel=\"3cdd89ff3222856498b798e7b65ec151\">\n                <img\n                    title=\"Magyari-Paz\u00e1r-Potzner: Zeneakad\u00e9mia rekonstrukci\u00f3ja, 2013, fot\u00f3: Hajd\u00fa J\u00f3zsef\"\n                    alt=\"Magyari-Paz\u00e1r-Potzner: Zeneakad\u00e9mia rekonstrukci\u00f3ja, 2013, fot\u00f3: Hajd\u00fa J\u00f3zsef\"\n                    src=\"https:\/\/meonline.hu\/wp-content\/gallery\/ybl-dij-2014\/thumbs\/thumbs_ybl_potzner.jpg\"\n                    width=\"100\"\n                    height=\"75\"\n                    style=\"max-width:100%;\"\n                \/>\n            <\/a>\n        <\/div>\n\t\t\t\t\t\t\t<\/div> \n\t\t\t\n\t\t\t\t<div id=\"ngg-image-4\" class=\"ngg-gallery-thumbnail-box \" >\n\t\t\t\t        <div class=\"ngg-gallery-thumbnail\">\n            <a href=\"https:\/\/meonline.hu\/wp-content\/gallery\/ybl-dij-2014\/ybl_szalay.jpg\"\n               title=\"Szalay Tiham\u00e9r: Ludovika f\u0151\u00e9p\u00fclet rekonstrukci\u00f3ja, 2014\"\n               data-src=\"https:\/\/meonline.hu\/wp-content\/gallery\/ybl-dij-2014\/ybl_szalay.jpg\"\n               data-thumbnail=\"https:\/\/meonline.hu\/wp-content\/gallery\/ybl-dij-2014\/thumbs\/thumbs_ybl_szalay.jpg\"\n               data-image-id=\"2654\"\n               data-title=\"Szalay Tiham\u00e9r: Ludovika f\u0151\u00e9p\u00fclet rekonstrukci\u00f3ja, 2014\"\n               data-description=\"Szalay Tiham\u00e9r: Ludovika f\u0151\u00e9p\u00fclet rekonstrukci\u00f3ja, 2014\"\n               data-image-slug=\"szalay-tiham%c3%a9r-ludovika-f%c5%91%c3%a9p%c3%bclet-rekonstrukci%c3%b3ja-2014-1\"\n               class=\"ngg-simplelightbox\" rel=\"3cdd89ff3222856498b798e7b65ec151\">\n                <img\n                    title=\"Szalay Tiham\u00e9r: Ludovika f\u0151\u00e9p\u00fclet rekonstrukci\u00f3ja, 2014\"\n                    alt=\"Szalay Tiham\u00e9r: Ludovika f\u0151\u00e9p\u00fclet rekonstrukci\u00f3ja, 2014\"\n                    src=\"https:\/\/meonline.hu\/wp-content\/gallery\/ybl-dij-2014\/thumbs\/thumbs_ybl_szalay.jpg\"\n                    width=\"100\"\n                    height=\"75\"\n                    style=\"max-width:100%;\"\n                \/>\n            <\/a>\n        <\/div>\n\t\t\t\t\t\t\t<\/div> \n\t\t\t\n\t\t\t\t<div id=\"ngg-image-5\" class=\"ngg-gallery-thumbnail-box \" >\n\t\t\t\t        <div class=\"ngg-gallery-thumbnail\">\n            <a href=\"https:\/\/meonline.hu\/wp-content\/gallery\/ybl-dij-2014\/ybl_szego.jpg\"\n               title=\"V\u00e1logat\u00e1s Szeg\u0151 Gy\u00f6rgy k\u00f6teteib\u0151l\"\n               data-src=\"https:\/\/meonline.hu\/wp-content\/gallery\/ybl-dij-2014\/ybl_szego.jpg\"\n               data-thumbnail=\"https:\/\/meonline.hu\/wp-content\/gallery\/ybl-dij-2014\/thumbs\/thumbs_ybl_szego.jpg\"\n               data-image-id=\"2655\"\n               data-title=\"V\u00e1logat\u00e1s Szeg\u0151 Gy\u00f6rgy k\u00f6teteib\u0151l\"\n               data-description=\"V\u00e1logat\u00e1s Szeg\u0151 Gy\u00f6rgy k\u00f6teteib\u0151l\"\n               data-image-slug=\"v%c3%a1logat%c3%a1s-szeg%c5%91-gy%c3%b6rgy-k%c3%b6teteib%c5%91l-1\"\n               class=\"ngg-simplelightbox\" rel=\"3cdd89ff3222856498b798e7b65ec151\">\n                <img\n                    title=\"V\u00e1logat\u00e1s Szeg\u0151 Gy\u00f6rgy k\u00f6teteib\u0151l\"\n                    alt=\"V\u00e1logat\u00e1s Szeg\u0151 Gy\u00f6rgy k\u00f6teteib\u0151l\"\n                    src=\"https:\/\/meonline.hu\/wp-content\/gallery\/ybl-dij-2014\/thumbs\/thumbs_ybl_szego.jpg\"\n                    width=\"89\"\n                    height=\"75\"\n                    style=\"max-width:100%;\"\n                \/>\n            <\/a>\n        <\/div>\n\t\t\t\t\t\t\t<\/div> \n\t\t\t\n\t\t\t\t<div id=\"ngg-image-6\" class=\"ngg-gallery-thumbnail-box \" >\n\t\t\t\t        <div class=\"ngg-gallery-thumbnail\">\n            <a href=\"https:\/\/meonline.hu\/wp-content\/gallery\/ybl-dij-2014\/ybl_szente-vargane.jpg\"\n               title=\"Szente-Varg\u00e1n\u00e9 Gerencs\u00e9r Judit: J\u00f3zsef Attila Gimn\u00e1zium, Mak\u00f3, 2000, fot\u00f3: Sz\u00e1nt\u00f3 Tam\u00e1s\"\n               data-src=\"https:\/\/meonline.hu\/wp-content\/gallery\/ybl-dij-2014\/ybl_szente-vargane.jpg\"\n               data-thumbnail=\"https:\/\/meonline.hu\/wp-content\/gallery\/ybl-dij-2014\/thumbs\/thumbs_ybl_szente-vargane.jpg\"\n               data-image-id=\"2656\"\n               data-title=\"Szente-Varg\u00e1n\u00e9 Gerencs\u00e9r Judit: J\u00f3zsef Attila Gimn\u00e1zium, Mak\u00f3, 2000, fot\u00f3: Sz\u00e1nt\u00f3 Tam\u00e1s\"\n               data-description=\"Szente-Varg\u00e1n\u00e9 Gerencs\u00e9r Judit: J\u00f3zsef Attila Gimn\u00e1zium, Mak\u00f3, 2000, fot\u00f3: Sz\u00e1nt\u00f3 Tam\u00e1s\"\n               data-image-slug=\"szente-varg%c3%a1n%c3%a9-gerencs%c3%a9r-judit-j%c3%b3zsef-attila-gimn%c3%a1zium-mak%c3%b3-2000-fot%c3%b3-sz%c3%a1nt%c3%b3-tam%c3%a1s-1\"\n               class=\"ngg-simplelightbox\" rel=\"3cdd89ff3222856498b798e7b65ec151\">\n                <img\n                    title=\"Szente-Varg\u00e1n\u00e9 Gerencs\u00e9r Judit: J\u00f3zsef Attila Gimn\u00e1zium, Mak\u00f3, 2000, fot\u00f3: Sz\u00e1nt\u00f3 Tam\u00e1s\"\n                    alt=\"Szente-Varg\u00e1n\u00e9 Gerencs\u00e9r Judit: J\u00f3zsef Attila Gimn\u00e1zium, Mak\u00f3, 2000, fot\u00f3: Sz\u00e1nt\u00f3 Tam\u00e1s\"\n                    src=\"https:\/\/meonline.hu\/wp-content\/gallery\/ybl-dij-2014\/thumbs\/thumbs_ybl_szente-vargane.jpg\"\n                    width=\"100\"\n                    height=\"75\"\n                    style=\"max-width:100%;\"\n                \/>\n            <\/a>\n        <\/div>\n\t\t\t\t\t\t\t<\/div> \n\t\t\t\n\t\t\t\t<div id=\"ngg-image-7\" class=\"ngg-gallery-thumbnail-box \" >\n\t\t\t\t        <div class=\"ngg-gallery-thumbnail\">\n            <a href=\"https:\/\/meonline.hu\/wp-content\/gallery\/ybl-dij-2014\/ybl_szucs.jpg\"\n               title=\"Sz\u0171cs Endre: Festetics kast\u00e9ly rekonstrukci\u00f3, Als\u00f3bog\u00e1t, 2012\"\n               data-src=\"https:\/\/meonline.hu\/wp-content\/gallery\/ybl-dij-2014\/ybl_szucs.jpg\"\n               data-thumbnail=\"https:\/\/meonline.hu\/wp-content\/gallery\/ybl-dij-2014\/thumbs\/thumbs_ybl_szucs.jpg\"\n               data-image-id=\"2657\"\n               data-title=\"Sz\u0171cs Endre: Festetics kast\u00e9ly rekonstrukci\u00f3, Als\u00f3bog\u00e1t, 2012\"\n               data-description=\"Sz\u0171cs Endre: Festetics kast\u00e9ly rekonstrukci\u00f3, Als\u00f3bog\u00e1t, 2012\"\n               data-image-slug=\"sz%c5%b1cs-endre-festetics-kast%c3%a9ly-rekonstrukci%c3%b3-als%c3%b3bog%c3%a1t-2012-1\"\n               class=\"ngg-simplelightbox\" rel=\"3cdd89ff3222856498b798e7b65ec151\">\n                <img\n                    title=\"Sz\u0171cs Endre: Festetics kast\u00e9ly rekonstrukci\u00f3, Als\u00f3bog\u00e1t, 2012\"\n                    alt=\"Sz\u0171cs Endre: Festetics kast\u00e9ly rekonstrukci\u00f3, Als\u00f3bog\u00e1t, 2012\"\n                    src=\"https:\/\/meonline.hu\/wp-content\/gallery\/ybl-dij-2014\/thumbs\/thumbs_ybl_szucs.jpg\"\n                    width=\"100\"\n                    height=\"75\"\n                    style=\"max-width:100%;\"\n                \/>\n            <\/a>\n        <\/div>\n\t\t\t\t\t\t\t<\/div> \n\t\t\t\n\t\t\t\t<div id=\"ngg-image-8\" class=\"ngg-gallery-thumbnail-box \" >\n\t\t\t\t        <div class=\"ngg-gallery-thumbnail\">\n            <a href=\"https:\/\/meonline.hu\/wp-content\/gallery\/ybl-dij-2014\/ybl_szuromi.jpg\"\n               title=\"Szuromi-Kocsis: Ferenczy M\u00fazeum, Szentendre, 2013, fot\u00f3: Zsitva Tibor\"\n               data-src=\"https:\/\/meonline.hu\/wp-content\/gallery\/ybl-dij-2014\/ybl_szuromi.jpg\"\n               data-thumbnail=\"https:\/\/meonline.hu\/wp-content\/gallery\/ybl-dij-2014\/thumbs\/thumbs_ybl_szuromi.jpg\"\n               data-image-id=\"2658\"\n               data-title=\"Szuromi-Kocsis: Ferenczy M\u00fazeum, Szentendre, 2013, fot\u00f3: Zsitva Tibor\"\n               data-description=\"Szuromi-Kocsis: Ferenczy M\u00fazeum, Szentendre, 2013, fot\u00f3: Zsitva Tibor\"\n               data-image-slug=\"szuromi-kocsis-ferenczy-m%c3%bazeum-szentendre-2013-fot%c3%b3-zsitva-tibor-1\"\n               class=\"ngg-simplelightbox\" rel=\"3cdd89ff3222856498b798e7b65ec151\">\n                <img\n                    title=\"Szuromi-Kocsis: Ferenczy M\u00fazeum, Szentendre, 2013, fot\u00f3: Zsitva Tibor\"\n                    alt=\"Szuromi-Kocsis: Ferenczy M\u00fazeum, Szentendre, 2013, fot\u00f3: Zsitva Tibor\"\n                    src=\"https:\/\/meonline.hu\/wp-content\/gallery\/ybl-dij-2014\/thumbs\/thumbs_ybl_szuromi.jpg\"\n                    width=\"100\"\n                    height=\"75\"\n                    style=\"max-width:100%;\"\n                \/>\n            <\/a>\n        <\/div>\n\t\t\t\t\t\t\t<\/div> \n\t\t\t\n\t\n\t<br style=\"clear: both\" \/>\n\n\t\n\t\t<!-- Pagination -->\n\t<div class='ngg-clear'><\/div>\t<\/div>\n<\/p>","protected":false},"excerpt":{"rendered":"<p>Ybl Bicentenary, National Opera House Since its foundation in 1953, the prize named after Mikl\u00f3s Ybl was now, in 2014 for the first time handed over in the Budapest Opera House, one of the most significant buildings of the architect to J\u00e1nos J\u00e1nosi, Andr\u00e1s Kov\u00e1ts, P\u00e9ter Pottyondy, Ferenc Potzner, Tiham\u00e9r Szalay, Gy\u00f6rgy Szeg\u0151, Judit Anna [&hellip;]<\/p>\n","protected":false},"author":1,"featured_media":11195,"comment_status":"closed","ping_status":"closed","sticky":false,"template":"","format":"standard","meta":{"ngg_post_thumbnail":0},"categories":[246,258,174,18,7,3,27],"tags":[],"_links":{"self":[{"href":"https:\/\/meonline.hu\/en\/wp-json\/wp\/v2\/posts\/11194"}],"collection":[{"href":"https:\/\/meonline.hu\/en\/wp-json\/wp\/v2\/posts"}],"about":[{"href":"https:\/\/meonline.hu\/en\/wp-json\/wp\/v2\/types\/post"}],"author":[{"embeddable":true,"href":"https:\/\/meonline.hu\/en\/wp-json\/wp\/v2\/users\/1"}],"replies":[{"embeddable":true,"href":"https:\/\/meonline.hu\/en\/wp-json\/wp\/v2\/comments?post=11194"}],"version-history":[{"count":4,"href":"https:\/\/meonline.hu\/en\/wp-json\/wp\/v2\/posts\/11194\/revisions"}],"predecessor-version":[{"id":11208,"href":"https:\/\/meonline.hu\/en\/wp-json\/wp\/v2\/posts\/11194\/revisions\/11208"}],"wp:featuredmedia":[{"embeddable":true,"href":"https:\/\/meonline.hu\/en\/wp-json\/wp\/v2\/media\/11195"}],"wp:attachment":[{"href":"https:\/\/meonline.hu\/en\/wp-json\/wp\/v2\/media?parent=11194"}],"wp:term":[{"taxonomy":"category","embeddable":true,"href":"https:\/\/meonline.hu\/en\/wp-json\/wp\/v2\/categories?post=11194"},{"taxonomy":"post_tag","embeddable":true,"href":"https:\/\/meonline.hu\/en\/wp-json\/wp\/v2\/tags?post=11194"}],"curies":[{"name":"wp","href":"https:\/\/api.w.org\/{rel}","templated":true}]}}