{"id":12206,"date":"2009-04-19T14:36:46","date_gmt":"2009-04-19T12:36:46","guid":{"rendered":"http:\/\/meonline.hu\/?p=12206"},"modified":"2021-12-30T21:09:26","modified_gmt":"2021-12-30T20:09:26","slug":"joseph-haydn-es-magyarorszag","status":"publish","type":"post","link":"https:\/\/meonline.hu\/en\/magyar-epitomuveszet-hirek\/joseph-haydn-es-magyarorszag\/","title":{"rendered":"Joseph Haydn \u00e9s Magyarorsz\u00e1g"},"content":{"rendered":"<p><strong>Ki\u00e1ll\u00edt\u00e1s a Zenet\u00f6rt\u00e9neti M\u00fazeumban, 2009. m\u00e1jus 26. \u2013 2010. m\u00e1rcius 31.<\/strong><\/p>\n<p><img loading=\"lazy\" src=\"http:\/\/meonline.hu\/wp-content\/uploads\/2014\/11\/haydn.jpg\" alt=\"haydn\" width=\"600\" height=\"450\" class=\"alignnone size-full wp-image-12207\" srcset=\"https:\/\/meonline.hu\/wp-content\/uploads\/2014\/11\/haydn.jpg 600w, https:\/\/meonline.hu\/wp-content\/uploads\/2014\/11\/haydn-200x150.jpg 200w, https:\/\/meonline.hu\/wp-content\/uploads\/2014\/11\/haydn-300x225.jpg 300w\" sizes=\"(max-width: 600px) 100vw, 600px\" \/><\/p>\n<p>Az MTA Zenetudom\u00e1nyi Int\u00e9zet Zenet\u00f6rt\u00e9neti M\u00fazeuma \u00e9s az Orsz\u00e1gos Sz\u00e9ch\u00e9nyi K\u00f6nyvt\u00e1r Zenem\u0171t\u00e1ra Joseph Haydn \u00e9s Magyarorsz\u00e1g c\u00edmmel eml\u00e9kki\u00e1ll\u00edt\u00e1st rendezett a zeneszerz\u0151 hal\u00e1l\u00e1nak 200. \u00e9vfordul\u00f3ja tisztelet\u00e9re.<br \/>\nTalli\u00e1n Tibor, az MTA Zenetudom\u00e1nyi int\u00e9zet\u00e9nek igazgat\u00f3ja a megnyit\u00f3 alkalm\u00e1val a 200. \u00e9vfordul\u00f3t ink\u00e1bb a halhatatlans\u00e1g \u00fcnnepl\u00e9s\u00e9nek aj\u00e1nlotta, s ezt a szellemis\u00e9get sug\u00e1rozza maga a ki\u00e1ll\u00edt\u00e1s is. A hangz\u00f3 vil\u00e1g, a zenei anyag k\u00f6nnyen elillan az \u00f6r\u00f6kk\u00e9val\u00f3s\u00e1g t\u00e1vlat\u00e1ban, ha nem tal\u00e1lkozik kor\u00e1nak \u00e9s kort\u00e1rsainak \u00e9p\u00edtett \u00e9s t\u00e1rgyi, kollegi\u00e1lis \u00e9s mec\u00e9n\u00e1si kapcsolatrendszer\u00e9vel. Haydn Eszterh\u00e1z\u00e1n t\u00f6lt\u00f6tt \u00e9vtizedei, a Pompakedvel\u0151 Mikl\u00f3s hercegn\u00e9l teljes\u00edtett zenei \u201eszolg\u00e1lata\u201d oly m\u00f3don \u00e9p\u00fclt be a magyar kult\u00fart\u00f6rt\u00e9net f\u0151\u00e1ram\u00e1ba, hogy az m\u00e1ig hat\u00f3 fejl\u0151d\u00e9st eredm\u00e9nyezett. Hat\u00e1s\u00e1t nem csup\u00e1n a zenet\u00f6rt\u00e9net, de a sz\u00ednh\u00e1z, az \u00e9p\u00edt\u00e9szet, a t\u00e1rgykult\u00fara, a hangszer\u00e1llom\u00e1ny gyarapod\u00e1sa, s egy\u00e1ltal\u00e1n, az eur\u00f3pai m\u0171vel\u0151d\u00e9s v\u00e9rkering\u00e9s\u00e9be val\u00f3 akt\u00edv bekapcsol\u00f3d\u00e1s ter\u00fclet\u00e9n is megfigyelhetj\u00fck.<br \/>\nA hat tematikus egys\u00e9gre osztott ki\u00e1ll\u00edt\u00e1s az egyh\u00e1zi zene, az opera, a hangszeres zene, a kort\u00e1rsak, a n\u00e9pek \u00e9s a szem\u00e9lyes karrier eml\u00e9keit mutatja be sz\u00ednes v\u00e1ltozatoss\u00e1gban, koncepcion\u00e1lisan \u00e9s vizu\u00e1lisan m\u00e9gis egys\u00e9ges szerkezetben. A t\u00e1rlat nem csup\u00e1n zenei vonatkoz\u00e1s\u00fa dokumentumokat \u2013 kottak\u00e9ziratokat, els\u0151 kiad\u00e1s\u00fa kott\u00e1kat, sz\u00f6vegk\u00f6nyveket, sz\u00ednlapokat, jelmezterveket, leveleket, hangszereket \u2013 mutat be a k\u00f6z\u00f6ns\u00e9gnek, hanem mag\u00e1t a kort, Haydn munk\u00e1ss\u00e1g\u00e1nak kult\u00fart\u00f6rt\u00e9neti kontextus\u00e1t. A zenei t\u00e9mak\u00f6r\u00f6ket a kor jeles esem\u00e9nyeire utal\u00f3, valamint a korabeli mindennapok hangulat\u00e1t id\u00e9z\u0151 t\u00f6bb sz\u00e1z t\u00e1rgy, m\u0171v\u00e9szeti, ipar\u00acm\u0171v\u00e9szeti \u00e9s n\u00e9pm\u0171v\u00e9szeti alkot\u00e1s (festm\u00e9ny, grafika, t\u00e9rk\u00e9p, b\u00fator, fegyver, ruha, d\u00edszt\u00e1rgy) eg\u00e9sz\u00edti ki mintegy 14 k\u00f6lcs\u00f6nz\u0151 int\u00e9zm\u00e9ny t\u00f6bb mint harminc gy\u0171jtem\u00e9ny\u00e9nek anyag\u00e1b\u00f3l.<br \/>\nA \u201eHaydn-\u00e9v\u201d rendezv\u00e9nyek sor\u00e1ban a ki\u00e1ll\u00edt\u00e1s k\u00fcl\u00f6nleges figyelmet \u00e9rdemel, mert ez az egyetlen, kifejezetten a zeneszerz\u0151 szem\u00e9ly\u00e9re \u00e9s munk\u00e1ss\u00e1g\u00e1ra kon\u00accent\u00acr\u00e1\u00acl\u00f3 t\u00e1rlat Magyarorsz\u00e1gon. Egyik f\u0151 c\u00e9lja, hogy ne csak a szak\u00e9rt\u0151k sz\u0171k r\u00e9teg\u00e9nek, hanem a zenekedvel\u0151 nagyk\u00f6z\u00f6ns\u00e9gnek is sz\u00f3ljon, ez\u00e9rt a m\u00fazeum koncertsorozatot ind\u00edt, valamint hangversenyekkel egybek\u00f6t\u00f6tt m\u00fazeumpedag\u00f3giai programokat szervez a di\u00e1kok sz\u00e1m\u00e1ra.<br \/>\nA Zenet\u00f6rt\u00e9neti M\u00fazeum \u00f6sszesen 450 m\u00b2 alapter\u00fclet\u0171 termeinek fel\u00faj\u00edt\u00e1sa ebb\u0151l a jeles alkalomb\u00f3l fejez\u0151d\u00f6tt be, \u00edgy ism\u00e9t l\u00e1togathat\u00f3 a T\u00e1ncsics utcai Erd\u0151dy-palota teljes f\u00f6ldszinti ki\u00e1ll\u00edt\u00f3tere. A korszer\u0171 \u00e9p\u00fcletg\u00e9p\u00e9szeti \u00e9s vil\u00e1g\u00edt\u00e1stechnikai megold\u00e1sok marad\u00e9ktalanul \u00e9lvezhet\u0151v\u00e9 teszik mind a k\u00e9ziratok, kott\u00e1k, mind a hangszerek \u00e9s egy\u00e9b t\u00e1rgyi eml\u00e9kek tanulm\u00e1nyoz\u00e1s\u00e1t.<\/p>\n<p>H. \u00c1.<\/p>\n","protected":false},"excerpt":{"rendered":"<p>Ki\u00e1ll\u00edt\u00e1s a Zenet\u00f6rt\u00e9neti M\u00fazeumban, 2009. m\u00e1jus 26. \u2013 2010. m\u00e1rcius 31. Az MTA Zenetudom\u00e1nyi Int\u00e9zet Zenet\u00f6rt\u00e9neti M\u00fazeuma \u00e9s az Orsz\u00e1gos Sz\u00e9ch\u00e9nyi K\u00f6nyvt\u00e1r Zenem\u0171t\u00e1ra Joseph Haydn \u00e9s Magyarorsz\u00e1g c\u00edmmel eml\u00e9kki\u00e1ll\u00edt\u00e1st rendezett a zeneszerz\u0151 hal\u00e1l\u00e1nak 200. \u00e9vfordul\u00f3ja tisztelet\u00e9re. Talli\u00e1n Tibor, az MTA Zenetudom\u00e1nyi int\u00e9zet\u00e9nek igazgat\u00f3ja a megnyit\u00f3 alkalm\u00e1val a 200. \u00e9vfordul\u00f3t ink\u00e1bb a halhatatlans\u00e1g \u00fcnnepl\u00e9s\u00e9nek aj\u00e1nlotta, s [&hellip;]<\/p>\n","protected":false},"author":1,"featured_media":12207,"comment_status":"closed","ping_status":"closed","sticky":false,"template":"","format":"standard","meta":{"ngg_post_thumbnail":0},"categories":[401,7,3,17,20],"tags":[],"_links":{"self":[{"href":"https:\/\/meonline.hu\/en\/wp-json\/wp\/v2\/posts\/12206"}],"collection":[{"href":"https:\/\/meonline.hu\/en\/wp-json\/wp\/v2\/posts"}],"about":[{"href":"https:\/\/meonline.hu\/en\/wp-json\/wp\/v2\/types\/post"}],"author":[{"embeddable":true,"href":"https:\/\/meonline.hu\/en\/wp-json\/wp\/v2\/users\/1"}],"replies":[{"embeddable":true,"href":"https:\/\/meonline.hu\/en\/wp-json\/wp\/v2\/comments?post=12206"}],"version-history":[{"count":2,"href":"https:\/\/meonline.hu\/en\/wp-json\/wp\/v2\/posts\/12206\/revisions"}],"predecessor-version":[{"id":44041,"href":"https:\/\/meonline.hu\/en\/wp-json\/wp\/v2\/posts\/12206\/revisions\/44041"}],"wp:featuredmedia":[{"embeddable":true,"href":"https:\/\/meonline.hu\/en\/wp-json\/wp\/v2\/media\/12207"}],"wp:attachment":[{"href":"https:\/\/meonline.hu\/en\/wp-json\/wp\/v2\/media?parent=12206"}],"wp:term":[{"taxonomy":"category","embeddable":true,"href":"https:\/\/meonline.hu\/en\/wp-json\/wp\/v2\/categories?post=12206"},{"taxonomy":"post_tag","embeddable":true,"href":"https:\/\/meonline.hu\/en\/wp-json\/wp\/v2\/tags?post=12206"}],"curies":[{"name":"wp","href":"https:\/\/api.w.org\/{rel}","templated":true}]}}