{"id":12209,"date":"2009-04-19T14:45:51","date_gmt":"2009-04-19T12:45:51","guid":{"rendered":"http:\/\/meonline.hu\/?p=12209"},"modified":"2021-12-30T21:09:27","modified_gmt":"2021-12-30T20:09:27","slug":"lapatvegen-budapesti-evezos-elet-regen-es-ma","status":"publish","type":"post","link":"https:\/\/meonline.hu\/en\/magyar-epitomuveszet-hirek\/lapatvegen-budapesti-evezos-elet-regen-es-ma\/","title":{"rendered":"Lap\u00e1tv\u00e9gen \u2013 Budapesti evez\u0151s \u00e9let r\u00e9gen \u00e9s ma"},"content":{"rendered":"<p><strong>Budapesti V\u00e1rosv\u00e9d\u0151 Egyes\u00fclet, 2009. m\u00e1jus 5. \u2013 j\u00fanius 5.<\/strong><\/p>\n<p><img loading=\"lazy\" src=\"http:\/\/meonline.hu\/wp-content\/uploads\/2014\/11\/evezos1.jpg\" alt=\"evezos1\" width=\"600\" height=\"364\" class=\"alignnone size-full wp-image-12210\" srcset=\"https:\/\/meonline.hu\/wp-content\/uploads\/2014\/11\/evezos1.jpg 600w, https:\/\/meonline.hu\/wp-content\/uploads\/2014\/11\/evezos1-247x150.jpg 247w, https:\/\/meonline.hu\/wp-content\/uploads\/2014\/11\/evezos1-300x182.jpg 300w\" sizes=\"(max-width: 600px) 100vw, 600px\" \/><\/p>\n<p>Az Urbit\u00e1lis t\u00e9m\u00e1j\u00e1hoz illeszkedve a Budapesti V\u00e1rosv\u00e9d\u0151 Egyes\u00fclet ki\u00e1ll\u00edt\u00e1st rendezett, mellyel a dunai evez\u0151s \u00e9let m\u00faltj\u00e1nak \u00e1ll\u00edtott eml\u00e9ket \u2013 \u00e9s jelen\u00e9nek, de k\u00fcl\u00f6n\u00f6sk\u00e9ppen a j\u00f6v\u0151j\u00e9nek felki\u00e1lt\u00f3jelet. Amikor a ki\u00e1ll\u00edt\u00e1s \u00f6tlete megsz\u00fcletett, m\u00e9g nem lehetett tudni, hogy \u00e1prilis v\u00e9g\u00e9n \u00e1ruba bocs\u00e1tj\u00e1k azt a Sportl\u00e9tes\u00edtm\u00e9nyek Zrt.-t, amelyiknek az utols\u00f3 \u00f6t cs\u00f3nakh\u00e1z a tulajdon\u00e1ban van.<br \/>\nA hajdan h\u00edres budapesti evez\u0151s \u00e9let, a R\u00f3mai part k\u00f6zel k\u00e9tsz\u00e1z j\u00f3l m\u0171k\u00f6d\u0151 cs\u00f3nakh\u00e1za m\u00e1r csak nosztalgikus eml\u00e9k, b\u00e1r a ki\u00e1ll\u00edt\u00e1son bemutatott anyag m\u00e9g a k\u00f6zelm\u00faltb\u00f3l is sz\u00e1mos evez\u0151s felvonul\u00e1st, vil\u00e1gbajnoki magyar \u00e9rmet, m\u0171k\u00f6d\u0151 t\u00faracsapatot mutat be. M\u00e9gis, aki ma a budapesti Duna-szakaszon evezni szeretne, alig n\u00e9h\u00e1ny cs\u00f3nakh\u00e1zat tal\u00e1l, a r\u00e9giek h\u0171lt hely\u00e9n ellenben, \u00fcd\u00fcl\u0151\u00f6vezetnek min\u0151s\u00edtett telkeken \u2013 ahol az \u00e9p\u00edt\u00e9si szab\u00e1lyzat sokf\u00e9le funkci\u00f3j\u00fa \u00e9p\u00edtm\u00e9nyt enged\u00e9lyez, kiv\u00e9ve lak\u00f3\u00e9p\u00fcletet \u2013 tereb\u00e9lyesed\u0151 lak\u00f3parkok n\u0151ttek ki az \u00e1rt\u00e9rb\u0151l, t\u00f6bbs\u00e9g\u00fck az utols\u00f3 5-6 \u00e9vben.<br \/>\nA mai helyzethez k\u00e9pest elk\u00e9pzelhetetlen\u00fcl gazdag t\u00f6rt\u00e9neti, kultur\u00e1lis \u00e9s sportt\u00f6rt\u00e9neti momentumot id\u00e9z meg a ki\u00e1ll\u00edt\u00e1s kur\u00e1tora, Kisfaludi J\u00falia. A tabl\u00f3k, korabeli fotogr\u00e1fi\u00e1k sz\u00e9p hagyom\u00e1nyokr\u00f3l besz\u00e9lnek: Sz\u00e9chenyir\u0151l, aki nem csak a l\u00f3versenyt, de az evez\u00e9st is fontos \u00e1llom\u00e1snak tartotta a polg\u00e1ri kult\u00fara meghonos\u00edt\u00e1s\u00e1ban \u2013 \u0151 alap\u00edtotta a Nemzeti Haj\u00f3s Egyletet. \u00c9s a L\u00e1nchidat \u00e9p\u00edt\u0151 angol, olasz \u00e9s magyar \u00e9p\u00edt\u0151kr\u0151l, akik 1843-ban az els\u0151 dunai evez\u0151s versenyt rendezt\u00e9k; polg\u00e1ri kaszin\u00f3k margitszigeti cs\u00f3nakh\u00e1zair\u00f3l, Bauhaus-st\u00edlusban \u00e9p\u00fclt evez\u0151s klubokr\u00f3l, Schulek Frigyes evez\u0151s di\u00e1kcsapat\u00e1r\u00f3l \u00e9s a lehorzsolt fenek\u0171, barn\u00e1ra s\u00fclt l\u00e1nyokr\u00f3l, akik ma nagymamak\u00e9nt is h\u00fazz\u00e1k a lap\u00e1tot, ha idej\u00fck engedi.<br \/>\nBudapest egy-egy v\u00edzi felvonul\u00e1s\u00e1t negyvenezres k\u00f6z\u00f6ns\u00e9g b\u00e1multa. A t\u00far\u00e1k, par\u00e1d\u00e9k, az 1933-ban itt rendezett Eur\u00f3pa-bajnoks\u00e1gt\u00f3l a 2000-es \u00e9vek magyar vil\u00e1gsikereiig az evez\u0151s kult\u00fara sok dics\u0151 fejezet\u00e9t id\u00e9zi a t\u00e1rlat. \u00c9s ki\u00e1ll a ma elt\u0171n\u0151 sz\u00e9ps\u00e9ges cs\u00f3nakh\u00e1zak\u00e9rt is, a m\u0171eml\u00e9kk\u00e9 nyilv\u00e1n\u00edtott, majd ki tudja, hov\u00e1 elsz\u00e1ll\u00edtott-elpuszt\u00edtott \u00e9rt\u00e9kek\u00e9rt. \u00c9s az\u00e9rt a n\u00e9h\u00e1ny utols\u00f3 mohik\u00e1n\u00e9rt Csepelen, Soroks\u00e1ron \u00e9s a R\u00f3main, amelyek\u00e9rt ez a ki\u00e1ll\u00edt\u00e1s mint v\u00e9szharang sz\u00f3l.<\/p>\n<p>G. E.<\/p>\n<p><img loading=\"lazy\" src=\"http:\/\/meonline.hu\/wp-content\/uploads\/2014\/11\/evezos2.jpg\" alt=\"evezos2\" width=\"600\" height=\"444\" class=\"alignnone size-full wp-image-12211\" srcset=\"https:\/\/meonline.hu\/wp-content\/uploads\/2014\/11\/evezos2.jpg 600w, https:\/\/meonline.hu\/wp-content\/uploads\/2014\/11\/evezos2-202x150.jpg 202w, https:\/\/meonline.hu\/wp-content\/uploads\/2014\/11\/evezos2-300x222.jpg 300w\" sizes=\"(max-width: 600px) 100vw, 600px\" \/><\/p>\n","protected":false},"excerpt":{"rendered":"<p>Budapesti V\u00e1rosv\u00e9d\u0151 Egyes\u00fclet, 2009. m\u00e1jus 5. \u2013 j\u00fanius 5. Az Urbit\u00e1lis t\u00e9m\u00e1j\u00e1hoz illeszkedve a Budapesti V\u00e1rosv\u00e9d\u0151 Egyes\u00fclet ki\u00e1ll\u00edt\u00e1st rendezett, mellyel a dunai evez\u0151s \u00e9let m\u00faltj\u00e1nak \u00e1ll\u00edtott eml\u00e9ket \u2013 \u00e9s jelen\u00e9nek, de k\u00fcl\u00f6n\u00f6sk\u00e9ppen a j\u00f6v\u0151j\u00e9nek felki\u00e1lt\u00f3jelet. Amikor a ki\u00e1ll\u00edt\u00e1s \u00f6tlete megsz\u00fcletett, m\u00e9g nem lehetett tudni, hogy \u00e1prilis v\u00e9g\u00e9n \u00e1ruba bocs\u00e1tj\u00e1k azt a Sportl\u00e9tes\u00edtm\u00e9nyek Zrt.-t, amelyiknek az [&hellip;]<\/p>\n","protected":false},"author":1,"featured_media":12210,"comment_status":"closed","ping_status":"closed","sticky":false,"template":"","format":"standard","meta":{"ngg_post_thumbnail":0},"categories":[401,7,3,17,20],"tags":[],"_links":{"self":[{"href":"https:\/\/meonline.hu\/en\/wp-json\/wp\/v2\/posts\/12209"}],"collection":[{"href":"https:\/\/meonline.hu\/en\/wp-json\/wp\/v2\/posts"}],"about":[{"href":"https:\/\/meonline.hu\/en\/wp-json\/wp\/v2\/types\/post"}],"author":[{"embeddable":true,"href":"https:\/\/meonline.hu\/en\/wp-json\/wp\/v2\/users\/1"}],"replies":[{"embeddable":true,"href":"https:\/\/meonline.hu\/en\/wp-json\/wp\/v2\/comments?post=12209"}],"version-history":[{"count":2,"href":"https:\/\/meonline.hu\/en\/wp-json\/wp\/v2\/posts\/12209\/revisions"}],"predecessor-version":[{"id":44042,"href":"https:\/\/meonline.hu\/en\/wp-json\/wp\/v2\/posts\/12209\/revisions\/44042"}],"wp:featuredmedia":[{"embeddable":true,"href":"https:\/\/meonline.hu\/en\/wp-json\/wp\/v2\/media\/12210"}],"wp:attachment":[{"href":"https:\/\/meonline.hu\/en\/wp-json\/wp\/v2\/media?parent=12209"}],"wp:term":[{"taxonomy":"category","embeddable":true,"href":"https:\/\/meonline.hu\/en\/wp-json\/wp\/v2\/categories?post=12209"},{"taxonomy":"post_tag","embeddable":true,"href":"https:\/\/meonline.hu\/en\/wp-json\/wp\/v2\/tags?post=12209"}],"curies":[{"name":"wp","href":"https:\/\/api.w.org\/{rel}","templated":true}]}}