{"id":12956,"date":"2009-01-22T12:58:02","date_gmt":"2009-01-22T11:58:02","guid":{"rendered":"http:\/\/meonline.hu\/?p=12956"},"modified":"2021-12-30T20:42:26","modified_gmt":"2021-12-30T19:42:26","slug":"sarkvideki-hiszteria","status":"publish","type":"post","link":"https:\/\/meonline.hu\/en\/magyar-epitomuveszet-hirek\/sarkvideki-hiszteria\/","title":{"rendered":"Sarkvid\u00e9ki hiszt\u00e9ria"},"content":{"rendered":"<p><strong>Kort\u00e1rs finn m\u0171v\u00e9szet<br \/>\nLudwig M\u00fazeum, 2009. febru\u00e1r 6. \u2013 \u00e1prilis 12.<\/strong><\/p>\n<div id=\"attachment_12957\" style=\"width: 610px\" class=\"wp-caption alignnone\"><img aria-describedby=\"caption-attachment-12957\" loading=\"lazy\" src=\"http:\/\/meonline.hu\/wp-content\/uploads\/2015\/01\/sarkvideki.jpg\" alt=\"Ilkka Halso: A Kitka foly\u00f3, 2004\" width=\"600\" height=\"365\" class=\"size-full wp-image-12957\" srcset=\"https:\/\/meonline.hu\/wp-content\/uploads\/2015\/01\/sarkvideki.jpg 600w, https:\/\/meonline.hu\/wp-content\/uploads\/2015\/01\/sarkvideki-246x150.jpg 246w, https:\/\/meonline.hu\/wp-content\/uploads\/2015\/01\/sarkvideki-300x182.jpg 300w\" sizes=\"(max-width: 600px) 100vw, 600px\" \/><p id=\"caption-attachment-12957\" class=\"wp-caption-text\">Ilkka Halso: A Kitka foly\u00f3, 2004<\/p><\/div>\n<p>A ki\u00e1ll\u00edt\u00e1s c\u00edme Marko Tapio finn \u00edr\u00f3 fogalm\u00e1b\u00f3l sz\u00e1rmazik, aki a jelens\u00e9get meghat\u00e1rozhatatlannak \u00edrja le, l\u00e9nyege a finn ember zord id\u0151j\u00e1r\u00e1sra adott, sz\u00e9ls\u0151s\u00e9ges viselked\u00e9sm\u00f3dban megnyilv\u00e1nul\u00f3 v\u00e1lasza.<br \/>\nA ki\u00e1ll\u00edt\u00e1s a finn n\u00e9pr\u0151l alkotott sztereot\u00edpi\u00e1kb\u00f3l \u2013 pl. sz\u0171kszav\u00faak, intovert\u00e1ltak, kicsit naivak, de bar\u00e1ts\u00e1gosak, \u0151szint\u00e9k, szeretik a term\u00e9szetet, a k\u00edv\u00fcl\u00e1ll\u00f3 sz\u00e1m\u00e1ra rendk\u00edv\u00fcl furcs\u00e1nak hat\u00f3 szok\u00e1sokkal rendelkeznek \u2013 indul ki; Alanna Heiss \u00e9s Marketta Sepp\u00e4l\u00e4, a ki\u00e1ll\u00edt\u00e1s kur\u00e1torai b\u00e1tran haszn\u00e1lt\u00e1k ezeket a k\u00f6zhelyeket.<br \/>\nNemzeti \u00f6nazonoss\u00e1g \u2013 globaliz\u00e1ci\u00f3; intovert\u00e1lts\u00e1g \u2013 fesz\u00fclts\u00e9gold\u00e1s, k\u00edm\u00e9letlen \u0151szintes\u00e9g; melank\u00f3lia \u2013 \u00f6nir\u00f3nia; csendes szeml\u00e9l\u0151d\u00e9s \u2013 vad indulat (pl. ord\u00edt\u00e1s); term\u00e9szetszeretet\u2013fejlett technol\u00f3gia, term\u00e9szetk\u00f6zels\u00e9g \u2013 \u00e9rz\u00e9keny reakci\u00f3 a v\u00e1rhat\u00f3an bek\u00f6vetkez\u0151 k\u00f6rnyezeti katasztr\u00f3f\u00e1kra, a kegyetlen val\u00f3s\u00e1ggal val\u00f3 szemben\u00e9z\u00e9s\u2013\u00e1lomvil\u00e1gba val\u00f3 menek\u00fcl\u00e9s, tudom\u00e1nyoss\u00e1g\u2013irracion\u00e1lis jelens\u00e9gek, abszurdit\u00e1s: ilyen fogalomp\u00e1rok\/ellent\u00e9tek dialektik\u00e1ja jelenik meg a ki\u00e1ll\u00edtott m\u0171veken. Ilkka Halso fot\u00f3i \u00e9rz\u00e9keltetik tal\u00e1n legjobban a term\u00e9szetre val\u00f3 fog\u00e9konys\u00e1g \u00e9s a fenyeget\u0151 j\u00f6v\u0151 l\u00e1tom\u00e1s\u00e1nak kett\u0151ss\u00e9g\u00e9t. A t\u00f6bb gener\u00e1ci\u00f3t k\u00e9pvisel\u0151 16 ki\u00e1ll\u00edt\u00f3 m\u0171v\u00e9sz sz\u00e1mos m\u00e9diumban \u2013 rajz, plasztika, fot\u00f3, film, vide\u00f3- \u00e9s hanginstall\u00e1ci\u00f3 stb. \u2013 alkotott m\u0171ve l\u00e1that\u00f3-hallhat\u00f3 a New York-i MoMA ut\u00e1n Budapesten.<\/p>\n<p>B. \u00c1.<\/p>\n","protected":false},"excerpt":{"rendered":"<p>Kort\u00e1rs finn m\u0171v\u00e9szet Ludwig M\u00fazeum, 2009. febru\u00e1r 6. \u2013 \u00e1prilis 12. A ki\u00e1ll\u00edt\u00e1s c\u00edme Marko Tapio finn \u00edr\u00f3 fogalm\u00e1b\u00f3l sz\u00e1rmazik, aki a jelens\u00e9get meghat\u00e1rozhatatlannak \u00edrja le, l\u00e9nyege a finn ember zord id\u0151j\u00e1r\u00e1sra adott, sz\u00e9ls\u0151s\u00e9ges viselked\u00e9sm\u00f3dban megnyilv\u00e1nul\u00f3 v\u00e1lasza. A ki\u00e1ll\u00edt\u00e1s a finn n\u00e9pr\u0151l alkotott sztereot\u00edpi\u00e1kb\u00f3l \u2013 pl. sz\u0171kszav\u00faak, intovert\u00e1ltak, kicsit naivak, de bar\u00e1ts\u00e1gosak, \u0151szint\u00e9k, szeretik a [&hellip;]<\/p>\n","protected":false},"author":1,"featured_media":12957,"comment_status":"closed","ping_status":"closed","sticky":false,"template":"","format":"standard","meta":{"ngg_post_thumbnail":0},"categories":[7,3,17,87],"tags":[],"_links":{"self":[{"href":"https:\/\/meonline.hu\/en\/wp-json\/wp\/v2\/posts\/12956"}],"collection":[{"href":"https:\/\/meonline.hu\/en\/wp-json\/wp\/v2\/posts"}],"about":[{"href":"https:\/\/meonline.hu\/en\/wp-json\/wp\/v2\/types\/post"}],"author":[{"embeddable":true,"href":"https:\/\/meonline.hu\/en\/wp-json\/wp\/v2\/users\/1"}],"replies":[{"embeddable":true,"href":"https:\/\/meonline.hu\/en\/wp-json\/wp\/v2\/comments?post=12956"}],"version-history":[{"count":2,"href":"https:\/\/meonline.hu\/en\/wp-json\/wp\/v2\/posts\/12956\/revisions"}],"predecessor-version":[{"id":40387,"href":"https:\/\/meonline.hu\/en\/wp-json\/wp\/v2\/posts\/12956\/revisions\/40387"}],"wp:featuredmedia":[{"embeddable":true,"href":"https:\/\/meonline.hu\/en\/wp-json\/wp\/v2\/media\/12957"}],"wp:attachment":[{"href":"https:\/\/meonline.hu\/en\/wp-json\/wp\/v2\/media?parent=12956"}],"wp:term":[{"taxonomy":"category","embeddable":true,"href":"https:\/\/meonline.hu\/en\/wp-json\/wp\/v2\/categories?post=12956"},{"taxonomy":"post_tag","embeddable":true,"href":"https:\/\/meonline.hu\/en\/wp-json\/wp\/v2\/tags?post=12956"}],"curies":[{"name":"wp","href":"https:\/\/api.w.org\/{rel}","templated":true}]}}