{"id":1375,"date":"2010-04-04T15:59:19","date_gmt":"2010-04-04T13:59:19","guid":{"rendered":"http:\/\/meonline.hu\/?p=1375"},"modified":"2022-01-16T21:27:10","modified_gmt":"2022-01-16T20:27:10","slug":"keparchitektura-kepobject","status":"publish","type":"post","link":"https:\/\/meonline.hu\/en\/magyar-epitomuveszet-hirek\/keparchitektura-kepobject\/","title":{"rendered":"K\u00e9parchitekt\u00fara \u2013 k\u00e9pobject"},"content":{"rendered":"<p><strong>Epiz\u00f3dok a radik\u00e1lis fest\u00e9szet t\u00f6rt\u00e9net\u00e9b\u0151l 1920-2010<\/strong><\/p>\n<p><strong>Kass\u00e1k M\u00fazeum, 2010. febru\u00e1r 11 \u2013 2010. m\u00e1jus 30.<\/strong><\/p>\n<div id=\"attachment_1376\" style=\"width: 610px\" class=\"wp-caption aligncenter\"><a href=\"http:\/\/meonline.hu\/wp-content\/uploads\/2010\/04\/Kassak-Lajos-Dinamikus-konstrukcio-1922-1924.jpg\"><img aria-describedby=\"caption-attachment-1376\" loading=\"lazy\" class=\"size-full wp-image-1376\" title=\"Kassak Lajos Dinamikus konstrukcio 1922-1924\" src=\"http:\/\/meonline.hu\/wp-content\/uploads\/2010\/04\/Kassak-Lajos-Dinamikus-konstrukcio-1922-1924.jpg\" alt=\"\" width=\"600\" height=\"703\" srcset=\"https:\/\/meonline.hu\/wp-content\/uploads\/2010\/04\/Kassak-Lajos-Dinamikus-konstrukcio-1922-1924.jpg 600w, https:\/\/meonline.hu\/wp-content\/uploads\/2010\/04\/Kassak-Lajos-Dinamikus-konstrukcio-1922-1924-128x150.jpg 128w, https:\/\/meonline.hu\/wp-content\/uploads\/2010\/04\/Kassak-Lajos-Dinamikus-konstrukcio-1922-1924-256x300.jpg 256w\" sizes=\"(max-width: 600px) 100vw, 600px\" \/><\/a><p id=\"caption-attachment-1376\" class=\"wp-caption-text\">Kass\u00e1k Lajos: Dinamikus konstrukci\u00f3, 1922-1924<\/p><\/div>\n<p>&#8220;T\u00e1rgyn\u00e9lk\u00fcli vil\u00e1g&#8221; c\u00edm\u0171 k\u00f6nyv\u00e9ben Malevics mag\u00e1t\u00f3l \u00e9rtet\u0151d\u0151en haszn\u00e1lja a &#8220;k\u00e9ptest&#8221; kifejez\u00e9st a szellemi entit\u00e1sk\u00e9nt tekintett festm\u00e9ny fizikai adotts\u00e1gak\u00e9nt. Nem holt anyagr\u00f3l besz\u00e9l, hanem olyan min\u0151s\u00e9gr\u0151l, amely a k\u00e9p l\u00e9tez\u00e9s\u00e9nek megker\u00fclhetetlen velej\u00e1r\u00f3ja. A festett k\u00e9p &#8211; legyen ak\u00e1r form\u00e1kb\u00f3l szerkesztett architekt\u00fara, ak\u00e1r a sz\u00edn \u00f6nerej\u00e9re \u00e9p\u00edt\u0151 objektum &#8211; anyagszer\u0171s\u00e9ge a modern m\u0171v\u00e9szet egyik alapk\u00e9rd\u00e9se az\u00f3ta, hogy az \u00e1br\u00e1zol\u00e1ssal \u00e9s t\u00f6rt\u00e9netmes\u00e9l\u00e9ssel szak\u00edt\u00f3 radik\u00e1lis fest\u00e9szet k\u00fcl\u00f6nb\u00f6z\u0151 ir\u00e1nyai megjelentek.<br \/>\nA ki\u00e1ll\u00edt\u00e1son ennek az \u00e9vsz\u00e1zada kezd\u0151d\u00f6tt \u00e9s ma is zajl\u00f3 folyamatnak n\u00e9h\u00e1ny epiz\u00f3dj\u00e1t l\u00e1thatj\u00e1k az \u00e9rdekl\u0151d\u0151k az avantg\u00e1rd kezdetekt\u0151l napjainkig: a k\u00e9parchitekt\u00far\u00e1t\u00f3l az anyag- \u00e9s sz\u00ednfest\u00e9szetig.<\/p>\n","protected":false},"excerpt":{"rendered":"<p>&#8220;T\u00e1rgyn\u00e9lk\u00fcli vil\u00e1g&#8221; c\u00edm\u0171 k\u00f6nyv\u00e9ben Malevics mag\u00e1t\u00f3l \u00e9rtet\u0151d\u0151en haszn\u00e1lja a &#8220;k\u00e9ptest&#8221; kifejez\u00e9st a szellemi entit\u00e1sk\u00e9nt tekintett festm\u00e9ny fizikai adotts\u00e1gak\u00e9nt. Nem holt anyagr\u00f3l besz\u00e9l, hanem olyan min\u0151s\u00e9gr\u0151l, amely a k\u00e9p l\u00e9tez\u00e9s\u00e9nek megker\u00fclhetetlen velej\u00e1r\u00f3ja.<\/p>\n","protected":false},"author":1,"featured_media":1376,"comment_status":"closed","ping_status":"closed","sticky":false,"template":"","format":"standard","meta":{"ngg_post_thumbnail":0},"categories":[3,17],"tags":[],"_links":{"self":[{"href":"https:\/\/meonline.hu\/en\/wp-json\/wp\/v2\/posts\/1375"}],"collection":[{"href":"https:\/\/meonline.hu\/en\/wp-json\/wp\/v2\/posts"}],"about":[{"href":"https:\/\/meonline.hu\/en\/wp-json\/wp\/v2\/types\/post"}],"author":[{"embeddable":true,"href":"https:\/\/meonline.hu\/en\/wp-json\/wp\/v2\/users\/1"}],"replies":[{"embeddable":true,"href":"https:\/\/meonline.hu\/en\/wp-json\/wp\/v2\/comments?post=1375"}],"version-history":[{"count":5,"href":"https:\/\/meonline.hu\/en\/wp-json\/wp\/v2\/posts\/1375\/revisions"}],"predecessor-version":[{"id":44332,"href":"https:\/\/meonline.hu\/en\/wp-json\/wp\/v2\/posts\/1375\/revisions\/44332"}],"wp:featuredmedia":[{"embeddable":true,"href":"https:\/\/meonline.hu\/en\/wp-json\/wp\/v2\/media\/1376"}],"wp:attachment":[{"href":"https:\/\/meonline.hu\/en\/wp-json\/wp\/v2\/media?parent=1375"}],"wp:term":[{"taxonomy":"category","embeddable":true,"href":"https:\/\/meonline.hu\/en\/wp-json\/wp\/v2\/categories?post=1375"},{"taxonomy":"post_tag","embeddable":true,"href":"https:\/\/meonline.hu\/en\/wp-json\/wp\/v2\/tags?post=1375"}],"curies":[{"name":"wp","href":"https:\/\/api.w.org\/{rel}","templated":true}]}}