{"id":15964,"date":"2016-04-28T16:02:30","date_gmt":"2016-04-28T14:02:30","guid":{"rendered":"http:\/\/meonline.hu\/?p=15964"},"modified":"2016-04-28T16:02:30","modified_gmt":"2016-04-28T14:02:30","slug":"posztmodern-patyomkin","status":"publish","type":"post","link":"https:\/\/meonline.hu\/en\/archivum\/posztmodern-patyomkin\/","title":{"rendered":"Post-Modernist Potemkin"},"content":{"rendered":"<p><strong>Skopje 2014<\/strong><\/p>\n<p>Text:<strong> Rudolf Klein<\/strong><\/p>\n<p><img loading=\"lazy\" src=\"http:\/\/meonline.hu\/wp-content\/uploads\/2016\/04\/skopje1-600x436.jpg\" alt=\"skopje1\" width=\"600\" height=\"436\" class=\"alignnone size-large wp-image-15977\" srcset=\"https:\/\/meonline.hu\/wp-content\/uploads\/2016\/04\/skopje1.jpg 600w, https:\/\/meonline.hu\/wp-content\/uploads\/2016\/04\/skopje1-206x150.jpg 206w, https:\/\/meonline.hu\/wp-content\/uploads\/2016\/04\/skopje1-300x218.jpg 300w\" sizes=\"(max-width: 600px) 100vw, 600px\" \/><\/p>\n<p>The most recent architecture of Skopje may be associated with the \u201epsychologizing Post-Modernism\u201d, even if it seems to be very close to Social Realism or Kitsch. The past two or three years saw radical changes transforming the image of the inner city of the capital of Macedonia once again. However, whilst the previous reconstruction project of the city taking place after the earthquake in 1963 was managed by Kenzo Tange and other famous representatives of Modernism with the ambition to \u201eelevate\u201d the city with an Ottoman past to the level of late Modernism, now it is mainly no-name architects and their clients, the members of the political elite who are trying to create something unique. Their projects do not feature remarkable values of architecture and sculpture but are the results of the heated and hurried programme of creating a nation two centuries belatedly in the background applying visual-psychological technologies for this purpose. Numerous cultural and architectural phenomena are thus found here which are also typical all over the world these days. However, they have taken on extreme forms in Skopje. Post-Modernism is not only a result of the lack of good taste but also wishes to embody the presence of the \u201eparvenu,\u201d as well as a large-scale narrative, the \u201enational\u201d cultural paradigm of a nation just being born. This highly heterogeneous ethnic, religious, cultural medium has always had a certain kind of cohesion integrating it to some extent \u2013 mainly by empires and dictatorial regimes \u2013, and it seems as if people today were afraid of the lack of such cohesion in the \u201erelative democracy\u201d of the present. However, it is only time which shall tell whether or not this kind of architecture is able to grow its roots and actually be grounded in the long run.<\/p>\n<p><!-- default-view.php -->\n<div\n\tclass=\"ngg-galleryoverview default-view \"\n\tid=\"ngg-gallery-6a2a252c7415428780003a9e15cb14e8-1\">\n\n\t\t<!-- Thumbnails -->\n\t\t\t\t<div id=\"ngg-image-0\" class=\"ngg-gallery-thumbnail-box \" >\n\t\t\t\t        <div class=\"ngg-gallery-thumbnail\">\n            <a href=\"https:\/\/meonline.hu\/skopje-klein\/skopje1.jpg\"\n               title=\"Bigori Szent J\u00e1nos kolostor, 1020\"\n               data-src=\"https:\/\/meonline.hu\/skopje-klein\/skopje1.jpg\"\n               data-thumbnail=\"https:\/\/meonline.hu\/skopje-klein\/thumbs\/thumbs_skopje1.jpg\"\n               data-image-id=\"4620\"\n               data-title=\"Bigori Szent J\u00e1nos kolostor, 1020\"\n               data-description=\"Bigori Szent J\u00e1nos kolostor, 1020\"\n               data-image-slug=\"skopje1\"\n               class=\"ngg-simplelightbox\" rel=\"6a2a252c7415428780003a9e15cb14e8\">\n                <img\n                    title=\"Bigori Szent J\u00e1nos kolostor, 1020\"\n                    alt=\"Bigori Szent J\u00e1nos kolostor, 1020\"\n                    src=\"https:\/\/meonline.hu\/skopje-klein\/thumbs\/thumbs_skopje1.jpg\"\n                    width=\"100\"\n                    height=\"80\"\n                    style=\"max-width:100%;\"\n                \/>\n            <\/a>\n        <\/div>\n\t\t\t\t\t\t\t<\/div> \n\t\t\t\n\t\t\t\t<div id=\"ngg-image-1\" class=\"ngg-gallery-thumbnail-box \" >\n\t\t\t\t        <div class=\"ngg-gallery-thumbnail\">\n            <a href=\"https:\/\/meonline.hu\/skopje-klein\/skopje2.jpg\"\n               title=\"Kenzo Tange hossz\u00fa s\u00e1vh\u00e1za, 1963, a fot\u00f3 2000 t\u00e1j\u00e1n k\u00e9sz\u00fclt\"\n               data-src=\"https:\/\/meonline.hu\/skopje-klein\/skopje2.jpg\"\n               data-thumbnail=\"https:\/\/meonline.hu\/skopje-klein\/thumbs\/thumbs_skopje2.jpg\"\n               data-image-id=\"4621\"\n               data-title=\"Kenzo Tange hossz\u00fa s\u00e1vh\u00e1za, 1963, a fot\u00f3 2000 t\u00e1j\u00e1n k\u00e9sz\u00fclt\"\n               data-description=\"Kenzo Tange hossz\u00fa s\u00e1vh\u00e1za, 1963, a fot\u00f3 2000 t\u00e1j\u00e1n k\u00e9sz\u00fclt\"\n               data-image-slug=\"skopje2\"\n               class=\"ngg-simplelightbox\" rel=\"6a2a252c7415428780003a9e15cb14e8\">\n                <img\n                    title=\"Kenzo Tange hossz\u00fa s\u00e1vh\u00e1za, 1963, a fot\u00f3 2000 t\u00e1j\u00e1n k\u00e9sz\u00fclt\"\n                    alt=\"Kenzo Tange hossz\u00fa s\u00e1vh\u00e1za, 1963, a fot\u00f3 2000 t\u00e1j\u00e1n k\u00e9sz\u00fclt\"\n                    src=\"https:\/\/meonline.hu\/skopje-klein\/thumbs\/thumbs_skopje2.jpg\"\n                    width=\"100\"\n                    height=\"80\"\n                    style=\"max-width:100%;\"\n                \/>\n            <\/a>\n        <\/div>\n\t\t\t\t\t\t\t<\/div> \n\t\t\t\n\t\t\t\t<div id=\"ngg-image-2\" class=\"ngg-gallery-thumbnail-box \" >\n\t\t\t\t        <div class=\"ngg-gallery-thumbnail\">\n            <a href=\"https:\/\/meonline.hu\/skopje-klein\/skopje3.jpg\"\n               title=\"N\u0151k mint a term\u00e9kenys\u00e9g let\u00e9tem\u00e9nyesei\"\n               data-src=\"https:\/\/meonline.hu\/skopje-klein\/skopje3.jpg\"\n               data-thumbnail=\"https:\/\/meonline.hu\/skopje-klein\/thumbs\/thumbs_skopje3.jpg\"\n               data-image-id=\"4622\"\n               data-title=\"N\u0151k mint a term\u00e9kenys\u00e9g let\u00e9tem\u00e9nyesei\"\n               data-description=\"N\u0151k mint a term\u00e9kenys\u00e9g let\u00e9tem\u00e9nyesei\"\n               data-image-slug=\"skopje3\"\n               class=\"ngg-simplelightbox\" rel=\"6a2a252c7415428780003a9e15cb14e8\">\n                <img\n                    title=\"N\u0151k mint a term\u00e9kenys\u00e9g let\u00e9tem\u00e9nyesei\"\n                    alt=\"N\u0151k mint a term\u00e9kenys\u00e9g let\u00e9tem\u00e9nyesei\"\n                    src=\"https:\/\/meonline.hu\/skopje-klein\/thumbs\/thumbs_skopje3.jpg\"\n                    width=\"100\"\n                    height=\"80\"\n                    style=\"max-width:100%;\"\n                \/>\n            <\/a>\n        <\/div>\n\t\t\t\t\t\t\t<\/div> \n\t\t\t\n\t\t\t\t<div id=\"ngg-image-3\" class=\"ngg-gallery-thumbnail-box \" >\n\t\t\t\t        <div class=\"ngg-gallery-thumbnail\">\n            <a href=\"https:\/\/meonline.hu\/skopje-klein\/skopje4.jpg\"\n               title=\"Aranyozott Prom\u00e9theusz ut\u00f3lag als\u00f3nadr\u00e1ggal felruh\u00e1zva\"\n               data-src=\"https:\/\/meonline.hu\/skopje-klein\/skopje4.jpg\"\n               data-thumbnail=\"https:\/\/meonline.hu\/skopje-klein\/thumbs\/thumbs_skopje4.jpg\"\n               data-image-id=\"4623\"\n               data-title=\"Aranyozott Prom\u00e9theusz ut\u00f3lag als\u00f3nadr\u00e1ggal felruh\u00e1zva\"\n               data-description=\"Aranyozott Prom\u00e9theusz ut\u00f3lag als\u00f3nadr\u00e1ggal felruh\u00e1zva\"\n               data-image-slug=\"skopje4\"\n               class=\"ngg-simplelightbox\" rel=\"6a2a252c7415428780003a9e15cb14e8\">\n                <img\n                    title=\"Aranyozott Prom\u00e9theusz ut\u00f3lag als\u00f3nadr\u00e1ggal felruh\u00e1zva\"\n                    alt=\"Aranyozott Prom\u00e9theusz ut\u00f3lag als\u00f3nadr\u00e1ggal felruh\u00e1zva\"\n                    src=\"https:\/\/meonline.hu\/skopje-klein\/thumbs\/thumbs_skopje4.jpg\"\n                    width=\"100\"\n                    height=\"80\"\n                    style=\"max-width:100%;\"\n                \/>\n            <\/a>\n        <\/div>\n\t\t\t\t\t\t\t<\/div> \n\t\t\t\n\t\t\t\t<div id=\"ngg-image-4\" class=\"ngg-gallery-thumbnail-box \" >\n\t\t\t\t        <div class=\"ngg-gallery-thumbnail\">\n            <a href=\"https:\/\/meonline.hu\/skopje-klein\/skopje5.jpg\"\n               title=\"A pr\u00e1gai K\u00e1roly h\u00edd szentek \u00e9s t\u00f6rt\u00e9nelem n\u00e9lk\u00fcli v\u00e1ltozata\"\n               data-src=\"https:\/\/meonline.hu\/skopje-klein\/skopje5.jpg\"\n               data-thumbnail=\"https:\/\/meonline.hu\/skopje-klein\/thumbs\/thumbs_skopje5.jpg\"\n               data-image-id=\"4624\"\n               data-title=\"A pr\u00e1gai K\u00e1roly h\u00edd szentek \u00e9s t\u00f6rt\u00e9nelem n\u00e9lk\u00fcli v\u00e1ltozata\"\n               data-description=\"A pr\u00e1gai K\u00e1roly h\u00edd szentek \u00e9s t\u00f6rt\u00e9nelem n\u00e9lk\u00fcli v\u00e1ltozata\"\n               data-image-slug=\"skopje5\"\n               class=\"ngg-simplelightbox\" rel=\"6a2a252c7415428780003a9e15cb14e8\">\n                <img\n                    title=\"A pr\u00e1gai K\u00e1roly h\u00edd szentek \u00e9s t\u00f6rt\u00e9nelem n\u00e9lk\u00fcli v\u00e1ltozata\"\n                    alt=\"A pr\u00e1gai K\u00e1roly h\u00edd szentek \u00e9s t\u00f6rt\u00e9nelem n\u00e9lk\u00fcli v\u00e1ltozata\"\n                    src=\"https:\/\/meonline.hu\/skopje-klein\/thumbs\/thumbs_skopje5.jpg\"\n                    width=\"100\"\n                    height=\"80\"\n                    style=\"max-width:100%;\"\n                \/>\n            <\/a>\n        <\/div>\n\t\t\t\t\t\t\t<\/div> \n\t\t\t\n\t\n\t<br style=\"clear: both\" \/>\n\n\t\n\t\t<!-- Pagination -->\n\t<div class='ngg-clear'><\/div>\t<\/div>\n<\/p>","protected":false},"excerpt":{"rendered":"<p>Skopje 2014 Text: Rudolf Klein The most recent architecture of Skopje may be associated with the \u201epsychologizing Post-Modernism\u201d, even if it seems to be very close to Social Realism or Kitsch. The past two or three years saw radical changes transforming the image of the inner city of the capital of Macedonia once again. However, [&hellip;]<\/p>\n","protected":false},"author":1,"featured_media":15977,"comment_status":"closed","ping_status":"closed","sticky":false,"template":"","format":"standard","meta":{"ngg_post_thumbnail":0},"categories":[536,544,546,7,8,547],"tags":[],"_links":{"self":[{"href":"https:\/\/meonline.hu\/en\/wp-json\/wp\/v2\/posts\/15964"}],"collection":[{"href":"https:\/\/meonline.hu\/en\/wp-json\/wp\/v2\/posts"}],"about":[{"href":"https:\/\/meonline.hu\/en\/wp-json\/wp\/v2\/types\/post"}],"author":[{"embeddable":true,"href":"https:\/\/meonline.hu\/en\/wp-json\/wp\/v2\/users\/1"}],"replies":[{"embeddable":true,"href":"https:\/\/meonline.hu\/en\/wp-json\/wp\/v2\/comments?post=15964"}],"version-history":[{"count":1,"href":"https:\/\/meonline.hu\/en\/wp-json\/wp\/v2\/posts\/15964\/revisions"}],"predecessor-version":[{"id":15978,"href":"https:\/\/meonline.hu\/en\/wp-json\/wp\/v2\/posts\/15964\/revisions\/15978"}],"wp:featuredmedia":[{"embeddable":true,"href":"https:\/\/meonline.hu\/en\/wp-json\/wp\/v2\/media\/15977"}],"wp:attachment":[{"href":"https:\/\/meonline.hu\/en\/wp-json\/wp\/v2\/media?parent=15964"}],"wp:term":[{"taxonomy":"category","embeddable":true,"href":"https:\/\/meonline.hu\/en\/wp-json\/wp\/v2\/categories?post=15964"},{"taxonomy":"post_tag","embeddable":true,"href":"https:\/\/meonline.hu\/en\/wp-json\/wp\/v2\/tags?post=15964"}],"curies":[{"name":"wp","href":"https:\/\/api.w.org\/{rel}","templated":true}]}}