{"id":16672,"date":"2016-08-26T09:56:04","date_gmt":"2016-08-26T07:56:04","guid":{"rendered":"http:\/\/meonline.hu\/?p=16672"},"modified":"2016-09-11T10:34:57","modified_gmt":"2016-09-11T08:34:57","slug":"a-megujulas-jele","status":"publish","type":"post","link":"https:\/\/meonline.hu\/en\/archivum\/a-megujulas-jele\/","title":{"rendered":"A meg\u00fajul\u00e1s jele"},"content":{"rendered":"<p><strong>Inform\u00e1ci\u00f3s pavilon a budapesti K\u00e1lv\u00e1ria t\u00e9ren<\/strong><\/p>\n<p>\u00c9p\u00edt\u00e9sz: <strong>Tak\u00e1cs Viktor<\/strong><br \/>\nSz\u00f6veg: <strong>Okrutay Mikl\u00f3s<\/strong><br \/>\nFot\u00f3k:<strong> Hajd\u00fa J\u00f3zsef<\/strong><\/p>\n<p><img loading=\"lazy\" src=\"http:\/\/meonline.hu\/wp-content\/uploads\/2016\/08\/kalvaria1-600x400.jpg\" alt=\"kalvaria1\" width=\"600\" height=\"400\" class=\"alignnone size-large wp-image-16685\" srcset=\"https:\/\/meonline.hu\/wp-content\/uploads\/2016\/08\/kalvaria1.jpg 600w, https:\/\/meonline.hu\/wp-content\/uploads\/2016\/08\/kalvaria1-225x150.jpg 225w, https:\/\/meonline.hu\/wp-content\/uploads\/2016\/08\/kalvaria1-300x200.jpg 300w\" sizes=\"(max-width: 600px) 100vw, 600px\" \/><\/p>\n<p>Az \u00e9p\u00edt\u00e9szeti tervez\u00e9s sor\u00e1n a term\u00e9szeti, illetve az \u00e9p\u00edtett k\u00f6rnyezet hat\u00e1sai mellett a t\u00e1rsadalmi-szociol\u00f3giai \u00f6sszef\u00fcgg\u00e9sek is hasonl\u00f3an fontos form\u00e1l\u00f3 er\u0151vel b\u00edrnak. A leend\u0151 haszn\u00e1l\u00f3k ismerete n\u00e9lk\u00fcl\u00f6zhetetlen, nem csup\u00e1n a k\u00f6zvetlen ig\u00e9nyek szintj\u00e9n, hanem a v\u00e1rhat\u00f3 spont\u00e1n reakci\u00f3kra val\u00f3 felk\u00e9sz\u00fcl\u00e9s \u00e9rdek\u00e9ben is. A tervez\u0151i \u00e9rz\u00e9kenys\u00e9g egyik fokm\u00e9r\u0151je, hogy a terek, t\u00f6megek form\u00e1l\u00e1sakor, vagy ak\u00e1r a r\u00e9szletk\u00e9pz\u00e9sekben mindez hogyan van jelen.<br \/>\nA J\u00f3zsefv\u00e1ros Magdolna-negyed\u00e9ben j\u00e1rva a K\u00e1lv\u00e1ria t\u00e9r fel\u00faj\u00edt\u00e1sa kapcs\u00e1n alapvet\u0151en ker\u00fcl el\u0151 ez a k\u00e9rd\u00e9s. Maga a park, t\u00f6bb friss megold\u00e1sa r\u00e9v\u00e9n joggal r\u00e9szes\u00fclt k\u00f6zt\u00e9rmeg\u00faj\u00edt\u00e1sk\u00e9nt n\u00edv\u00f3d\u00edjban. A k\u00f6rny\u00e9k lak\u00f3i \u2013 t\u00e1rsadalmi \u00e9rtelemben a f\u0151v\u00e1ros tal\u00e1n legs\u00e9r\u00fcl\u00e9kenyebb, legink\u00e1bb kiszolg\u00e1ltatott k\u00f6z\u00f6ss\u00e9ge \u2013 mint befogad\u00f3, haszn\u00e1l\u00f3 k\u00f6z\u00f6ns\u00e9g kapcs\u00e1n azonban mintha alapvet\u0151en t\u00falreag\u00e1lt helyzetekkel szembes\u00fcln\u00e9nk. Egyfajta t\u00falzott \u00f3vatoss\u00e1g jele a tot\u00e1lis \u00e1tl\u00e1that\u00f3s\u00e1g biztos\u00edt\u00e1sa, ami miatt a v\u00e1rosi parkokat otthonoss\u00e1 tev\u0151 minden kert\u00e9p\u00edt\u00e9szeti eszk\u00f6zt be\u00e1ldoztak. Sem vir\u00e1g, sem cserj\u00e9k m\u00e1shol \u00fcd\u00e9n sz\u00ednes foltjai, csak az utak, az \u00e1ltaluk keretezett f\u00fcves ter\u00fcletek \u00e9s a f\u00e1k. Csinos padok, de sehol a parkot \u00e9lett\u00e9rnek \u00e9rz\u0151 k\u00f6z\u00f6ns\u00e9g. \u00c1rulkod\u00f3 az egy\u00e9bk\u00e9nt \u00f3vatosan fogalmaz\u00f3, a parkhaszn\u00e1lat szab\u00e1lyait le\u00edr\u00f3 t\u00e1bla sz\u00f6vege, ennek alapj\u00e1n itt sem az eb\u00e9dsz\u00fcnetben a f\u0171re heveredve piknikel\u0151 bar\u00e1ti t\u00e1rsas\u00e1got, sem bicajoz\u00f3 kissr\u00e1cokat nem fogunk l\u00e1tni. \u00cdgy maga a park mintegy r\u00f6gz\u00edti a v\u00e1rosr\u00e9sszel kapcsolatos negat\u00edv asszoci\u00e1ci\u00f3kat, \u00fczenete van az \u00fcress\u00e9gnek, a hi\u00e1nynak.<br \/>\nEzzel szemben a teret kett\u00e9szel\u0151 Baross utca t\u00faloldal\u00e1ra ker\u00fclt inform\u00e1ci\u00f3s pavilon eg\u00e9szen m\u00e1s megk\u00f6zel\u00edt\u00e9ssel \u00e9l. Jelenl\u00e9te k\u00f6nnyed gesztusokkal kifejezett, magabiztos \u00e1ll\u00edt\u00e1s. Igen, tal\u00e1n \u00e9ppen a k\u00f6nnyeds\u00e9g az, amivel k\u00e9pviselni tudja a gondolatot, hogy a v\u00e1rosnak ezt a negyed\u00e9t ugyanaz a min\u0151s\u00e9g illeti meg, mint b\u00e1rmely m\u00e1sikat. S\u0151t, \u00e9ppen a min\u0151s\u00e9gen kereszt\u00fcl k\u00e9pes hatni, tudat alatt form\u00e1lni hangulatot, \u00e9rz\u00e9seket. Meglehet, nagy sz\u00f3, de ak\u00e1r az identit\u00e1steremt\u00e9s szerep\u00e9ig is eljutva. Teret teremt maga k\u00f6r\u00fcl, \u00e9s b\u00e1r a k\u00f6zvetlen\u00fcl el\u0151tte l\u00e9v\u0151 buszmeg\u00e1ll\u00f3 ok\u00e1n a k\u00f6z\u00f6ns\u00e9g adott, de \u00e9rezhet\u0151, hogy ett\u0151l f\u00fcggetlen\u00fcl is v\u00e1lhat tal\u00e1lkoz\u00e1si pontt\u00e1. Ak\u00e1r mint a Moszkva t\u00e9ri \u00f3ra, itt is az es\u00e9lyek k\u00f6z\u00f6tt van egy hasonl\u00f3 tartalm\u00fa v\u00e1rosi hely l\u00e9trej\u00f6tte.<\/p>\n<p><a href=\"http:\/\/meonline.hu\/subscription\/\"><img src=\"http:\/\/meonline.hu\/wp-content\/uploads\/fulltext.png\" alt=\"\" \/><\/a><\/p>\n<p>\u00c9p\u00edt\u00e9szet: <strong>Anterra Zrt.<\/strong><br \/>\nVezet\u0151 tervez\u0151: <strong>Tak\u00e1cs Viktor<\/strong><br \/>\nTervez\u0151 munkat\u00e1rsak: <strong>Petka Szilvia, Dreiszker D\u00f3ra, P\u00e1l Andr\u00e1s, Buz\u00e1ssy Tam\u00e1s<\/strong><br \/>\nKert- \u00e9s t\u00e1j\u00e9p\u00edt\u00e9szet: <strong>Steffler Istv\u00e1n \u2013 Garten Studio<\/strong><br \/>\nG\u00e9p\u00e9szet: <strong>Szal\u00f3ky L\u00e1szl\u00f3 \u2013 Krist\u00e1ly Kl\u00edma Plusz Kft.<\/strong><br \/>\n\u00c9p\u00fcletvillamoss\u00e1g: <strong>Sas Gyula \u2013 AKVILA-S M\u00e9rn\u00f6ki-, \u00e9s Szolg\u00e1ltat\u00f3 Kft.<\/strong><br \/>\nStatika: <strong>Cs\u00e1kv\u00e1ri Zolt\u00e1n \u2013 Cs\u00e1kv\u00e1ri M\u00e9rn\u00f6ki Iroda Kft.<\/strong><\/p>\n<!-- default-view.php -->\n<div\n\tclass=\"ngg-galleryoverview default-view \"\n\tid=\"ngg-gallery-1bf825503df0c2f1a199d912507dafc5-1\">\n\n\t\t<!-- Thumbnails -->\n\t\t\t\t<div id=\"ngg-image-0\" class=\"ngg-gallery-thumbnail-box \" >\n\t\t\t\t        <div class=\"ngg-gallery-thumbnail\">\n            <a href=\"https:\/\/meonline.hu\/kalvaria-pavilon\/kalvaria1.jpg\"\n               title=\"Fot\u00f3: Hajd\u00fa J\u00f3zsef\"\n               data-src=\"https:\/\/meonline.hu\/kalvaria-pavilon\/kalvaria1.jpg\"\n               data-thumbnail=\"https:\/\/meonline.hu\/kalvaria-pavilon\/thumbs\/thumbs_kalvaria1.jpg\"\n               data-image-id=\"4836\"\n               data-title=\"Fot\u00f3: Hajd\u00fa J\u00f3zsef\"\n               data-description=\"Fot\u00f3: Hajd\u00fa J\u00f3zsef\"\n               data-image-slug=\"kalvaria1\"\n               class=\"ngg-simplelightbox\" rel=\"1bf825503df0c2f1a199d912507dafc5\">\n                <img\n                    title=\"Fot\u00f3: Hajd\u00fa J\u00f3zsef\"\n                    alt=\"Fot\u00f3: Hajd\u00fa J\u00f3zsef\"\n                    src=\"https:\/\/meonline.hu\/kalvaria-pavilon\/thumbs\/thumbs_kalvaria1.jpg\"\n                    width=\"100\"\n                    height=\"80\"\n                    style=\"max-width:100%;\"\n                \/>\n            <\/a>\n        <\/div>\n\t\t\t\t\t\t\t<\/div> \n\t\t\t\n\t\t\t\t<div id=\"ngg-image-1\" class=\"ngg-gallery-thumbnail-box \" >\n\t\t\t\t        <div class=\"ngg-gallery-thumbnail\">\n            <a href=\"https:\/\/meonline.hu\/kalvaria-pavilon\/kalvaria2.jpg\"\n               title=\"Fot\u00f3: Hajd\u00fa J\u00f3zsef\"\n               data-src=\"https:\/\/meonline.hu\/kalvaria-pavilon\/kalvaria2.jpg\"\n               data-thumbnail=\"https:\/\/meonline.hu\/kalvaria-pavilon\/thumbs\/thumbs_kalvaria2.jpg\"\n               data-image-id=\"4837\"\n               data-title=\"Fot\u00f3: Hajd\u00fa J\u00f3zsef\"\n               data-description=\"Fot\u00f3: Hajd\u00fa J\u00f3zsef\"\n               data-image-slug=\"kalvaria2\"\n               class=\"ngg-simplelightbox\" rel=\"1bf825503df0c2f1a199d912507dafc5\">\n                <img\n                    title=\"Fot\u00f3: Hajd\u00fa J\u00f3zsef\"\n                    alt=\"Fot\u00f3: Hajd\u00fa J\u00f3zsef\"\n                    src=\"https:\/\/meonline.hu\/kalvaria-pavilon\/thumbs\/thumbs_kalvaria2.jpg\"\n                    width=\"100\"\n                    height=\"80\"\n                    style=\"max-width:100%;\"\n                \/>\n            <\/a>\n        <\/div>\n\t\t\t\t\t\t\t<\/div> \n\t\t\t\n\t\t\t\t<div id=\"ngg-image-2\" class=\"ngg-gallery-thumbnail-box \" >\n\t\t\t\t        <div class=\"ngg-gallery-thumbnail\">\n            <a href=\"https:\/\/meonline.hu\/kalvaria-pavilon\/kalvaria3.jpg\"\n               title=\"Fot\u00f3: Hajd\u00fa J\u00f3zsef\"\n               data-src=\"https:\/\/meonline.hu\/kalvaria-pavilon\/kalvaria3.jpg\"\n               data-thumbnail=\"https:\/\/meonline.hu\/kalvaria-pavilon\/thumbs\/thumbs_kalvaria3.jpg\"\n               data-image-id=\"4838\"\n               data-title=\"Fot\u00f3: Hajd\u00fa J\u00f3zsef\"\n               data-description=\"Fot\u00f3: Hajd\u00fa J\u00f3zsef\"\n               data-image-slug=\"kalvaria3\"\n               class=\"ngg-simplelightbox\" rel=\"1bf825503df0c2f1a199d912507dafc5\">\n                <img\n                    title=\"Fot\u00f3: Hajd\u00fa J\u00f3zsef\"\n                    alt=\"Fot\u00f3: Hajd\u00fa J\u00f3zsef\"\n                    src=\"https:\/\/meonline.hu\/kalvaria-pavilon\/thumbs\/thumbs_kalvaria3.jpg\"\n                    width=\"100\"\n                    height=\"80\"\n                    style=\"max-width:100%;\"\n                \/>\n            <\/a>\n        <\/div>\n\t\t\t\t\t\t\t<\/div> \n\t\t\t\n\t\t\t\t<div id=\"ngg-image-3\" class=\"ngg-gallery-thumbnail-box \" >\n\t\t\t\t        <div class=\"ngg-gallery-thumbnail\">\n            <a href=\"https:\/\/meonline.hu\/kalvaria-pavilon\/kalvaria4.jpg\"\n               title=\"Fot\u00f3: Hajd\u00fa J\u00f3zsef\"\n               data-src=\"https:\/\/meonline.hu\/kalvaria-pavilon\/kalvaria4.jpg\"\n               data-thumbnail=\"https:\/\/meonline.hu\/kalvaria-pavilon\/thumbs\/thumbs_kalvaria4.jpg\"\n               data-image-id=\"4839\"\n               data-title=\"Fot\u00f3: Hajd\u00fa J\u00f3zsef\"\n               data-description=\"Fot\u00f3: Hajd\u00fa J\u00f3zsef\"\n               data-image-slug=\"kalvaria4\"\n               class=\"ngg-simplelightbox\" rel=\"1bf825503df0c2f1a199d912507dafc5\">\n                <img\n                    title=\"Fot\u00f3: Hajd\u00fa J\u00f3zsef\"\n                    alt=\"Fot\u00f3: Hajd\u00fa J\u00f3zsef\"\n                    src=\"https:\/\/meonline.hu\/kalvaria-pavilon\/thumbs\/thumbs_kalvaria4.jpg\"\n                    width=\"100\"\n                    height=\"80\"\n                    style=\"max-width:100%;\"\n                \/>\n            <\/a>\n        <\/div>\n\t\t\t\t\t\t\t<\/div> \n\t\t\t\n\t\t\t\t<div id=\"ngg-image-4\" class=\"ngg-gallery-thumbnail-box \" >\n\t\t\t\t        <div class=\"ngg-gallery-thumbnail\">\n            <a href=\"https:\/\/meonline.hu\/kalvaria-pavilon\/kalvaria5.jpg\"\n               title=\"Fot\u00f3: Hajd\u00fa J\u00f3zsef\"\n               data-src=\"https:\/\/meonline.hu\/kalvaria-pavilon\/kalvaria5.jpg\"\n               data-thumbnail=\"https:\/\/meonline.hu\/kalvaria-pavilon\/thumbs\/thumbs_kalvaria5.jpg\"\n               data-image-id=\"4840\"\n               data-title=\"Fot\u00f3: Hajd\u00fa J\u00f3zsef\"\n               data-description=\"Fot\u00f3: Hajd\u00fa J\u00f3zsef\"\n               data-image-slug=\"kalvaria5\"\n               class=\"ngg-simplelightbox\" rel=\"1bf825503df0c2f1a199d912507dafc5\">\n                <img\n                    title=\"Fot\u00f3: Hajd\u00fa J\u00f3zsef\"\n                    alt=\"Fot\u00f3: Hajd\u00fa J\u00f3zsef\"\n                    src=\"https:\/\/meonline.hu\/kalvaria-pavilon\/thumbs\/thumbs_kalvaria5.jpg\"\n                    width=\"100\"\n                    height=\"80\"\n                    style=\"max-width:100%;\"\n                \/>\n            <\/a>\n        <\/div>\n\t\t\t\t\t\t\t<\/div> \n\t\t\t\n\t\t\t\t<div id=\"ngg-image-5\" class=\"ngg-gallery-thumbnail-box \" >\n\t\t\t\t        <div class=\"ngg-gallery-thumbnail\">\n            <a href=\"https:\/\/meonline.hu\/kalvaria-pavilon\/kalvaria6.jpg\"\n               title=\"\"\n               data-src=\"https:\/\/meonline.hu\/kalvaria-pavilon\/kalvaria6.jpg\"\n               data-thumbnail=\"https:\/\/meonline.hu\/kalvaria-pavilon\/thumbs\/thumbs_kalvaria6.jpg\"\n               data-image-id=\"4841\"\n               data-title=\"K\u00e1lv\u00e1ria t\u00e9r\"\n               data-description=\"\"\n               data-image-slug=\"kalvaria6\"\n               class=\"ngg-simplelightbox\" rel=\"1bf825503df0c2f1a199d912507dafc5\">\n                <img\n                    title=\"K\u00e1lv\u00e1ria t\u00e9r\"\n                    alt=\"K\u00e1lv\u00e1ria t\u00e9r\"\n                    src=\"https:\/\/meonline.hu\/kalvaria-pavilon\/thumbs\/thumbs_kalvaria6.jpg\"\n                    width=\"100\"\n                    height=\"80\"\n                    style=\"max-width:100%;\"\n                \/>\n            <\/a>\n        <\/div>\n\t\t\t\t\t\t\t<\/div> \n\t\t\t\n\t\t\t\t<div id=\"ngg-image-6\" class=\"ngg-gallery-thumbnail-box \" >\n\t\t\t\t        <div class=\"ngg-gallery-thumbnail\">\n            <a href=\"https:\/\/meonline.hu\/kalvaria-pavilon\/kalvaria7.jpg\"\n               title=\"\"\n               data-src=\"https:\/\/meonline.hu\/kalvaria-pavilon\/kalvaria7.jpg\"\n               data-thumbnail=\"https:\/\/meonline.hu\/kalvaria-pavilon\/thumbs\/thumbs_kalvaria7.jpg\"\n               data-image-id=\"4842\"\n               data-title=\"K\u00e1lv\u00e1ria t\u00e9r\"\n               data-description=\"\"\n               data-image-slug=\"kalvaria7\"\n               class=\"ngg-simplelightbox\" rel=\"1bf825503df0c2f1a199d912507dafc5\">\n                <img\n                    title=\"K\u00e1lv\u00e1ria t\u00e9r\"\n                    alt=\"K\u00e1lv\u00e1ria t\u00e9r\"\n                    src=\"https:\/\/meonline.hu\/kalvaria-pavilon\/thumbs\/thumbs_kalvaria7.jpg\"\n                    width=\"100\"\n                    height=\"80\"\n                    style=\"max-width:100%;\"\n                \/>\n            <\/a>\n        <\/div>\n\t\t\t\t\t\t\t<\/div> \n\t\t\t\n\t\n\t<br style=\"clear: both\" \/>\n\n\t\n\t\t<!-- Pagination -->\n\t<div class='ngg-clear'><\/div>\t<\/div>\n\n","protected":false},"excerpt":{"rendered":"<p>Inform\u00e1ci\u00f3s pavilon a budapesti K\u00e1lv\u00e1ria t\u00e9ren \u00c9p\u00edt\u00e9sz: Tak\u00e1cs Viktor Sz\u00f6veg: Okrutay Mikl\u00f3s Fot\u00f3k: Hajd\u00fa J\u00f3zsef Az \u00e9p\u00edt\u00e9szeti tervez\u00e9s sor\u00e1n a term\u00e9szeti, illetve az \u00e9p\u00edtett k\u00f6rnyezet hat\u00e1sai mellett a t\u00e1rsadalmi-szociol\u00f3giai \u00f6sszef\u00fcgg\u00e9sek is hasonl\u00f3an fontos form\u00e1l\u00f3 er\u0151vel b\u00edrnak. A leend\u0151 haszn\u00e1l\u00f3k ismerete n\u00e9lk\u00fcl\u00f6zhetetlen, nem csup\u00e1n a k\u00f6zvetlen ig\u00e9nyek szintj\u00e9n, hanem a v\u00e1rhat\u00f3 spont\u00e1n reakci\u00f3kra val\u00f3 felk\u00e9sz\u00fcl\u00e9s \u00e9rdek\u00e9ben [&hellip;]<\/p>\n","protected":false},"author":1,"featured_media":16685,"comment_status":"closed","ping_status":"closed","sticky":false,"template":"","format":"standard","meta":{"ngg_post_thumbnail":0},"categories":[536,595,7,9],"tags":[],"_links":{"self":[{"href":"https:\/\/meonline.hu\/en\/wp-json\/wp\/v2\/posts\/16672"}],"collection":[{"href":"https:\/\/meonline.hu\/en\/wp-json\/wp\/v2\/posts"}],"about":[{"href":"https:\/\/meonline.hu\/en\/wp-json\/wp\/v2\/types\/post"}],"author":[{"embeddable":true,"href":"https:\/\/meonline.hu\/en\/wp-json\/wp\/v2\/users\/1"}],"replies":[{"embeddable":true,"href":"https:\/\/meonline.hu\/en\/wp-json\/wp\/v2\/comments?post=16672"}],"version-history":[{"count":2,"href":"https:\/\/meonline.hu\/en\/wp-json\/wp\/v2\/posts\/16672\/revisions"}],"predecessor-version":[{"id":16999,"href":"https:\/\/meonline.hu\/en\/wp-json\/wp\/v2\/posts\/16672\/revisions\/16999"}],"wp:featuredmedia":[{"embeddable":true,"href":"https:\/\/meonline.hu\/en\/wp-json\/wp\/v2\/media\/16685"}],"wp:attachment":[{"href":"https:\/\/meonline.hu\/en\/wp-json\/wp\/v2\/media?parent=16672"}],"wp:term":[{"taxonomy":"category","embeddable":true,"href":"https:\/\/meonline.hu\/en\/wp-json\/wp\/v2\/categories?post=16672"},{"taxonomy":"post_tag","embeddable":true,"href":"https:\/\/meonline.hu\/en\/wp-json\/wp\/v2\/tags?post=16672"}],"curies":[{"name":"wp","href":"https:\/\/api.w.org\/{rel}","templated":true}]}}