{"id":1706,"date":"2010-04-06T15:07:44","date_gmt":"2010-04-06T13:07:44","guid":{"rendered":"http:\/\/meonline.hu\/?p=1706"},"modified":"2022-01-16T21:27:27","modified_gmt":"2022-01-16T20:27:27","slug":"ybl-dij-2010","status":"publish","type":"post","link":"https:\/\/meonline.hu\/en\/magyar-epitomuveszet-hirek\/ybl-dij-2010\/","title":{"rendered":"Ybl-d\u00edj 2010"},"content":{"rendered":"<p><strong>Nemzeti \u00fcnnep\u00fcnk, m\u00e1rcius 15. alkalm\u00e1b\u00f3l 2010-ben Ybl Mikl\u00f3s-d\u00edjban r\u00e9szes\u00fcltek:<\/strong><\/p>\n<div><strong> <img loading=\"lazy\" title=\"Fot\u00f3: Bujnovszky Tam\u00e1s\" src=\"http:\/\/meonline.hu\/wp-content\/uploads\/2010\/05\/ybl.jpg\" alt=\"\" width=\"600\" height=\"400\" \/><\/strong><\/div>\n<p>\n<strong>Kalm\u00e1r L\u00e1szl\u00f3<\/strong><\/p>\n<p>El\u0151remutat\u00f3, tiszta elveken alapul\u00f3\u00a0\u00e9p\u00edt\u00e9szi munk\u00e1ss\u00e1g\u00e1t\u00a0alkot\u00f3t\u00e1rs\u00e1val Zsuffa Zsolttal folyamatos egy\u00fcttm\u0171k\u00f6d\u00e9sben fejti ki. Eddigi legjelent\u0151sebb alkot\u00e1suk a buda\u00f6rsi V\u00e1rosh\u00e1za, amely a k\u00f6zigazgat\u00e1si rendeltet\u00e9s\u0171 \u00e9p\u00fcletek k\u00f6r\u00e9ben m\u00e9rf\u00f6ldk\u0151nek sz\u00e1m\u00edt (Pro Architectura-d\u00edjas). Emellett m\u00e1s m\u0171fajokban is kiemelked\u0151 \u00e9p\u00edt\u00e9szi teljes\u00edtm\u00e9nyt ny\u00fajtanak. P\u00e9lda erre a balatonlellei Kony\u00e1ry-pinc\u00e9szet, valamint sz\u00e1mos kisebb-nagyobb lak\u00f3\u00e9p\u00fclet, amelyek t\u00f6bbs\u00e9g\u00e9t \u00f6n\u00e1ll\u00f3an tervezik, bizony\u00edtva ezzel egy\u00e9ni, egym\u00e1st\u00f3l f\u00fcggetlen alkot\u00f3k\u00e9szs\u00e9g\u00fcket is.<\/p>\n<p><strong>Klenk Csaba<\/strong><\/p>\n<p>\u00c9p\u00edt\u00e9szi munk\u00e1ss\u00e1g\u00e1nak javar\u00e9sze Paks v\u00e1ros\u00e1ban, illetve k\u00f6rny\u00e9k\u00e9n val\u00f3sult meg.<br \/>\n\u00d6nmag\u00e1ban m\u00e1r az a v\u00e1llalkoz\u00e1s is elismer\u00e9sre m\u00e9lt\u00f3 magatart\u00e1s, amikor egy j\u00f3l felk\u00e9sz\u00fclt \u00e9p\u00edt\u00e9sz egy kisv\u00e1rosba telep\u00fcl, szemben\u00e9zve az ezzel j\u00e1r\u00f3 egzisztenci\u00e1lis kock\u00e1zatokkal. Amennyiben ott meg\u00e1llja hely\u00e9t, \u00e9s keze nyom\u00e1n l\u00e1tv\u00e1nyos eredm\u00e9nyek sz\u00fcletnek, az val\u00f3s\u00e1gos \u00e9p\u00edt\u00e9szi teljes\u00edtm\u00e9ny. Klenk Csaba alkot\u00f3i m\u00f3dszereit az alaposs\u00e1g, a biztos szakmai tud\u00e1s jellemzi. \u00c9p\u00fcletein hagyom\u00e1nyos \u00e9s \u00fajszer\u0171 formai elemeket egyszerre alkalmaz, megteremtve k\u00f6zt\u00fck a finom \u00e1tmenetet, a folytonoss\u00e1got.<\/p>\n<p><strong>Kruppa G\u00e1bor<\/strong><\/p>\n<p>Az \u00e9p\u00edt\u00e9szet k\u00fcl\u00f6nf\u00e9le szegmenseiben bizony\u00edtotta alapos szakmai felk\u00e9sz\u00fclts\u00e9g\u00e9t, a min\u0151s\u00e9g ir\u00e1nti elk\u00f6telezetts\u00e9g\u00e9t. Eddigi legjelent\u0151sebb munk\u00e1ja a budapesti Gresham-palota teljes rekonstrukci\u00f3ja \u00e9s elit sz\u00e1llod\u00e1v\u00e1 t\u00f6rt\u00e9nt \u00e1t\u00e9p\u00edt\u00e9se. Egy m\u00e1sik jelent\u0151s alkot\u00e1sa az \u00fajpalotai lak\u00f3telep frissen emelt temploma. Az \u00e9p\u00edt\u00e9szeti eszk\u00f6z\u00f6ket, elemeket jelent\u0151s\u00e9g\u00fcknek megfelel\u0151en kezeli. Nagyvonal\u00faan form\u00e1l, ugyanakkor elm\u00e9ly\u00fcl a r\u00e9szletekben. Munk\u00e1ss\u00e1ga egyenletesen magas szakmai sz\u00ednvonalat \u00e9s szellemi k\u00f6vetkezetess\u00e9get mutat.<\/p>\n<p><strong>Mik\u00f3\u00a0 L\u00e1szl\u00f3<\/strong><\/p>\n<p>P\u00e1lyafut\u00e1s\u00e1t a gondosan megtervezett, m\u00e9rt\u00e9ktart\u00f3an form\u00e1lt, j\u00f3l funkcion\u00e1l\u00f3 \u00e9p\u00fcletek sora jellemzi. K\u00f6z\u00fcl\u00fck tal\u00e1n legjelent\u0151sebb a Szegedi Tudom\u00e1nyegyetem k\u00f6zponti k\u00f6nyvt\u00e1ra \u00e9s inform\u00e1ci\u00f3s k\u00f6zpontja \u2013 Pro Architectura-d\u00edjas. Ez az alkot\u00e1s kiforrott m\u0171, egyben kiemelked\u0151 p\u00e9lda a rendeltet\u00e9s\u00e9nek mindenben megfelel\u0151, k\u00f6zmegel\u00e9ged\u00e9sre m\u0171k\u00f6d\u0151 \u00e9p\u00fcletek k\u00f6r\u00e9ben. Mik\u00f3 L\u00e1szl\u00f3 sokoldal\u00fa \u00e9s ig\u00e9nyes \u00e9p\u00edt\u00e9szi alkot\u00f3munk\u00e1ja kiemelked\u0151 kvalit\u00e1s\u00fa architekt\u00far\u00e1t teremt.<\/p>\n<p><strong>Zsuffa Zsolt<\/strong><\/p>\n<p>Munk\u00e1ss\u00e1g\u00e1ra mindaz jellemz\u0151, amely alkot\u00f3t\u00e1rsa, Kalm\u00e1r L\u00e1szl\u00f3 m\u00e9ltat\u00e1sa fentebb m\u00e1r kiemelt. Vele egy\u00fctt tudatosan \u00e9s k\u00f6vetkezesen m\u0171veli azt az \u00e9p\u00edt\u00e9szeti ir\u00e1nyzatot, amely fog\u00e9kony a vil\u00e1gban zajl\u00f3 folyamatok meg\u00e9rt\u00e9s\u00e9re, \u00e9s e folyamatokb\u00f3l ered\u0151 feladatok korszer\u0171 megold\u00e1s\u00e1ra.\u00a0 Kiemelked\u0151 egy\u00e9ni k\u00e9szs\u00e9geit mutatja m\u00e9g sz\u00e1mos eredeti megform\u00e1l\u00e1s\u00fa csal\u00e1di h\u00e1z \u00e9s \u00fcd\u00fcl\u0151\u00e9p\u00fclet.<\/p>\n<p>Gratul\u00e1lunk a d\u00edjazott \u00e9p\u00edt\u00e9szeknek! \u2013 a szerkeszt\u0151k.<\/p>\n<p><em>(fenti \u00f6sszefoglal\u00f3 Zsilinszky Gyula m\u00e9ltat\u00e1s\u00e1nak felhaszn\u00e1l\u00e1s\u00e1val k\u00e9sz\u00fclt)<\/em><\/p>\n","protected":false},"excerpt":{"rendered":"<p>Nemzeti \u00fcnnep\u00fcnk, m\u00e1rcius 15. alkalm\u00e1b\u00f3l<br \/>\n2010-ben Ybl Mikl\u00f3s-d\u00edjban r\u00e9szes\u00fcltek:<\/p>\n<p>Kalm\u00e1r L\u00e1szl\u00f3, Klenk Csaba, Kruppa G\u00e1bor, Mik\u00f3 L\u00e1szl\u00f3, Zsuffa Zsolt<\/p>\n","protected":false},"author":1,"featured_media":1707,"comment_status":"closed","ping_status":"closed","sticky":false,"template":"","format":"standard","meta":{"ngg_post_thumbnail":0},"categories":[174,18,3],"tags":[],"_links":{"self":[{"href":"https:\/\/meonline.hu\/en\/wp-json\/wp\/v2\/posts\/1706"}],"collection":[{"href":"https:\/\/meonline.hu\/en\/wp-json\/wp\/v2\/posts"}],"about":[{"href":"https:\/\/meonline.hu\/en\/wp-json\/wp\/v2\/types\/post"}],"author":[{"embeddable":true,"href":"https:\/\/meonline.hu\/en\/wp-json\/wp\/v2\/users\/1"}],"replies":[{"embeddable":true,"href":"https:\/\/meonline.hu\/en\/wp-json\/wp\/v2\/comments?post=1706"}],"version-history":[{"count":11,"href":"https:\/\/meonline.hu\/en\/wp-json\/wp\/v2\/posts\/1706\/revisions"}],"predecessor-version":[{"id":44338,"href":"https:\/\/meonline.hu\/en\/wp-json\/wp\/v2\/posts\/1706\/revisions\/44338"}],"wp:featuredmedia":[{"embeddable":true,"href":"https:\/\/meonline.hu\/en\/wp-json\/wp\/v2\/media\/1707"}],"wp:attachment":[{"href":"https:\/\/meonline.hu\/en\/wp-json\/wp\/v2\/media?parent=1706"}],"wp:term":[{"taxonomy":"category","embeddable":true,"href":"https:\/\/meonline.hu\/en\/wp-json\/wp\/v2\/categories?post=1706"},{"taxonomy":"post_tag","embeddable":true,"href":"https:\/\/meonline.hu\/en\/wp-json\/wp\/v2\/tags?post=1706"}],"curies":[{"name":"wp","href":"https:\/\/api.w.org\/{rel}","templated":true}]}}