{"id":17218,"date":"2016-09-11T15:22:49","date_gmt":"2016-09-11T13:22:49","guid":{"rendered":"http:\/\/meonline.hu\/?p=17218"},"modified":"2016-09-11T21:44:30","modified_gmt":"2016-09-11T19:44:30","slug":"tudaskozvetites-felsofokon","status":"publish","type":"post","link":"https:\/\/meonline.hu\/en\/archivum\/tudaskozvetites-felsofokon\/","title":{"rendered":"Handing Down Knowledge at the Highest Level"},"content":{"rendered":"<p><strong>Alm\u00e1sy Mansion, Visitors\u2019 Centre, Gyula<\/strong><\/p>\n<p>Architects:<strong> L\u00e1szl\u00f3 F\u00f6ldes, Csaba Balogh <\/strong><br \/>\nText: <strong>Edit P\u00e1link\u00e1s <\/strong><br \/>\nPhotos: <strong>Tam\u00e1s Bujnovszky <\/strong><\/p>\n<p><img loading=\"lazy\" src=\"http:\/\/meonline.hu\/wp-content\/uploads\/2016\/09\/almasy1-600x400.jpg\" alt=\"almasy1\" width=\"600\" height=\"400\" class=\"alignnone size-large wp-image-17235\" srcset=\"https:\/\/meonline.hu\/wp-content\/uploads\/2016\/09\/almasy1.jpg 600w, https:\/\/meonline.hu\/wp-content\/uploads\/2016\/09\/almasy1-225x150.jpg 225w, https:\/\/meonline.hu\/wp-content\/uploads\/2016\/09\/almasy1-300x200.jpg 300w\" sizes=\"(max-width: 600px) 100vw, 600px\" \/><\/p>\n<p>The very first building of the mansion in Gyula was built by J\u00e1nos Gy\u00f6rgy Harruckern, who was given the area as a reward for his services to King Charles III of Hungary after the withdrawal of the Turkish conquerors from the country. The Baroque-style structure of the building was created by his son, Ferenc Harruckern. After World War II the mansion was nationalized by the state to function first as various schools, later on to house a care home for newborn babies. In the 1960s the majority of the landscaped park belonging to the mansion was used as a thermal baths complex. The building was gradually evacuated in the 1990s. Preparations prior to the renovation project were launched in 2011, whilst implementation started in 2014 after winning an EU tender. During archaeological excavations the old ancillary building of the mansion was exposed: it had been pulled down in the 1700s as part of the extensive transformation of the complex. In a certain part of the souvenir shop a glass floor expanse exhibits the remains of this structure. The Baroque-style main kitchen of the mansion has also been revealed. The basic principle of the whole reconstruction project, its modern design and technology, as well as the contemporary furniture and decorative painting come to create a harmony of unique character. A welcome extra addition to all this effect is that each piece of furniture is a remake tailor-made to their original designs, in line with the comprehensive organic concept, which is a result of close cooperation between the architect and curator. The exhibition integrates the presentation of values of architecture, fine arts and life-style history by relying upon tools of modern digital technologies as well as by applying the traditional chronological approach of exhibitions.<\/p>\n<p>Architecture: <strong>F\u00f6ldes \u00e9s T\u00e1rsai \u00c9p\u00edt\u00e9sziroda Kft.<\/strong><br \/>\nLeading architects: <strong>L\u00e1szl\u00f3 F\u00f6ldes, Csaba Balogh <\/strong><br \/>\nFellow architects: <strong>Johanna Cs\u0171ri, \u00c1gnes Deigner, Tam\u00e1s Holics, Levente Sirokai, P\u00e9ter S\u00f3nicz, \u00c1gnes V\u00e9rtesy <\/strong><br \/>\nStructure:  <strong>Zolt\u00e1n V. Nagy, Istv\u00e1n  Szopk\u00f3 \u2013 Lapid\u00e1rium M\u00e9rn\u00f6ki Kft.<\/strong><br \/>\nHVAC: <strong>Attila  Lucz \u2013 HVArC M\u00e9rn\u00f6ki Iroda Kft.<\/strong><br \/>\nElectrical engineering: <strong>Judit Bal\u00e1zs, P\u00e9ter  Bal\u00e1zs \u2013 Artvill M\u00e9rn\u00f6ki Iroda Kft.<\/strong><br \/>\nGardening: <strong>Sz\u00e1szn\u00e9 dr. Adrienn  V\u00e1rkonyi \u2013 Sz\u00e1sz Kert Bt.<\/strong><br \/>\nInteriors, installations: <strong>F\u00f6ldes \u00e9s T\u00e1rsai \u00c9p\u00edt\u00e9sziroda Kft., Konkr\u00e9t St\u00fadi\u00f3 Kft.<\/strong><br \/>\nLeading interior designers: <strong>L\u00e1szl\u00f3 F\u00f6ldes, Csaba Balogh <\/strong><br \/>\nInterios designer: <strong>Bal\u00e1zs Szlabey <\/strong><br \/>\nFellow interior designers: <strong>\u00c1gnes Deigner, Levente Sirokai, P\u00e9ter S\u00f3nicz <\/strong><br \/>\nCurator of the exhibition: <strong>G\u00e1bor Sz. Szil\u00e1gyi <\/strong><br \/>\nFellow curator:<strong> Zs\u00f3fia  Luk\u00e1cs <\/strong><br \/>\nConcept: <strong>Zsolt Vir\u00e1g <\/strong><br \/>\nDesign, art director: <strong>P\u00e9ter Flanek <\/strong><br \/>\nInteriors: <strong>Rita Igaz, Zs\u00f3fia Luk\u00e1cs, Bal\u00e1zs Semsey, P\u00e9ter T\u00f3th G. <\/strong><br \/>\nLighting concept: <strong>Ferenc Ha\u00e1sz <\/strong><br \/>\nClient: <strong>Gyula V\u00e1ros \u00d6nkorm\u00e1nyzata, dr. Ern\u0151  G\u00f6rg\u00e9nyi Mayor<\/strong><br \/>\nMain contractor: <strong>Modinvest \u00c9p\u00edt\u0151ipari\u2013 Beruh\u00e1z\u00f3- \u00e9s Kereskedelmi Kft., Stilfa Kft.<\/strong><\/p>\n<p><!-- default-view.php -->\n<div\n\tclass=\"ngg-galleryoverview default-view \"\n\tid=\"ngg-gallery-3ca41a0c063f555a6f930220eb4cf982-1\">\n\n\t\t<!-- Thumbnails -->\n\t\t\t\t<div id=\"ngg-image-0\" class=\"ngg-gallery-thumbnail-box \" >\n\t\t\t\t        <div class=\"ngg-gallery-thumbnail\">\n            <a href=\"https:\/\/meonline.hu\/gyula-almasy\/almasy1.jpg\"\n               title=\"Fot\u00f3: Bujnovszky Tam\u00e1s\"\n               data-src=\"https:\/\/meonline.hu\/gyula-almasy\/almasy1.jpg\"\n               data-thumbnail=\"https:\/\/meonline.hu\/gyula-almasy\/thumbs\/thumbs_almasy1.jpg\"\n               data-image-id=\"5012\"\n               data-title=\"Fot\u00f3: Bujnovszky Tam\u00e1s\"\n               data-description=\"Fot\u00f3: Bujnovszky Tam\u00e1s\"\n               data-image-slug=\"almasy1\"\n               class=\"ngg-simplelightbox\" rel=\"3ca41a0c063f555a6f930220eb4cf982\">\n                <img\n                    title=\"Fot\u00f3: Bujnovszky Tam\u00e1s\"\n                    alt=\"Fot\u00f3: Bujnovszky Tam\u00e1s\"\n                    src=\"https:\/\/meonline.hu\/gyula-almasy\/thumbs\/thumbs_almasy1.jpg\"\n                    width=\"100\"\n                    height=\"80\"\n                    style=\"max-width:100%;\"\n                \/>\n            <\/a>\n        <\/div>\n\t\t\t\t\t\t\t<\/div> \n\t\t\t\n\t\t\t\t<div id=\"ngg-image-1\" class=\"ngg-gallery-thumbnail-box \" >\n\t\t\t\t        <div class=\"ngg-gallery-thumbnail\">\n            <a href=\"https:\/\/meonline.hu\/gyula-almasy\/almasy2.jpg\"\n               title=\"Fot\u00f3: Bujnovszky Tam\u00e1s\"\n               data-src=\"https:\/\/meonline.hu\/gyula-almasy\/almasy2.jpg\"\n               data-thumbnail=\"https:\/\/meonline.hu\/gyula-almasy\/thumbs\/thumbs_almasy2.jpg\"\n               data-image-id=\"5013\"\n               data-title=\"Fot\u00f3: Bujnovszky Tam\u00e1s\"\n               data-description=\"Fot\u00f3: Bujnovszky Tam\u00e1s\"\n               data-image-slug=\"almasy2\"\n               class=\"ngg-simplelightbox\" rel=\"3ca41a0c063f555a6f930220eb4cf982\">\n                <img\n                    title=\"Fot\u00f3: Bujnovszky Tam\u00e1s\"\n                    alt=\"Fot\u00f3: Bujnovszky Tam\u00e1s\"\n                    src=\"https:\/\/meonline.hu\/gyula-almasy\/thumbs\/thumbs_almasy2.jpg\"\n                    width=\"100\"\n                    height=\"80\"\n                    style=\"max-width:100%;\"\n                \/>\n            <\/a>\n        <\/div>\n\t\t\t\t\t\t\t<\/div> \n\t\t\t\n\t\t\t\t<div id=\"ngg-image-2\" class=\"ngg-gallery-thumbnail-box \" >\n\t\t\t\t        <div class=\"ngg-gallery-thumbnail\">\n            <a href=\"https:\/\/meonline.hu\/gyula-almasy\/almasy3.jpg\"\n               title=\"Fot\u00f3: Bujnovszky Tam\u00e1s\"\n               data-src=\"https:\/\/meonline.hu\/gyula-almasy\/almasy3.jpg\"\n               data-thumbnail=\"https:\/\/meonline.hu\/gyula-almasy\/thumbs\/thumbs_almasy3.jpg\"\n               data-image-id=\"5014\"\n               data-title=\"Fot\u00f3: Bujnovszky Tam\u00e1s\"\n               data-description=\"Fot\u00f3: Bujnovszky Tam\u00e1s\"\n               data-image-slug=\"almasy3\"\n               class=\"ngg-simplelightbox\" rel=\"3ca41a0c063f555a6f930220eb4cf982\">\n                <img\n                    title=\"Fot\u00f3: Bujnovszky Tam\u00e1s\"\n                    alt=\"Fot\u00f3: Bujnovszky Tam\u00e1s\"\n                    src=\"https:\/\/meonline.hu\/gyula-almasy\/thumbs\/thumbs_almasy3.jpg\"\n                    width=\"100\"\n                    height=\"80\"\n                    style=\"max-width:100%;\"\n                \/>\n            <\/a>\n        <\/div>\n\t\t\t\t\t\t\t<\/div> \n\t\t\t\n\t\t\t\t<div id=\"ngg-image-3\" class=\"ngg-gallery-thumbnail-box \" >\n\t\t\t\t        <div class=\"ngg-gallery-thumbnail\">\n            <a href=\"https:\/\/meonline.hu\/gyula-almasy\/almasy4.jpg\"\n               title=\"Fot\u00f3: Bujnovszky Tam\u00e1s\"\n               data-src=\"https:\/\/meonline.hu\/gyula-almasy\/almasy4.jpg\"\n               data-thumbnail=\"https:\/\/meonline.hu\/gyula-almasy\/thumbs\/thumbs_almasy4.jpg\"\n               data-image-id=\"5015\"\n               data-title=\"Fot\u00f3: Bujnovszky Tam\u00e1s\"\n               data-description=\"Fot\u00f3: Bujnovszky Tam\u00e1s\"\n               data-image-slug=\"almasy4\"\n               class=\"ngg-simplelightbox\" rel=\"3ca41a0c063f555a6f930220eb4cf982\">\n                <img\n                    title=\"Fot\u00f3: Bujnovszky Tam\u00e1s\"\n                    alt=\"Fot\u00f3: Bujnovszky Tam\u00e1s\"\n                    src=\"https:\/\/meonline.hu\/gyula-almasy\/thumbs\/thumbs_almasy4.jpg\"\n                    width=\"100\"\n                    height=\"80\"\n                    style=\"max-width:100%;\"\n                \/>\n            <\/a>\n        <\/div>\n\t\t\t\t\t\t\t<\/div> \n\t\t\t\n\t\t\t\t<div id=\"ngg-image-4\" class=\"ngg-gallery-thumbnail-box \" >\n\t\t\t\t        <div class=\"ngg-gallery-thumbnail\">\n            <a href=\"https:\/\/meonline.hu\/gyula-almasy\/almasy5.jpg\"\n               title=\"Fot\u00f3: Bujnovszky Tam\u00e1s\"\n               data-src=\"https:\/\/meonline.hu\/gyula-almasy\/almasy5.jpg\"\n               data-thumbnail=\"https:\/\/meonline.hu\/gyula-almasy\/thumbs\/thumbs_almasy5.jpg\"\n               data-image-id=\"5016\"\n               data-title=\"Fot\u00f3: Bujnovszky Tam\u00e1s\"\n               data-description=\"Fot\u00f3: Bujnovszky Tam\u00e1s\"\n               data-image-slug=\"almasy5\"\n               class=\"ngg-simplelightbox\" rel=\"3ca41a0c063f555a6f930220eb4cf982\">\n                <img\n                    title=\"Fot\u00f3: Bujnovszky Tam\u00e1s\"\n                    alt=\"Fot\u00f3: Bujnovszky Tam\u00e1s\"\n                    src=\"https:\/\/meonline.hu\/gyula-almasy\/thumbs\/thumbs_almasy5.jpg\"\n                    width=\"100\"\n                    height=\"80\"\n                    style=\"max-width:100%;\"\n                \/>\n            <\/a>\n        <\/div>\n\t\t\t\t\t\t\t<\/div> \n\t\t\t\n\t\t\t\t<div id=\"ngg-image-5\" class=\"ngg-gallery-thumbnail-box \" >\n\t\t\t\t        <div class=\"ngg-gallery-thumbnail\">\n            <a href=\"https:\/\/meonline.hu\/gyula-almasy\/almasy8.jpg\"\n               title=\"Fot\u00f3: Bujnovszky Tam\u00e1s\"\n               data-src=\"https:\/\/meonline.hu\/gyula-almasy\/almasy8.jpg\"\n               data-thumbnail=\"https:\/\/meonline.hu\/gyula-almasy\/thumbs\/thumbs_almasy8.jpg\"\n               data-image-id=\"5019\"\n               data-title=\"Fot\u00f3: Bujnovszky Tam\u00e1s\"\n               data-description=\"Fot\u00f3: Bujnovszky Tam\u00e1s\"\n               data-image-slug=\"almasy8\"\n               class=\"ngg-simplelightbox\" rel=\"3ca41a0c063f555a6f930220eb4cf982\">\n                <img\n                    title=\"Fot\u00f3: Bujnovszky Tam\u00e1s\"\n                    alt=\"Fot\u00f3: Bujnovszky Tam\u00e1s\"\n                    src=\"https:\/\/meonline.hu\/gyula-almasy\/thumbs\/thumbs_almasy8.jpg\"\n                    width=\"100\"\n                    height=\"80\"\n                    style=\"max-width:100%;\"\n                \/>\n            <\/a>\n        <\/div>\n\t\t\t\t\t\t\t<\/div> \n\t\t\t\n\t\t\t\t<div id=\"ngg-image-6\" class=\"ngg-gallery-thumbnail-box \" >\n\t\t\t\t        <div class=\"ngg-gallery-thumbnail\">\n            <a href=\"https:\/\/meonline.hu\/gyula-almasy\/almasy6.jpg\"\n               title=\"Fot\u00f3: Bujnovszky Tam\u00e1s\"\n               data-src=\"https:\/\/meonline.hu\/gyula-almasy\/almasy6.jpg\"\n               data-thumbnail=\"https:\/\/meonline.hu\/gyula-almasy\/thumbs\/thumbs_almasy6.jpg\"\n               data-image-id=\"5017\"\n               data-title=\"Fot\u00f3: Bujnovszky Tam\u00e1s\"\n               data-description=\"Fot\u00f3: Bujnovszky Tam\u00e1s\"\n               data-image-slug=\"almasy6\"\n               class=\"ngg-simplelightbox\" rel=\"3ca41a0c063f555a6f930220eb4cf982\">\n                <img\n                    title=\"Fot\u00f3: Bujnovszky Tam\u00e1s\"\n                    alt=\"Fot\u00f3: Bujnovszky Tam\u00e1s\"\n                    src=\"https:\/\/meonline.hu\/gyula-almasy\/thumbs\/thumbs_almasy6.jpg\"\n                    width=\"100\"\n                    height=\"80\"\n                    style=\"max-width:100%;\"\n                \/>\n            <\/a>\n        <\/div>\n\t\t\t\t\t\t\t<\/div> \n\t\t\t\n\t\t\t\t<div id=\"ngg-image-7\" class=\"ngg-gallery-thumbnail-box \" >\n\t\t\t\t        <div class=\"ngg-gallery-thumbnail\">\n            <a href=\"https:\/\/meonline.hu\/gyula-almasy\/almasy7.jpg\"\n               title=\"Fot\u00f3: Bujnovszky Tam\u00e1s\"\n               data-src=\"https:\/\/meonline.hu\/gyula-almasy\/almasy7.jpg\"\n               data-thumbnail=\"https:\/\/meonline.hu\/gyula-almasy\/thumbs\/thumbs_almasy7.jpg\"\n               data-image-id=\"5018\"\n               data-title=\"Fot\u00f3: Bujnovszky Tam\u00e1s\"\n               data-description=\"Fot\u00f3: Bujnovszky Tam\u00e1s\"\n               data-image-slug=\"almasy7\"\n               class=\"ngg-simplelightbox\" rel=\"3ca41a0c063f555a6f930220eb4cf982\">\n                <img\n                    title=\"Fot\u00f3: Bujnovszky Tam\u00e1s\"\n                    alt=\"Fot\u00f3: Bujnovszky Tam\u00e1s\"\n                    src=\"https:\/\/meonline.hu\/gyula-almasy\/thumbs\/thumbs_almasy7.jpg\"\n                    width=\"100\"\n                    height=\"80\"\n                    style=\"max-width:100%;\"\n                \/>\n            <\/a>\n        <\/div>\n\t\t\t\t\t\t\t<\/div> \n\t\t\t\n\t\t\t\t<div id=\"ngg-image-8\" class=\"ngg-gallery-thumbnail-box \" >\n\t\t\t\t        <div class=\"ngg-gallery-thumbnail\">\n            <a href=\"https:\/\/meonline.hu\/gyula-almasy\/almasy9.jpg\"\n               title=\"\"\n               data-src=\"https:\/\/meonline.hu\/gyula-almasy\/almasy9.jpg\"\n               data-thumbnail=\"https:\/\/meonline.hu\/gyula-almasy\/thumbs\/thumbs_almasy9.jpg\"\n               data-image-id=\"5020\"\n               data-title=\"Gyula\"\n               data-description=\"\"\n               data-image-slug=\"almasy9\"\n               class=\"ngg-simplelightbox\" rel=\"3ca41a0c063f555a6f930220eb4cf982\">\n                <img\n                    title=\"Gyula\"\n                    alt=\"Gyula\"\n                    src=\"https:\/\/meonline.hu\/gyula-almasy\/thumbs\/thumbs_almasy9.jpg\"\n                    width=\"100\"\n                    height=\"80\"\n                    style=\"max-width:100%;\"\n                \/>\n            <\/a>\n        <\/div>\n\t\t\t\t\t\t\t<\/div> \n\t\t\t\n\t\t\t\t<div id=\"ngg-image-9\" class=\"ngg-gallery-thumbnail-box \" >\n\t\t\t\t        <div class=\"ngg-gallery-thumbnail\">\n            <a href=\"https:\/\/meonline.hu\/gyula-almasy\/almasy10.jpg\"\n               title=\"\"\n               data-src=\"https:\/\/meonline.hu\/gyula-almasy\/almasy10.jpg\"\n               data-thumbnail=\"https:\/\/meonline.hu\/gyula-almasy\/thumbs\/thumbs_almasy10.jpg\"\n               data-image-id=\"5021\"\n               data-title=\"Gyula\"\n               data-description=\"\"\n               data-image-slug=\"almasy10\"\n               class=\"ngg-simplelightbox\" rel=\"3ca41a0c063f555a6f930220eb4cf982\">\n                <img\n                    title=\"Gyula\"\n                    alt=\"Gyula\"\n                    src=\"https:\/\/meonline.hu\/gyula-almasy\/thumbs\/thumbs_almasy10.jpg\"\n                    width=\"100\"\n                    height=\"80\"\n                    style=\"max-width:100%;\"\n                \/>\n            <\/a>\n        <\/div>\n\t\t\t\t\t\t\t<\/div> \n\t\t\t\n\t\n\t<br style=\"clear: both\" \/>\n\n\t\n\t\t<!-- Pagination -->\n\t<div class='ngg-clear'><\/div>\t<\/div>\n<\/p>","protected":false},"excerpt":{"rendered":"<p>Alm\u00e1sy Mansion, Visitors\u2019 Centre, Gyula Architects: L\u00e1szl\u00f3 F\u00f6ldes, Csaba Balogh Text: Edit P\u00e1link\u00e1s Photos: Tam\u00e1s Bujnovszky The very first building of the mansion in Gyula was built by J\u00e1nos Gy\u00f6rgy Harruckern, who was given the area as a reward for his services to King Charles III of Hungary after the withdrawal of the Turkish conquerors [&hellip;]<\/p>\n","protected":false},"author":1,"featured_media":17235,"comment_status":"closed","ping_status":"closed","sticky":false,"template":"","format":"standard","meta":{"ngg_post_thumbnail":0},"categories":[536,597,7,32,9],"tags":[],"_links":{"self":[{"href":"https:\/\/meonline.hu\/en\/wp-json\/wp\/v2\/posts\/17218"}],"collection":[{"href":"https:\/\/meonline.hu\/en\/wp-json\/wp\/v2\/posts"}],"about":[{"href":"https:\/\/meonline.hu\/en\/wp-json\/wp\/v2\/types\/post"}],"author":[{"embeddable":true,"href":"https:\/\/meonline.hu\/en\/wp-json\/wp\/v2\/users\/1"}],"replies":[{"embeddable":true,"href":"https:\/\/meonline.hu\/en\/wp-json\/wp\/v2\/comments?post=17218"}],"version-history":[{"count":1,"href":"https:\/\/meonline.hu\/en\/wp-json\/wp\/v2\/posts\/17218\/revisions"}],"predecessor-version":[{"id":17242,"href":"https:\/\/meonline.hu\/en\/wp-json\/wp\/v2\/posts\/17218\/revisions\/17242"}],"wp:featuredmedia":[{"embeddable":true,"href":"https:\/\/meonline.hu\/en\/wp-json\/wp\/v2\/media\/17235"}],"wp:attachment":[{"href":"https:\/\/meonline.hu\/en\/wp-json\/wp\/v2\/media?parent=17218"}],"wp:term":[{"taxonomy":"category","embeddable":true,"href":"https:\/\/meonline.hu\/en\/wp-json\/wp\/v2\/categories?post=17218"},{"taxonomy":"post_tag","embeddable":true,"href":"https:\/\/meonline.hu\/en\/wp-json\/wp\/v2\/tags?post=17218"}],"curies":[{"name":"wp","href":"https:\/\/api.w.org\/{rel}","templated":true}]}}