{"id":17423,"date":"2016-11-03T12:10:08","date_gmt":"2016-11-03T11:10:08","guid":{"rendered":"http:\/\/meonline.hu\/?p=17423"},"modified":"2016-11-03T12:10:08","modified_gmt":"2016-11-03T11:10:08","slug":"negy-nap","status":"publish","type":"post","link":"https:\/\/meonline.hu\/en\/archivum\/negy-nap\/","title":{"rendered":"Four days"},"content":{"rendered":"<p><strong>Report on the Slovakian trip of the Hungarian Academy of Arts &#8211; Section of Architecture<\/strong><\/p>\n<p><img loading=\"lazy\" src=\"http:\/\/meonline.hu\/wp-content\/uploads\/2016\/11\/felvidek1-600x400.jpg\" alt=\"felvidek1\" width=\"600\" height=\"400\" class=\"alignnone size-large wp-image-17434\" srcset=\"https:\/\/meonline.hu\/wp-content\/uploads\/2016\/11\/felvidek1.jpg 600w, https:\/\/meonline.hu\/wp-content\/uploads\/2016\/11\/felvidek1-225x150.jpg 225w, https:\/\/meonline.hu\/wp-content\/uploads\/2016\/11\/felvidek1-300x200.jpg 300w\" sizes=\"(max-width: 600px) 100vw, 600px\" \/><\/p>\n<p>After a polish and transilvaian trip the Section of Architecture of the Hungarian Academy of Arts held their assembly in Kosice within a four day long trip in the neighborhood. The trip organized by P\u00e9ter P\u00e1sztor contained many of architectural, cultural and natural sights including a profound tour in Kosice, Bardejov, Jasov, Tur\u0148a nad Bodvou, \u010ce\u010dejovce and Re\u0161ica.<\/p>\n<p><!-- default-view.php -->\n<div\n\tclass=\"ngg-galleryoverview default-view \"\n\tid=\"ngg-gallery-dab179c16b05265dd2f5664781821302-1\">\n\n\t\t<!-- Thumbnails -->\n\t\t\t\t<div id=\"ngg-image-0\" class=\"ngg-gallery-thumbnail-box \" >\n\t\t\t\t        <div class=\"ngg-gallery-thumbnail\">\n            <a href=\"https:\/\/meonline.hu\/felvidek-mma\/felvidek1.jpg\"\n               title=\"Grekofski Nathalie \u00e9p\u00edt\u00e9sz ki\u00e1ll\u00edt\u00e1s\u00e1nak megnyit\u00e1sa, Kassa, Rov\u00e1s Gal\u00e9ria, fot\u00f3: T\u00f6r\u00f6k M\u00e1t\u00e9 - MMA\"\n               data-src=\"https:\/\/meonline.hu\/felvidek-mma\/felvidek1.jpg\"\n               data-thumbnail=\"https:\/\/meonline.hu\/felvidek-mma\/thumbs\/thumbs_felvidek1.jpg\"\n               data-image-id=\"5074\"\n               data-title=\"Grekofski Nathalie \u00e9p\u00edt\u00e9sz ki\u00e1ll\u00edt\u00e1s\u00e1nak megnyit\u00e1sa, Kassa, Rov\u00e1s Gal\u00e9ria, fot\u00f3: T\u00f6r\u00f6k M\u00e1t\u00e9 - MMA\"\n               data-description=\"Grekofski Nathalie \u00e9p\u00edt\u00e9sz ki\u00e1ll\u00edt\u00e1s\u00e1nak megnyit\u00e1sa, Kassa, Rov\u00e1s Gal\u00e9ria, fot\u00f3: T\u00f6r\u00f6k M\u00e1t\u00e9 - MMA\"\n               data-image-slug=\"felvidek1\"\n               class=\"ngg-simplelightbox\" rel=\"dab179c16b05265dd2f5664781821302\">\n                <img\n                    title=\"Grekofski Nathalie \u00e9p\u00edt\u00e9sz ki\u00e1ll\u00edt\u00e1s\u00e1nak megnyit\u00e1sa, Kassa, Rov\u00e1s Gal\u00e9ria, fot\u00f3: T\u00f6r\u00f6k M\u00e1t\u00e9 - MMA\"\n                    alt=\"Grekofski Nathalie \u00e9p\u00edt\u00e9sz ki\u00e1ll\u00edt\u00e1s\u00e1nak megnyit\u00e1sa, Kassa, Rov\u00e1s Gal\u00e9ria, fot\u00f3: T\u00f6r\u00f6k M\u00e1t\u00e9 - MMA\"\n                    src=\"https:\/\/meonline.hu\/felvidek-mma\/thumbs\/thumbs_felvidek1.jpg\"\n                    width=\"100\"\n                    height=\"80\"\n                    style=\"max-width:100%;\"\n                \/>\n            <\/a>\n        <\/div>\n\t\t\t\t\t\t\t<\/div> \n\t\t\t\n\t\t\t\t<div id=\"ngg-image-1\" class=\"ngg-gallery-thumbnail-box \" >\n\t\t\t\t        <div class=\"ngg-gallery-thumbnail\">\n            <a href=\"https:\/\/meonline.hu\/felvidek-mma\/felvidek2.jpg\"\n               title=\"B\u00e1rtfa, fot\u00f3: T\u00f6r\u00f6k M\u00e1t\u00e9 - MMA\"\n               data-src=\"https:\/\/meonline.hu\/felvidek-mma\/felvidek2.jpg\"\n               data-thumbnail=\"https:\/\/meonline.hu\/felvidek-mma\/thumbs\/thumbs_felvidek2.jpg\"\n               data-image-id=\"5075\"\n               data-title=\"B\u00e1rtfa, fot\u00f3: T\u00f6r\u00f6k M\u00e1t\u00e9 - MMA\"\n               data-description=\"B\u00e1rtfa, fot\u00f3: T\u00f6r\u00f6k M\u00e1t\u00e9 - MMA\"\n               data-image-slug=\"felvidek2\"\n               class=\"ngg-simplelightbox\" rel=\"dab179c16b05265dd2f5664781821302\">\n                <img\n                    title=\"B\u00e1rtfa, fot\u00f3: T\u00f6r\u00f6k M\u00e1t\u00e9 - MMA\"\n                    alt=\"B\u00e1rtfa, fot\u00f3: T\u00f6r\u00f6k M\u00e1t\u00e9 - MMA\"\n                    src=\"https:\/\/meonline.hu\/felvidek-mma\/thumbs\/thumbs_felvidek2.jpg\"\n                    width=\"100\"\n                    height=\"80\"\n                    style=\"max-width:100%;\"\n                \/>\n            <\/a>\n        <\/div>\n\t\t\t\t\t\t\t<\/div> \n\t\t\t\n\t\t\t\t<div id=\"ngg-image-2\" class=\"ngg-gallery-thumbnail-box \" >\n\t\t\t\t        <div class=\"ngg-gallery-thumbnail\">\n            <a href=\"https:\/\/meonline.hu\/felvidek-mma\/felvidek3.jpg\"\n               title=\"Kassa - Az Isteni Irgalom Temploma, fot\u00f3: T\u00f6r\u00f6k M\u00e1t\u00e9 - MMA\"\n               data-src=\"https:\/\/meonline.hu\/felvidek-mma\/felvidek3.jpg\"\n               data-thumbnail=\"https:\/\/meonline.hu\/felvidek-mma\/thumbs\/thumbs_felvidek3.jpg\"\n               data-image-id=\"5076\"\n               data-title=\"Kassa - Az Isteni Irgalom Temploma, fot\u00f3: T\u00f6r\u00f6k M\u00e1t\u00e9 - MMA\"\n               data-description=\"Kassa - Az Isteni Irgalom Temploma, fot\u00f3: T\u00f6r\u00f6k M\u00e1t\u00e9 - MMA\"\n               data-image-slug=\"felvidek3\"\n               class=\"ngg-simplelightbox\" rel=\"dab179c16b05265dd2f5664781821302\">\n                <img\n                    title=\"Kassa - Az Isteni Irgalom Temploma, fot\u00f3: T\u00f6r\u00f6k M\u00e1t\u00e9 - MMA\"\n                    alt=\"Kassa - Az Isteni Irgalom Temploma, fot\u00f3: T\u00f6r\u00f6k M\u00e1t\u00e9 - MMA\"\n                    src=\"https:\/\/meonline.hu\/felvidek-mma\/thumbs\/thumbs_felvidek3.jpg\"\n                    width=\"100\"\n                    height=\"80\"\n                    style=\"max-width:100%;\"\n                \/>\n            <\/a>\n        <\/div>\n\t\t\t\t\t\t\t<\/div> \n\t\t\t\n\t\t\t\t<div id=\"ngg-image-3\" class=\"ngg-gallery-thumbnail-box \" >\n\t\t\t\t        <div class=\"ngg-gallery-thumbnail\">\n            <a href=\"https:\/\/meonline.hu\/felvidek-mma\/felvidek4.jpg\"\n               title=\"J\u00e1sz\u00f3i ap\u00e1ts\u00e1g \u00e9s k\u00f6nyvt\u00e1r, fot\u00f3: T\u00f6r\u00f6k M\u00e1t\u00e9 - MMA\"\n               data-src=\"https:\/\/meonline.hu\/felvidek-mma\/felvidek4.jpg\"\n               data-thumbnail=\"https:\/\/meonline.hu\/felvidek-mma\/thumbs\/thumbs_felvidek4.jpg\"\n               data-image-id=\"5077\"\n               data-title=\"J\u00e1sz\u00f3i ap\u00e1ts\u00e1g \u00e9s k\u00f6nyvt\u00e1r, fot\u00f3: T\u00f6r\u00f6k M\u00e1t\u00e9 - MMA\"\n               data-description=\"J\u00e1sz\u00f3i ap\u00e1ts\u00e1g \u00e9s k\u00f6nyvt\u00e1r, fot\u00f3: T\u00f6r\u00f6k M\u00e1t\u00e9 - MMA\"\n               data-image-slug=\"felvidek4\"\n               class=\"ngg-simplelightbox\" rel=\"dab179c16b05265dd2f5664781821302\">\n                <img\n                    title=\"J\u00e1sz\u00f3i ap\u00e1ts\u00e1g \u00e9s k\u00f6nyvt\u00e1r, fot\u00f3: T\u00f6r\u00f6k M\u00e1t\u00e9 - MMA\"\n                    alt=\"J\u00e1sz\u00f3i ap\u00e1ts\u00e1g \u00e9s k\u00f6nyvt\u00e1r, fot\u00f3: T\u00f6r\u00f6k M\u00e1t\u00e9 - MMA\"\n                    src=\"https:\/\/meonline.hu\/felvidek-mma\/thumbs\/thumbs_felvidek4.jpg\"\n                    width=\"100\"\n                    height=\"80\"\n                    style=\"max-width:100%;\"\n                \/>\n            <\/a>\n        <\/div>\n\t\t\t\t\t\t\t<\/div> \n\t\t\t\n\t\t\t\t<div id=\"ngg-image-4\" class=\"ngg-gallery-thumbnail-box \" >\n\t\t\t\t        <div class=\"ngg-gallery-thumbnail\">\n            <a href=\"https:\/\/meonline.hu\/felvidek-mma\/felvidek5.jpg\"\n               title=\"Cs\u00e9csi (\u010ce\u010dejovce) reform\u00e1tus templom, fot\u00f3: T\u00f6r\u00f6k M\u00e1t\u00e9 - MMA\"\n               data-src=\"https:\/\/meonline.hu\/felvidek-mma\/felvidek5.jpg\"\n               data-thumbnail=\"https:\/\/meonline.hu\/felvidek-mma\/thumbs\/thumbs_felvidek5.jpg\"\n               data-image-id=\"5078\"\n               data-title=\"Cs\u00e9csi (\u010ce\u010dejovce) reform\u00e1tus templom, fot\u00f3: T\u00f6r\u00f6k M\u00e1t\u00e9 - MMA\"\n               data-description=\"Cs\u00e9csi (\u010ce\u010dejovce) reform\u00e1tus templom, fot\u00f3: T\u00f6r\u00f6k M\u00e1t\u00e9 - MMA\"\n               data-image-slug=\"felvidek5\"\n               class=\"ngg-simplelightbox\" rel=\"dab179c16b05265dd2f5664781821302\">\n                <img\n                    title=\"Cs\u00e9csi (\u010ce\u010dejovce) reform\u00e1tus templom, fot\u00f3: T\u00f6r\u00f6k M\u00e1t\u00e9 - MMA\"\n                    alt=\"Cs\u00e9csi (\u010ce\u010dejovce) reform\u00e1tus templom, fot\u00f3: T\u00f6r\u00f6k M\u00e1t\u00e9 - MMA\"\n                    src=\"https:\/\/meonline.hu\/felvidek-mma\/thumbs\/thumbs_felvidek5.jpg\"\n                    width=\"100\"\n                    height=\"80\"\n                    style=\"max-width:100%;\"\n                \/>\n            <\/a>\n        <\/div>\n\t\t\t\t\t\t\t<\/div> \n\t\t\t\n\t\n\t<br style=\"clear: both\" \/>\n\n\t\n\t\t<!-- Pagination -->\n\t<div class='ngg-clear'><\/div>\t<\/div>\n<\/p>","protected":false},"excerpt":{"rendered":"<p>Report on the Slovakian trip of the Hungarian Academy of Arts &#8211; Section of Architecture After a polish and transilvaian trip the Section of Architecture of the Hungarian Academy of Arts held their assembly in Kosice within a four day long trip in the neighborhood. The trip organized by P\u00e9ter P\u00e1sztor contained many of architectural, [&hellip;]<\/p>\n","protected":false},"author":1,"featured_media":17434,"comment_status":"closed","ping_status":"closed","sticky":false,"template":"","format":"standard","meta":{"ngg_post_thumbnail":0},"categories":[536,603,7,20],"tags":[],"_links":{"self":[{"href":"https:\/\/meonline.hu\/en\/wp-json\/wp\/v2\/posts\/17423"}],"collection":[{"href":"https:\/\/meonline.hu\/en\/wp-json\/wp\/v2\/posts"}],"about":[{"href":"https:\/\/meonline.hu\/en\/wp-json\/wp\/v2\/types\/post"}],"author":[{"embeddable":true,"href":"https:\/\/meonline.hu\/en\/wp-json\/wp\/v2\/users\/1"}],"replies":[{"embeddable":true,"href":"https:\/\/meonline.hu\/en\/wp-json\/wp\/v2\/comments?post=17423"}],"version-history":[{"count":1,"href":"https:\/\/meonline.hu\/en\/wp-json\/wp\/v2\/posts\/17423\/revisions"}],"predecessor-version":[{"id":17437,"href":"https:\/\/meonline.hu\/en\/wp-json\/wp\/v2\/posts\/17423\/revisions\/17437"}],"wp:featuredmedia":[{"embeddable":true,"href":"https:\/\/meonline.hu\/en\/wp-json\/wp\/v2\/media\/17434"}],"wp:attachment":[{"href":"https:\/\/meonline.hu\/en\/wp-json\/wp\/v2\/media?parent=17423"}],"wp:term":[{"taxonomy":"category","embeddable":true,"href":"https:\/\/meonline.hu\/en\/wp-json\/wp\/v2\/categories?post=17423"},{"taxonomy":"post_tag","embeddable":true,"href":"https:\/\/meonline.hu\/en\/wp-json\/wp\/v2\/tags?post=17423"}],"curies":[{"name":"wp","href":"https:\/\/api.w.org\/{rel}","templated":true}]}}