{"id":17470,"date":"2016-11-03T13:56:03","date_gmt":"2016-11-03T12:56:03","guid":{"rendered":"http:\/\/meonline.hu\/?p=17470"},"modified":"2016-11-03T13:56:50","modified_gmt":"2016-11-03T12:56:50","slug":"az-operahaz-muhelyhaza-es-probacentruma","status":"publish","type":"post","link":"https:\/\/meonline.hu\/en\/archivum\/az-operahaz-muhelyhaza-es-probacentruma\/","title":{"rendered":"The Workshop and Rehearsal Centre of the Opera"},"content":{"rendered":"<p><strong>The Workshop and Rehearsal Centre of the Hungarian State Opera, Budapest<\/strong><\/p>\n<p>Concept and text: <strong>Mikl\u00f3s Marosi<\/strong><\/p>\n<p><img loading=\"lazy\" src=\"http:\/\/meonline.hu\/wp-content\/uploads\/2016\/11\/opera1-600x338.jpg\" alt=\"opera1\" width=\"600\" height=\"338\" class=\"alignnone size-large wp-image-17483\" srcset=\"https:\/\/meonline.hu\/wp-content\/uploads\/2016\/11\/opera1.jpg 600w, https:\/\/meonline.hu\/wp-content\/uploads\/2016\/11\/opera1-250x141.jpg 250w, https:\/\/meonline.hu\/wp-content\/uploads\/2016\/11\/opera1-300x169.jpg 300w\" sizes=\"(max-width: 600px) 100vw, 600px\" \/><\/p>\n<p>The State Opera House celebrated its 130th anniversary in 2014. The building it is housed in today has no capacity to suit all the functions it should as the complex is actually made up of two ensembles with an increasing number of debuts every year, which in turn changed the requirements concerning scenery, props and costumes, needing more space for rehearsal for both the orchestra and the actors too. This development is also meant to centrally position and store the scenery, props and costumes, to house the Opera studio and music school, as well as a visitors\u2019 centre and a maintenance and management centre to co-ordinate all these functions. establishing and furnishing this new basis also offers the potentials to renovate the Ybl Opera House which is a must now on the agenda. The government offered the so-called Eiffel hall for this purpose which formerly housed the Northern Vehicle Repair Shop standing vacant now. This structure is the largest industrial hall in Hungary as well as a protected historic monument. The primary goal of the designer\u2019s concept was to transform the protected hall and preserve the other three office structures on the same premises site which are approximately as old as the Eiffel hall and enjoy protection too along with the former forklift repair shop and blacksmith workshop so as to suit them to house the compulsory functions whilst clearing the whole site to create a suitable environment and context for the large-scale development.<\/p>\n<p>Architecture: <strong>K\u00d6ZTI Zrt. Marosi Studi\u00f3<\/strong><br \/>\nLeading architect: <strong>Mikl\u00f3s Marosi <\/strong><br \/>\nArchitects: <strong>Istv\u00e1n \u00c1cs, \u00c1gnes Pernesz, Anisz Rabie, D\u00e1niel H\u00f3dosi, \u00c1ron D\u00e1ny\u00e1di, Ad\u00e9l S\u00fcveges, Vikt\u00f3ria Weimper, L\u00e1szl\u00f3 Cs\u00edzy, B\u00e1lint Kelemen, D\u00e1vid Petri <\/strong><br \/>\nInteriors: <strong>Istv\u00e1n  Szenes (Szenes Design Kft)<\/strong><br \/>\nLandscape: <strong>Fl\u00f3ra  Potyondy (Park Terv Studio Kft)<\/strong><br \/>\nClient:<strong> Magyar \u00c1llami Operah\u00e1z<\/strong><\/p>\n<p><!-- default-view.php -->\n<div\n\tclass=\"ngg-galleryoverview default-view \"\n\tid=\"ngg-gallery-0bc7c7598304c655e491bccac1a43f5c-1\">\n\n\t\t<!-- Thumbnails -->\n\t\t\t\t<div id=\"ngg-image-0\" class=\"ngg-gallery-thumbnail-box \" >\n\t\t\t\t        <div class=\"ngg-gallery-thumbnail\">\n            <a href=\"https:\/\/meonline.hu\/opera-probaterem\/opera1.jpg\"\n               title=\"Magyar \u00c1llami Operah\u00e1z \u00e9s Erkel Sz\u00ednh\u00e1z m\u0171helyh\u00e1za \u00e9s pr\u00f3ba-centruma\"\n               data-src=\"https:\/\/meonline.hu\/opera-probaterem\/opera1.jpg\"\n               data-thumbnail=\"https:\/\/meonline.hu\/opera-probaterem\/thumbs\/thumbs_opera1.jpg\"\n               data-image-id=\"5088\"\n               data-title=\"Magyar \u00c1llami Operah\u00e1z \u00e9s Erkel Sz\u00ednh\u00e1z m\u0171helyh\u00e1za \u00e9s pr\u00f3ba-centruma\"\n               data-description=\"Magyar \u00c1llami Operah\u00e1z \u00e9s Erkel Sz\u00ednh\u00e1z m\u0171helyh\u00e1za \u00e9s pr\u00f3ba-centruma\"\n               data-image-slug=\"opera1\"\n               class=\"ngg-simplelightbox\" rel=\"0bc7c7598304c655e491bccac1a43f5c\">\n                <img\n                    title=\"Magyar \u00c1llami Operah\u00e1z \u00e9s Erkel Sz\u00ednh\u00e1z m\u0171helyh\u00e1za \u00e9s pr\u00f3ba-centruma\"\n                    alt=\"Magyar \u00c1llami Operah\u00e1z \u00e9s Erkel Sz\u00ednh\u00e1z m\u0171helyh\u00e1za \u00e9s pr\u00f3ba-centruma\"\n                    src=\"https:\/\/meonline.hu\/opera-probaterem\/thumbs\/thumbs_opera1.jpg\"\n                    width=\"100\"\n                    height=\"80\"\n                    style=\"max-width:100%;\"\n                \/>\n            <\/a>\n        <\/div>\n\t\t\t\t\t\t\t<\/div> \n\t\t\t\n\t\t\t\t<div id=\"ngg-image-1\" class=\"ngg-gallery-thumbnail-box \" >\n\t\t\t\t        <div class=\"ngg-gallery-thumbnail\">\n            <a href=\"https:\/\/meonline.hu\/opera-probaterem\/opera2.jpg\"\n               title=\"Magyar \u00c1llami Operah\u00e1z \u00e9s Erkel Sz\u00ednh\u00e1z m\u0171helyh\u00e1za \u00e9s pr\u00f3ba-centruma\"\n               data-src=\"https:\/\/meonline.hu\/opera-probaterem\/opera2.jpg\"\n               data-thumbnail=\"https:\/\/meonline.hu\/opera-probaterem\/thumbs\/thumbs_opera2.jpg\"\n               data-image-id=\"5089\"\n               data-title=\"Magyar \u00c1llami Operah\u00e1z \u00e9s Erkel Sz\u00ednh\u00e1z m\u0171helyh\u00e1za \u00e9s pr\u00f3ba-centruma\"\n               data-description=\"Magyar \u00c1llami Operah\u00e1z \u00e9s Erkel Sz\u00ednh\u00e1z m\u0171helyh\u00e1za \u00e9s pr\u00f3ba-centruma\"\n               data-image-slug=\"opera2\"\n               class=\"ngg-simplelightbox\" rel=\"0bc7c7598304c655e491bccac1a43f5c\">\n                <img\n                    title=\"Magyar \u00c1llami Operah\u00e1z \u00e9s Erkel Sz\u00ednh\u00e1z m\u0171helyh\u00e1za \u00e9s pr\u00f3ba-centruma\"\n                    alt=\"Magyar \u00c1llami Operah\u00e1z \u00e9s Erkel Sz\u00ednh\u00e1z m\u0171helyh\u00e1za \u00e9s pr\u00f3ba-centruma\"\n                    src=\"https:\/\/meonline.hu\/opera-probaterem\/thumbs\/thumbs_opera2.jpg\"\n                    width=\"100\"\n                    height=\"80\"\n                    style=\"max-width:100%;\"\n                \/>\n            <\/a>\n        <\/div>\n\t\t\t\t\t\t\t<\/div> \n\t\t\t\n\t\t\t\t<div id=\"ngg-image-2\" class=\"ngg-gallery-thumbnail-box \" >\n\t\t\t\t        <div class=\"ngg-gallery-thumbnail\">\n            <a href=\"https:\/\/meonline.hu\/opera-probaterem\/opera3.jpg\"\n               title=\"Magyar \u00c1llami Operah\u00e1z \u00e9s Erkel Sz\u00ednh\u00e1z m\u0171helyh\u00e1za \u00e9s pr\u00f3ba-centruma\"\n               data-src=\"https:\/\/meonline.hu\/opera-probaterem\/opera3.jpg\"\n               data-thumbnail=\"https:\/\/meonline.hu\/opera-probaterem\/thumbs\/thumbs_opera3.jpg\"\n               data-image-id=\"5090\"\n               data-title=\"Magyar \u00c1llami Operah\u00e1z \u00e9s Erkel Sz\u00ednh\u00e1z m\u0171helyh\u00e1za \u00e9s pr\u00f3ba-centruma\"\n               data-description=\"Magyar \u00c1llami Operah\u00e1z \u00e9s Erkel Sz\u00ednh\u00e1z m\u0171helyh\u00e1za \u00e9s pr\u00f3ba-centruma\"\n               data-image-slug=\"opera3\"\n               class=\"ngg-simplelightbox\" rel=\"0bc7c7598304c655e491bccac1a43f5c\">\n                <img\n                    title=\"Magyar \u00c1llami Operah\u00e1z \u00e9s Erkel Sz\u00ednh\u00e1z m\u0171helyh\u00e1za \u00e9s pr\u00f3ba-centruma\"\n                    alt=\"Magyar \u00c1llami Operah\u00e1z \u00e9s Erkel Sz\u00ednh\u00e1z m\u0171helyh\u00e1za \u00e9s pr\u00f3ba-centruma\"\n                    src=\"https:\/\/meonline.hu\/opera-probaterem\/thumbs\/thumbs_opera3.jpg\"\n                    width=\"100\"\n                    height=\"80\"\n                    style=\"max-width:100%;\"\n                \/>\n            <\/a>\n        <\/div>\n\t\t\t\t\t\t\t<\/div> \n\t\t\t\n\t\t\t\t<div id=\"ngg-image-3\" class=\"ngg-gallery-thumbnail-box \" >\n\t\t\t\t        <div class=\"ngg-gallery-thumbnail\">\n            <a href=\"https:\/\/meonline.hu\/opera-probaterem\/opera4.jpg\"\n               title=\"Magyar \u00c1llami Operah\u00e1z \u00e9s Erkel Sz\u00ednh\u00e1z m\u0171helyh\u00e1za \u00e9s pr\u00f3ba-centruma\"\n               data-src=\"https:\/\/meonline.hu\/opera-probaterem\/opera4.jpg\"\n               data-thumbnail=\"https:\/\/meonline.hu\/opera-probaterem\/thumbs\/thumbs_opera4.jpg\"\n               data-image-id=\"5091\"\n               data-title=\"Magyar \u00c1llami Operah\u00e1z \u00e9s Erkel Sz\u00ednh\u00e1z m\u0171helyh\u00e1za \u00e9s pr\u00f3ba-centruma\"\n               data-description=\"Magyar \u00c1llami Operah\u00e1z \u00e9s Erkel Sz\u00ednh\u00e1z m\u0171helyh\u00e1za \u00e9s pr\u00f3ba-centruma\"\n               data-image-slug=\"opera4\"\n               class=\"ngg-simplelightbox\" rel=\"0bc7c7598304c655e491bccac1a43f5c\">\n                <img\n                    title=\"Magyar \u00c1llami Operah\u00e1z \u00e9s Erkel Sz\u00ednh\u00e1z m\u0171helyh\u00e1za \u00e9s pr\u00f3ba-centruma\"\n                    alt=\"Magyar \u00c1llami Operah\u00e1z \u00e9s Erkel Sz\u00ednh\u00e1z m\u0171helyh\u00e1za \u00e9s pr\u00f3ba-centruma\"\n                    src=\"https:\/\/meonline.hu\/opera-probaterem\/thumbs\/thumbs_opera4.jpg\"\n                    width=\"100\"\n                    height=\"80\"\n                    style=\"max-width:100%;\"\n                \/>\n            <\/a>\n        <\/div>\n\t\t\t\t\t\t\t<\/div> \n\t\t\t\n\t\t\t\t<div id=\"ngg-image-4\" class=\"ngg-gallery-thumbnail-box \" >\n\t\t\t\t        <div class=\"ngg-gallery-thumbnail\">\n            <a href=\"https:\/\/meonline.hu\/opera-probaterem\/opera5.jpg\"\n               title=\"Magyar \u00c1llami Operah\u00e1z \u00e9s Erkel Sz\u00ednh\u00e1z m\u0171helyh\u00e1za \u00e9s pr\u00f3ba-centruma\"\n               data-src=\"https:\/\/meonline.hu\/opera-probaterem\/opera5.jpg\"\n               data-thumbnail=\"https:\/\/meonline.hu\/opera-probaterem\/thumbs\/thumbs_opera5.jpg\"\n               data-image-id=\"5092\"\n               data-title=\"Magyar \u00c1llami Operah\u00e1z \u00e9s Erkel Sz\u00ednh\u00e1z m\u0171helyh\u00e1za \u00e9s pr\u00f3ba-centruma\"\n               data-description=\"Magyar \u00c1llami Operah\u00e1z \u00e9s Erkel Sz\u00ednh\u00e1z m\u0171helyh\u00e1za \u00e9s pr\u00f3ba-centruma\"\n               data-image-slug=\"opera5\"\n               class=\"ngg-simplelightbox\" rel=\"0bc7c7598304c655e491bccac1a43f5c\">\n                <img\n                    title=\"Magyar \u00c1llami Operah\u00e1z \u00e9s Erkel Sz\u00ednh\u00e1z m\u0171helyh\u00e1za \u00e9s pr\u00f3ba-centruma\"\n                    alt=\"Magyar \u00c1llami Operah\u00e1z \u00e9s Erkel Sz\u00ednh\u00e1z m\u0171helyh\u00e1za \u00e9s pr\u00f3ba-centruma\"\n                    src=\"https:\/\/meonline.hu\/opera-probaterem\/thumbs\/thumbs_opera5.jpg\"\n                    width=\"100\"\n                    height=\"80\"\n                    style=\"max-width:100%;\"\n                \/>\n            <\/a>\n        <\/div>\n\t\t\t\t\t\t\t<\/div> \n\t\t\t\n\t\n\t<br style=\"clear: both\" \/>\n\n\t\n\t\t<!-- Pagination -->\n\t<div class='ngg-clear'><\/div>\t<\/div>\n<\/p>","protected":false},"excerpt":{"rendered":"<p>The Workshop and Rehearsal Centre of the Hungarian State Opera, Budapest Concept and text: Mikl\u00f3s Marosi The State Opera House celebrated its 130th anniversary in 2014. The building it is housed in today has no capacity to suit all the functions it should as the complex is actually made up of two ensembles with an [&hellip;]<\/p>\n","protected":false},"author":1,"featured_media":17483,"comment_status":"closed","ping_status":"closed","sticky":false,"template":"","format":"standard","meta":{"ngg_post_thumbnail":0},"categories":[536,603,7,543],"tags":[],"_links":{"self":[{"href":"https:\/\/meonline.hu\/en\/wp-json\/wp\/v2\/posts\/17470"}],"collection":[{"href":"https:\/\/meonline.hu\/en\/wp-json\/wp\/v2\/posts"}],"about":[{"href":"https:\/\/meonline.hu\/en\/wp-json\/wp\/v2\/types\/post"}],"author":[{"embeddable":true,"href":"https:\/\/meonline.hu\/en\/wp-json\/wp\/v2\/users\/1"}],"replies":[{"embeddable":true,"href":"https:\/\/meonline.hu\/en\/wp-json\/wp\/v2\/comments?post=17470"}],"version-history":[{"count":2,"href":"https:\/\/meonline.hu\/en\/wp-json\/wp\/v2\/posts\/17470\/revisions"}],"predecessor-version":[{"id":17485,"href":"https:\/\/meonline.hu\/en\/wp-json\/wp\/v2\/posts\/17470\/revisions\/17485"}],"wp:featuredmedia":[{"embeddable":true,"href":"https:\/\/meonline.hu\/en\/wp-json\/wp\/v2\/media\/17483"}],"wp:attachment":[{"href":"https:\/\/meonline.hu\/en\/wp-json\/wp\/v2\/media?parent=17470"}],"wp:term":[{"taxonomy":"category","embeddable":true,"href":"https:\/\/meonline.hu\/en\/wp-json\/wp\/v2\/categories?post=17470"},{"taxonomy":"post_tag","embeddable":true,"href":"https:\/\/meonline.hu\/en\/wp-json\/wp\/v2\/tags?post=17470"}],"curies":[{"name":"wp","href":"https:\/\/api.w.org\/{rel}","templated":true}]}}