{"id":17596,"date":"2016-11-03T16:36:44","date_gmt":"2016-11-03T15:36:44","guid":{"rendered":"http:\/\/meonline.hu\/?p=17596"},"modified":"2016-11-03T16:37:55","modified_gmt":"2016-11-03T15:37:55","slug":"mertek-es-leptek","status":"publish","type":"post","link":"https:\/\/meonline.hu\/en\/archivum\/mertek-es-leptek\/","title":{"rendered":"Measure and Scale"},"content":{"rendered":"<p><strong>Dwelling-House, Szentendre<\/strong><\/p>\n<p>Architect: <strong>G\u00e1bor B\u00e1rtfai-Szab\u00f3 <\/strong><br \/>\nText: <strong>Eszter D\u00e9nes <\/strong><br \/>\nPhotos: <strong>Gy\u00f6rgy D\u00e9nes <\/strong><\/p>\n<p><img loading=\"lazy\" src=\"http:\/\/meonline.hu\/wp-content\/uploads\/2016\/11\/szentendre1.jpg\" alt=\"szentendre1\" width=\"600\" height=\"400\" class=\"alignnone size-full wp-image-17613\" srcset=\"https:\/\/meonline.hu\/wp-content\/uploads\/2016\/11\/szentendre1.jpg 600w, https:\/\/meonline.hu\/wp-content\/uploads\/2016\/11\/szentendre1-225x150.jpg 225w, https:\/\/meonline.hu\/wp-content\/uploads\/2016\/11\/szentendre1-300x200.jpg 300w\" sizes=\"(max-width: 600px) 100vw, 600px\" \/><\/p>\n<p>The house in Szentendre designed by architect G\u00e1bor B\u00e1rtfai-Szab\u00f3 reflects clarity and good sense in its forms, whilst embodying timelessness which, in turn, has calming effects on the viewers. It is both correct and appropriate considering its context: it is primarily the domain of scales that goes beyond the dry down-to-earth regulations and is actually more like the quality of behaviour within the given community. More importantly than any other aspect, the house radiates its sense of appropriacy even when viewed from quite a distance. It is not hidden by a solid fence as tall as a human being, but proudly heralds the fact which is obvious for everyone: it is the home of a family. Its dimensions, sizes and scales are thus accordingly appropriate. Its designer was motivated and driven by consciousness and rationality instead of conventions and ephemeral trends of fashion. The building itself is actually the equivalent of two simple sentences and parentheses: two blocks with simple pitched roofs connected via a flat-roofed entrance block covered with metal sheets. Construction today tends to involve wasting both materials and forms, a tendency to which the client and the architect responded with common sense by recycling used bricks. One of the wings of the L shape structure houses the open-roofed joint family space functioning as a living and dining room and a kitchen, joined by the other wing slightly level-shifted to contain the bedrooms and the studies. The zones of the living-room and passages open via large windows towards the well-protected courtile. Facing the sunshine, the roofed-in deck is actually a shelter from the rain and provides cool shadows in summer. On the whole, it is a home illustrating the fact that acknowledging and recognizing genuine needs and the know-how of a modern house may also become values or even symbols of social status.<\/p>\n<p>Architect: <strong>G\u00e1bor B\u00e1rtfai-Szab\u00f3 <\/strong><br \/>\nFellow architect: <strong>Mariann Nagy <\/strong><br \/>\nStructure: <strong>Zolt\u00e1n L\u00e1szl\u00f3 <\/strong><\/p>\n<p><!-- default-view.php -->\n<div\n\tclass=\"ngg-galleryoverview default-view \"\n\tid=\"ngg-gallery-3ecf519d08204f2cf1b4709a96ea2568-1\">\n\n\t\t<!-- Thumbnails -->\n\t\t\t\t<div id=\"ngg-image-0\" class=\"ngg-gallery-thumbnail-box \" >\n\t\t\t\t        <div class=\"ngg-gallery-thumbnail\">\n            <a href=\"https:\/\/meonline.hu\/szentendre-bartfai\/szentendre1.jpg\"\n               title=\"Fot\u00f3: D\u00e9nes Gy\u00f6rgy\"\n               data-src=\"https:\/\/meonline.hu\/szentendre-bartfai\/szentendre1.jpg\"\n               data-thumbnail=\"https:\/\/meonline.hu\/szentendre-bartfai\/thumbs\/thumbs_szentendre1.jpg\"\n               data-image-id=\"5126\"\n               data-title=\"Fot\u00f3: D\u00e9nes Gy\u00f6rgy\"\n               data-description=\"Fot\u00f3: D\u00e9nes Gy\u00f6rgy\"\n               data-image-slug=\"szentendre1\"\n               class=\"ngg-simplelightbox\" rel=\"3ecf519d08204f2cf1b4709a96ea2568\">\n                <img\n                    title=\"Fot\u00f3: D\u00e9nes Gy\u00f6rgy\"\n                    alt=\"Fot\u00f3: D\u00e9nes Gy\u00f6rgy\"\n                    src=\"https:\/\/meonline.hu\/szentendre-bartfai\/thumbs\/thumbs_szentendre1.jpg\"\n                    width=\"100\"\n                    height=\"80\"\n                    style=\"max-width:100%;\"\n                \/>\n            <\/a>\n        <\/div>\n\t\t\t\t\t\t\t<\/div> \n\t\t\t\n\t\t\t\t<div id=\"ngg-image-1\" class=\"ngg-gallery-thumbnail-box \" >\n\t\t\t\t        <div class=\"ngg-gallery-thumbnail\">\n            <a href=\"https:\/\/meonline.hu\/szentendre-bartfai\/szentendre2.jpg\"\n               title=\"Fot\u00f3: D\u00e9nes Gy\u00f6rgy\"\n               data-src=\"https:\/\/meonline.hu\/szentendre-bartfai\/szentendre2.jpg\"\n               data-thumbnail=\"https:\/\/meonline.hu\/szentendre-bartfai\/thumbs\/thumbs_szentendre2.jpg\"\n               data-image-id=\"5127\"\n               data-title=\"Fot\u00f3: D\u00e9nes Gy\u00f6rgy\"\n               data-description=\"Fot\u00f3: D\u00e9nes Gy\u00f6rgy\"\n               data-image-slug=\"szentendre2\"\n               class=\"ngg-simplelightbox\" rel=\"3ecf519d08204f2cf1b4709a96ea2568\">\n                <img\n                    title=\"Fot\u00f3: D\u00e9nes Gy\u00f6rgy\"\n                    alt=\"Fot\u00f3: D\u00e9nes Gy\u00f6rgy\"\n                    src=\"https:\/\/meonline.hu\/szentendre-bartfai\/thumbs\/thumbs_szentendre2.jpg\"\n                    width=\"100\"\n                    height=\"80\"\n                    style=\"max-width:100%;\"\n                \/>\n            <\/a>\n        <\/div>\n\t\t\t\t\t\t\t<\/div> \n\t\t\t\n\t\t\t\t<div id=\"ngg-image-2\" class=\"ngg-gallery-thumbnail-box \" >\n\t\t\t\t        <div class=\"ngg-gallery-thumbnail\">\n            <a href=\"https:\/\/meonline.hu\/szentendre-bartfai\/szentendre3.jpg\"\n               title=\"Fot\u00f3: D\u00e9nes Gy\u00f6rgy\"\n               data-src=\"https:\/\/meonline.hu\/szentendre-bartfai\/szentendre3.jpg\"\n               data-thumbnail=\"https:\/\/meonline.hu\/szentendre-bartfai\/thumbs\/thumbs_szentendre3.jpg\"\n               data-image-id=\"5128\"\n               data-title=\"Fot\u00f3: D\u00e9nes Gy\u00f6rgy\"\n               data-description=\"Fot\u00f3: D\u00e9nes Gy\u00f6rgy\"\n               data-image-slug=\"szentendre3\"\n               class=\"ngg-simplelightbox\" rel=\"3ecf519d08204f2cf1b4709a96ea2568\">\n                <img\n                    title=\"Fot\u00f3: D\u00e9nes Gy\u00f6rgy\"\n                    alt=\"Fot\u00f3: D\u00e9nes Gy\u00f6rgy\"\n                    src=\"https:\/\/meonline.hu\/szentendre-bartfai\/thumbs\/thumbs_szentendre3.jpg\"\n                    width=\"100\"\n                    height=\"80\"\n                    style=\"max-width:100%;\"\n                \/>\n            <\/a>\n        <\/div>\n\t\t\t\t\t\t\t<\/div> \n\t\t\t\n\t\t\t\t<div id=\"ngg-image-3\" class=\"ngg-gallery-thumbnail-box \" >\n\t\t\t\t        <div class=\"ngg-gallery-thumbnail\">\n            <a href=\"https:\/\/meonline.hu\/szentendre-bartfai\/szentendre4.jpg\"\n               title=\"Fot\u00f3: D\u00e9nes Gy\u00f6rgy\"\n               data-src=\"https:\/\/meonline.hu\/szentendre-bartfai\/szentendre4.jpg\"\n               data-thumbnail=\"https:\/\/meonline.hu\/szentendre-bartfai\/thumbs\/thumbs_szentendre4.jpg\"\n               data-image-id=\"5129\"\n               data-title=\"Fot\u00f3: D\u00e9nes Gy\u00f6rgy\"\n               data-description=\"Fot\u00f3: D\u00e9nes Gy\u00f6rgy\"\n               data-image-slug=\"szentendre4\"\n               class=\"ngg-simplelightbox\" rel=\"3ecf519d08204f2cf1b4709a96ea2568\">\n                <img\n                    title=\"Fot\u00f3: D\u00e9nes Gy\u00f6rgy\"\n                    alt=\"Fot\u00f3: D\u00e9nes Gy\u00f6rgy\"\n                    src=\"https:\/\/meonline.hu\/szentendre-bartfai\/thumbs\/thumbs_szentendre4.jpg\"\n                    width=\"100\"\n                    height=\"80\"\n                    style=\"max-width:100%;\"\n                \/>\n            <\/a>\n        <\/div>\n\t\t\t\t\t\t\t<\/div> \n\t\t\t\n\t\t\t\t<div id=\"ngg-image-4\" class=\"ngg-gallery-thumbnail-box \" >\n\t\t\t\t        <div class=\"ngg-gallery-thumbnail\">\n            <a href=\"https:\/\/meonline.hu\/szentendre-bartfai\/szentendre5.jpg\"\n               title=\"Fot\u00f3: D\u00e9nes Gy\u00f6rgy\"\n               data-src=\"https:\/\/meonline.hu\/szentendre-bartfai\/szentendre5.jpg\"\n               data-thumbnail=\"https:\/\/meonline.hu\/szentendre-bartfai\/thumbs\/thumbs_szentendre5.jpg\"\n               data-image-id=\"5130\"\n               data-title=\"Fot\u00f3: D\u00e9nes Gy\u00f6rgy\"\n               data-description=\"Fot\u00f3: D\u00e9nes Gy\u00f6rgy\"\n               data-image-slug=\"szentendre5\"\n               class=\"ngg-simplelightbox\" rel=\"3ecf519d08204f2cf1b4709a96ea2568\">\n                <img\n                    title=\"Fot\u00f3: D\u00e9nes Gy\u00f6rgy\"\n                    alt=\"Fot\u00f3: D\u00e9nes Gy\u00f6rgy\"\n                    src=\"https:\/\/meonline.hu\/szentendre-bartfai\/thumbs\/thumbs_szentendre5.jpg\"\n                    width=\"100\"\n                    height=\"80\"\n                    style=\"max-width:100%;\"\n                \/>\n            <\/a>\n        <\/div>\n\t\t\t\t\t\t\t<\/div> \n\t\t\t\n\t\t\t\t<div id=\"ngg-image-5\" class=\"ngg-gallery-thumbnail-box \" >\n\t\t\t\t        <div class=\"ngg-gallery-thumbnail\">\n            <a href=\"https:\/\/meonline.hu\/szentendre-bartfai\/szentendre6.jpg\"\n               title=\"\"\n               data-src=\"https:\/\/meonline.hu\/szentendre-bartfai\/szentendre6.jpg\"\n               data-thumbnail=\"https:\/\/meonline.hu\/szentendre-bartfai\/thumbs\/thumbs_szentendre6.jpg\"\n               data-image-id=\"5131\"\n               data-title=\"Szentendre\"\n               data-description=\"\"\n               data-image-slug=\"szentendre6\"\n               class=\"ngg-simplelightbox\" rel=\"3ecf519d08204f2cf1b4709a96ea2568\">\n                <img\n                    title=\"Szentendre\"\n                    alt=\"Szentendre\"\n                    src=\"https:\/\/meonline.hu\/szentendre-bartfai\/thumbs\/thumbs_szentendre6.jpg\"\n                    width=\"100\"\n                    height=\"80\"\n                    style=\"max-width:100%;\"\n                \/>\n            <\/a>\n        <\/div>\n\t\t\t\t\t\t\t<\/div> \n\t\t\t\n\t\t\t\t<div id=\"ngg-image-6\" class=\"ngg-gallery-thumbnail-box \" >\n\t\t\t\t        <div class=\"ngg-gallery-thumbnail\">\n            <a href=\"https:\/\/meonline.hu\/szentendre-bartfai\/szentendre7.jpg\"\n               title=\"\"\n               data-src=\"https:\/\/meonline.hu\/szentendre-bartfai\/szentendre7.jpg\"\n               data-thumbnail=\"https:\/\/meonline.hu\/szentendre-bartfai\/thumbs\/thumbs_szentendre7.jpg\"\n               data-image-id=\"5132\"\n               data-title=\"Szentendre\"\n               data-description=\"\"\n               data-image-slug=\"szentendre7\"\n               class=\"ngg-simplelightbox\" rel=\"3ecf519d08204f2cf1b4709a96ea2568\">\n                <img\n                    title=\"Szentendre\"\n                    alt=\"Szentendre\"\n                    src=\"https:\/\/meonline.hu\/szentendre-bartfai\/thumbs\/thumbs_szentendre7.jpg\"\n                    width=\"100\"\n                    height=\"80\"\n                    style=\"max-width:100%;\"\n                \/>\n            <\/a>\n        <\/div>\n\t\t\t\t\t\t\t<\/div> \n\t\t\t\n\t\n\t<br style=\"clear: both\" \/>\n\n\t\n\t\t<!-- Pagination -->\n\t<div class='ngg-clear'><\/div>\t<\/div>\n<\/p>","protected":false},"excerpt":{"rendered":"<p>Dwelling-House, Szentendre Architect: G\u00e1bor B\u00e1rtfai-Szab\u00f3 Text: Eszter D\u00e9nes Photos: Gy\u00f6rgy D\u00e9nes The house in Szentendre designed by architect G\u00e1bor B\u00e1rtfai-Szab\u00f3 reflects clarity and good sense in its forms, whilst embodying timelessness which, in turn, has calming effects on the viewers. It is both correct and appropriate considering its context: it is primarily the domain of [&hellip;]<\/p>\n","protected":false},"author":1,"featured_media":17613,"comment_status":"closed","ping_status":"closed","sticky":false,"template":"","format":"standard","meta":{"ngg_post_thumbnail":0},"categories":[536,603,7,9],"tags":[],"_links":{"self":[{"href":"https:\/\/meonline.hu\/en\/wp-json\/wp\/v2\/posts\/17596"}],"collection":[{"href":"https:\/\/meonline.hu\/en\/wp-json\/wp\/v2\/posts"}],"about":[{"href":"https:\/\/meonline.hu\/en\/wp-json\/wp\/v2\/types\/post"}],"author":[{"embeddable":true,"href":"https:\/\/meonline.hu\/en\/wp-json\/wp\/v2\/users\/1"}],"replies":[{"embeddable":true,"href":"https:\/\/meonline.hu\/en\/wp-json\/wp\/v2\/comments?post=17596"}],"version-history":[{"count":3,"href":"https:\/\/meonline.hu\/en\/wp-json\/wp\/v2\/posts\/17596\/revisions"}],"predecessor-version":[{"id":17616,"href":"https:\/\/meonline.hu\/en\/wp-json\/wp\/v2\/posts\/17596\/revisions\/17616"}],"wp:featuredmedia":[{"embeddable":true,"href":"https:\/\/meonline.hu\/en\/wp-json\/wp\/v2\/media\/17613"}],"wp:attachment":[{"href":"https:\/\/meonline.hu\/en\/wp-json\/wp\/v2\/media?parent=17596"}],"wp:term":[{"taxonomy":"category","embeddable":true,"href":"https:\/\/meonline.hu\/en\/wp-json\/wp\/v2\/categories?post=17596"},{"taxonomy":"post_tag","embeddable":true,"href":"https:\/\/meonline.hu\/en\/wp-json\/wp\/v2\/tags?post=17596"}],"curies":[{"name":"wp","href":"https:\/\/api.w.org\/{rel}","templated":true}]}}