{"id":196,"date":"2009-10-19T10:21:51","date_gmt":"2009-10-19T08:21:51","guid":{"rendered":"http:\/\/meonlinehu.web-server.hu\/?p=196"},"modified":"2021-12-30T21:52:51","modified_gmt":"2021-12-30T20:52:51","slug":"a-mult-visszatemetese","status":"publish","type":"post","link":"https:\/\/meonline.hu\/en\/archivum\/a-mult-visszatemetese\/","title":{"rendered":"A m\u00falt visszatemet\u00e9se"},"content":{"rendered":"<p><strong>\u201eA v\u00e1ros j\u00f6v\u0151j\u00e9r\u0151l \u2013 zsid\u00f3- \u00e9s m\u00e1s negyedek, Budapest egykor \u00e9s ma\u201d Mumus, 09. 07.<\/strong><\/p>\n<p><strong>&#8220;Kultur\u00e1lis \u00d6r\u00f6ks\u00e9g Napja 2009&#8221; a HDKE-ban, 09. 19-20.<\/strong><\/p>\n<p><img loading=\"lazy\" class=\"aligncenter size-full wp-image-197\" title=\"1_mult visszatemetese\" src=\"http:\/\/meonlinehu.web-server.hu\/wp-content\/uploads\/2010\/02\/1_mult-visszatemetese.jpg\" alt=\"\" width=\"600\" height=\"450\" srcset=\"https:\/\/meonline.hu\/wp-content\/uploads\/2010\/02\/1_mult-visszatemetese.jpg 600w, https:\/\/meonline.hu\/wp-content\/uploads\/2010\/02\/1_mult-visszatemetese-200x150.jpg 200w, https:\/\/meonline.hu\/wp-content\/uploads\/2010\/02\/1_mult-visszatemetese-300x225.jpg 300w\" sizes=\"(max-width: 600px) 100vw, 600px\" \/><\/p>\n<p>Nem nagyon l\u00e9tezik ma olyan <em>nem-civil<\/em> szervezet Magyarorsz\u00e1gon, aminek sz\u00edve k\u00f6zepe lenne a r\u00e9gi zsid\u00f3 negyed meg\u00f3v\u00e1sa. J\u00f3llehet ez nem csak a n\u00e9hai identit\u00e1s meg\u0151rz\u00e9s\u00e9t, hanem a meg\u00faj\u00edt\u00e1s\u00e1t is jelenti. M\u00falt n\u00e9lk\u00fcl nincs j\u00f6v\u0151, \u00e9s az \u00e9p\u00edtett k\u00f6rnyezet hiteles meg\u0151rz\u00e9se: befektet\u00e9s a j\u00f6v\u0151be. Ak\u00e1r turisztikailag is, mint Pr\u00e1g\u00e1ban, Krakk\u00f3ban \u00e9s m\u00e1sutt &#8211; erre m\u00e1r sokan felh\u00edvt\u00e1k a figyelmet. Arr\u00f3l nem sz\u00f3lva, hogy a magyarorsz\u00e1gi zsid\u00f3 \u00f6r\u00f6ks\u00e9g a magyar kultur\u00e1lis \u00f6r\u00f6ks\u00e9gnek is megker\u00fclhetetlen r\u00e9sze.<\/p>\n<p>A <em>Kultur\u00e1lis \u00d6r\u00f6ks\u00e9gv\u00e9delmi Hivatalt\u00f3l <\/em>nem messze n\u00e9h\u00e1ny \u00e9ve megtal\u00e1lt\u00e1k a Budai V\u00e1r els\u0151 k\u00f6z\u00e9pkori zsinag\u00f3g\u00e1j\u00e1t. Majd r\u00f6vid \u00faton visszatemett\u00e9k a f\u00f6ld al\u00e1. Mert a f\u00f6l\u00f6tte l\u00e9v\u0151 \u00fat kiv\u00e1lt\u00e1sa \u2013 \u00fagy l\u00e1tszik &#8211; <em>\u201elehetetlen\u201d<\/em> m\u0171szaki feladat. Szemrebben\u00e9s n\u00e9lk\u00fcl temett\u00e9k vissza, ak\u00e1r azt az 1686-os ostrom sor\u00e1n megs\u00e9r\u00fclt k\u00e9s\u0151bbi, de szint\u00e9n k\u00f6z\u00e9pkori zsinag\u00f3g\u00e1t, amit m\u00e9g <em>Zolnay L\u00e1szl\u00f3<\/em> t\u00e1rt f\u00f6l a T\u00e1ncsics Mih\u00e1ly utc\u00e1ban, a hatvanas \u00e9vek elej\u00e9n. Amikor hasonl\u00f3 lelet ker\u00fclt el\u0151<em> B\u00e9cs<\/em> belv\u00e1ros\u00e1ban, \u00e9p\u00edt\u00e9szeti szenz\u00e1ci\u00f3t csin\u00e1ltak bel\u0151le. M\u00e9g ma is tart, mert ott m\u00fazeum ny\u00edlt: hisz mind a t\u00edz ujjukat megnyalt\u00e1k \u00f6r\u00f6m\u00fckben, rem\u00e9lve, hogy a majdnem 600 \u00e9ve felgy\u00fajtott g\u00f3tikus \u00e9p\u00fclet fellel\u00e9se feledteti a 60 \u00e9ve felgy\u00fajtottak eml\u00e9k\u00e9t. N\u00e1lunk az \u00f3budai \u00e9s a v\u00e1rbeli zsinag\u00f3g\u00e1t is lefitym\u00e1lt\u00e1k, s\u0151t eltusolt\u00e1k. \u00c9lek a gyan\u00faperrel, a \u201e<em>hivataloss\u00e1g<\/em>\u201d a magyar zsid\u00f3 \u00f6r\u00f6ks\u00e9get tal\u00e1n m\u00e9gsem tekinti a magyar kultur\u00e1lis \u00f6r\u00f6ks\u00e9g r\u00e9sz\u00e9nek.<\/p>\n<p>R\u00f3zsa T. Endre<\/p>\n<p>R\u00f3zsa T. Endre\u00a0elkesered\u00e9s\u00e9n finom\u00edtanom kell: a P\u00e1va utcai p\u00e9ldaszer\u0171en fel\u00faj\u00edtott zsinag\u00f3ga ma vil\u00e1gszenz\u00e1ci\u00f3. A m\u00e9ltatlanul elfelejtett, t\u00f6bb mint 40 zsinag\u00f3g\u00e1t \u00e9p\u00edt\u0151-b\u0151v\u00edt\u0151 Baumhorn egyik f\u0151m\u0171v\u00e9t igenis megmentette a magyar kult\u00fara. A Kultur\u00e1lis \u00d6r\u00f6ks\u00e9g Napj\u00e1n (szept. 19-20) a ny\u00edlt napon tartott vezet\u00e9sek, rangos el\u0151ad\u00e1sok \u00e9s az \u00e1ltalunk prezent\u00e1lt Kultucca terjeszked\u00e9s\u00e9nek, gazdagod\u00f3 tematik\u00e1j\u00e1nak v\u00e1zlattervei sikert arattak. \u00dagy l\u00e1tszik, Hugo Bettauernek, a <em>Nagyv\u00e1ros zsid\u00f3k n\u00e9lk\u00fcl<\/em> (1922) c. vil\u00e1gh\u00edr\u0171, akkor felr\u00e1z\u00f3 sz\u00e1nd\u00e9kkal meg\u00edrt negat\u00edv ut\u00f3pia (reg\u00e9ny \u00e9s film) \u00edr\u00f3j\u00e1nak m\u00e1ig van hat\u00e1sa: v\u00e1rost, annak kultucc\u00e1j\u00e1t &#8211; Eur\u00f3p\u00e1ban &#8211; paradoxon zsid\u00f3 kult\u00fara n\u00e9lk\u00fcl elk\u00e9pzelni. A HDKE m\u00f6g\u00f6tt \u00e1ll\u00f3 kurat\u00f3rium, \u00e9s az \u00faj igazgat\u00f3, Hars\u00e1nyi L\u00e1szl\u00f3 tervei szerint, a Dokument\u00e1ci\u00f3s K\u00f6zpont a k\u00f6zelj\u00f6v\u0151ben &#8211; amikor egyre kevesebben vannak m\u00e1r a t\u00fal\u00e9l\u0151k &#8211; nem csak eml\u00e9k- \u00e9s kutat\u00f3hely, de a sz\u00e9lesebb t\u00e1rsadalom sz\u00e1m\u00e1ra a zsid\u00f3 kult\u00far\u00e1t bemutat\u00f3, \u00e9l\u0151 kultur\u00e1lis m\u0171hely k\u00edv\u00e1n lenni. V\u00e1rosalak\u00edt\u00f3 civilek \u00e9s politikusok ezt a c\u00e9lt nem t\u00e9veszthetik szem el\u0151l.<\/p>\n<p>Szeg\u0151 Gy\u00f6rgy<\/p>\n","protected":false},"excerpt":{"rendered":"<p>Nem nagyon l\u00e9tezik ma olyan nem-civil szervezet Magyarorsz\u00e1gon, aminek sz\u00edve k\u00f6zepe lenne a r\u00e9gi zsid\u00f3 negyed meg\u00f3v\u00e1sa. J\u00f3llehet ez nem csak a n\u00e9hai identit\u00e1s meg\u0151rz\u00e9s\u00e9t, hanem a meg\u00faj\u00edt\u00e1s\u00e1t is jelenti. M\u00falt n\u00e9lk\u00fcl nincs j\u00f6v\u0151, \u00e9s az \u00e9p\u00edtett k\u00f6rnyezet hiteles meg\u0151rz\u00e9se: befektet\u00e9s a j\u00f6v\u0151be.<\/p>\n","protected":false},"author":1,"featured_media":197,"comment_status":"closed","ping_status":"closed","sticky":false,"template":"","format":"standard","meta":{"ngg_post_thumbnail":0},"categories":[10,7],"tags":[],"_links":{"self":[{"href":"https:\/\/meonline.hu\/en\/wp-json\/wp\/v2\/posts\/196"}],"collection":[{"href":"https:\/\/meonline.hu\/en\/wp-json\/wp\/v2\/posts"}],"about":[{"href":"https:\/\/meonline.hu\/en\/wp-json\/wp\/v2\/types\/post"}],"author":[{"embeddable":true,"href":"https:\/\/meonline.hu\/en\/wp-json\/wp\/v2\/users\/1"}],"replies":[{"embeddable":true,"href":"https:\/\/meonline.hu\/en\/wp-json\/wp\/v2\/comments?post=196"}],"version-history":[{"count":9,"href":"https:\/\/meonline.hu\/en\/wp-json\/wp\/v2\/posts\/196\/revisions"}],"predecessor-version":[{"id":44159,"href":"https:\/\/meonline.hu\/en\/wp-json\/wp\/v2\/posts\/196\/revisions\/44159"}],"wp:featuredmedia":[{"embeddable":true,"href":"https:\/\/meonline.hu\/en\/wp-json\/wp\/v2\/media\/197"}],"wp:attachment":[{"href":"https:\/\/meonline.hu\/en\/wp-json\/wp\/v2\/media?parent=196"}],"wp:term":[{"taxonomy":"category","embeddable":true,"href":"https:\/\/meonline.hu\/en\/wp-json\/wp\/v2\/categories?post=196"},{"taxonomy":"post_tag","embeddable":true,"href":"https:\/\/meonline.hu\/en\/wp-json\/wp\/v2\/tags?post=196"}],"curies":[{"name":"wp","href":"https:\/\/api.w.org\/{rel}","templated":true}]}}