{"id":20,"date":"2009-10-22T13:20:29","date_gmt":"2009-10-22T11:20:29","guid":{"rendered":"http:\/\/meonlinehu.web-server.hu\/?p=20"},"modified":"2021-12-30T22:22:23","modified_gmt":"2021-12-30T21:22:23","slug":"architecture-v4-1990-2008","status":"publish","type":"post","link":"https:\/\/meonline.hu\/en\/archivum\/architecture-v4-1990-2008\/","title":{"rendered":"Architecture V4 1990-2008"},"content":{"rendered":"<p>\u00a0<strong>K\u00f6nyv \u00e9s ki\u00e1ll\u00edt\u00e1s a \u201cV-N\u00e9gyek\u201d kort\u00e1rs \u00e9p\u00edt\u00e9szet\u00e9r\u0151l\u00a0<\/strong><\/p>\n<p><img loading=\"lazy\" class=\"alignleft size-thumbnail wp-image-41\" title=\"1_V4\" src=\"http:\/\/meonlinehu.web-server.hu\/wp-content\/uploads\/2009\/10\/1_V4-131x150.jpg\" alt=\"\" width=\"131\" height=\"150\" srcset=\"https:\/\/meonline.hu\/wp-content\/uploads\/2009\/10\/1_V4-131x150.jpg 131w, https:\/\/meonline.hu\/wp-content\/uploads\/2009\/10\/1_V4-263x300.jpg 263w, https:\/\/meonline.hu\/wp-content\/uploads\/2009\/10\/1_V4.jpg 450w\" sizes=\"(max-width: 131px) 100vw, 131px\" \/>Az <em>Architecture V4 1990-2008 <\/em>c\u00edm\u0171, angol nyelv\u0171 \u00e9p\u00edt\u00e9szeti gy\u0171jtem\u00e9ny nemr\u00e9g jelent meg Csehorsz\u00e1gban a Kant Kiad\u00f3 gondoz\u00e1s\u00e1ban. Magyarorsz\u00e1gi bemutat\u00f3ja az \u00c9p\u00edt\u00e9szet Vil\u00e1gnapj\u00e1n volt a Barab\u00e1s Vill\u00e1ban. A Visegr\u00e1di N\u00e9gyek \u00e9p\u00edt\u00e9szet\u00e9nek legut\u00f3bbi k\u00e9t \u00e9vtized\u00e9t p\u00e1szt\u00e1z\u00f3 v\u00e1logat\u00e1s orsz\u00e1gonk\u00e9nt 18 \u00e9p\u00fcletet tartalmaz. Jan Stempel koncepci\u00f3ja szerint a n\u00e9gy orsz\u00e1g vezet\u0151 \u00e9p\u00edt\u00e9szeinek \u00e9s kritikusainak k\u00f6zrem\u0171k\u00f6d\u00e9s\u00e9vel v\u00e1logattak. A t\u00f6bb mint 190 oldalas album az \u00e9p\u00fcleteteket dupla oldalon mutatja be r\u00f6vid ismertet\u0151vel \u00e9s \u00edzl\u00e9ses k\u00e9panyaggal. Jan Stempel bevezet\u0151je ut\u00e1n az orsz\u00e1gonk\u00e9nti blokkokat egy-egy, az adott orsz\u00e1g 1990 ut\u00e1ni \u00e9p\u00edt\u00e9szet\u00e9t elemz\u0151 tanulm\u00e1ny vezeti be. A k\u00f6nyv ugyanakkor szervesen kapcsol\u00f3dik az azonos c\u00edm\u0171 v\u00e1ndorki\u00e1ll\u00edt\u00e1shoz, amelynek els\u0151 \u00e1llom\u00e1sa a budapesti \u00c9p\u00edt\u00e9szek H\u00e1za. Tal\u00e1n hagyom\u00e1nny\u00e1 is v\u00e1lik az \u00e9vente megrendezend\u0151 Visegr\u00e1di N\u00e9gyek \u00e9p\u00edt\u00e9szet\u00e9t bemutat\u00f3 v\u00e1ndorki\u00e1ll\u00edt\u00e1s, hasonl\u00f3an az orsz\u00e1gonk\u00e9nt 10-10 kiemelked\u0151 csal\u00e1di h\u00e1zat imm\u00e1r k\u00e9t \u00e9ve bemutat\u00f3 ki\u00e1ll\u00edt\u00e1sokhoz.\u00a0<\/p>\n<p>Botzheim B\u00e1lint\u00a0<\/p>\n<div id=\"attachment_353\" style=\"width: 410px\" class=\"wp-caption aligncenter\"><img aria-describedby=\"caption-attachment-353\" loading=\"lazy\" class=\"size-full wp-image-353\" title=\"2_V4\" src=\"http:\/\/meonlinehu.web-server.hu\/wp-content\/uploads\/2009\/10\/2_V4.jpg\" alt=\"\" width=\"400\" height=\"600\" srcset=\"https:\/\/meonline.hu\/wp-content\/uploads\/2009\/10\/2_V4.jpg 400w, https:\/\/meonline.hu\/wp-content\/uploads\/2009\/10\/2_V4-100x150.jpg 100w, https:\/\/meonline.hu\/wp-content\/uploads\/2009\/10\/2_V4-200x300.jpg 200w\" sizes=\"(max-width: 400px) 100vw, 400px\" \/><p id=\"caption-attachment-353\" class=\"wp-caption-text\">Projectile Architects: K\u00f6nyvt\u00e1r \u00e9s Inform\u00e1ci\u00f3s K\u00f6zpont, Hradec, Kr\u00e1lov\u00e9<\/p><\/div>\n<div id=\"attachment_354\" style=\"width: 410px\" class=\"wp-caption aligncenter\"><img aria-describedby=\"caption-attachment-354\" loading=\"lazy\" class=\"size-full wp-image-354\" title=\"5_V4\" src=\"http:\/\/meonlinehu.web-server.hu\/wp-content\/uploads\/2009\/10\/5_V4.jpg\" alt=\"\" width=\"400\" height=\"533\" srcset=\"https:\/\/meonline.hu\/wp-content\/uploads\/2009\/10\/5_V4.jpg 400w, https:\/\/meonline.hu\/wp-content\/uploads\/2009\/10\/5_V4-112x150.jpg 112w, https:\/\/meonline.hu\/wp-content\/uploads\/2009\/10\/5_V4-225x300.jpg 225w\" sizes=\"(max-width: 400px) 100vw, 400px\" \/><p id=\"caption-attachment-354\" class=\"wp-caption-text\">Basa P\u00e9ter, Cz\u00e9r P\u00e9ter: Kil\u00e1t\u00f3, Nagy-Kopasz<\/p><\/div>\n<div id=\"attachment_355\" style=\"width: 490px\" class=\"wp-caption aligncenter\"><img aria-describedby=\"caption-attachment-355\" loading=\"lazy\" class=\"size-full wp-image-355 \" title=\"3_V4\" src=\"http:\/\/meonlinehu.web-server.hu\/wp-content\/uploads\/2009\/10\/3_V4.jpg\" alt=\"\" width=\"480\" height=\"351\" srcset=\"https:\/\/meonline.hu\/wp-content\/uploads\/2009\/10\/3_V4.jpg 480w, https:\/\/meonline.hu\/wp-content\/uploads\/2009\/10\/3_V4-205x150.jpg 205w, https:\/\/meonline.hu\/wp-content\/uploads\/2009\/10\/3_V4-300x219.jpg 300w\" sizes=\"(max-width: 480px) 100vw, 480px\" \/><p id=\"caption-attachment-355\" class=\"wp-caption-text\">Lubom\u00edr Z\u00e1vodny, Georg Bliznakov, Matej Siebert: R\u00f3mai katolikus templom, Pozsony<\/p><\/div>\n<div id=\"attachment_356\" style=\"width: 610px\" class=\"wp-caption aligncenter\"><img aria-describedby=\"caption-attachment-356\" loading=\"lazy\" class=\"size-full wp-image-356\" title=\"4_V4\" src=\"http:\/\/meonlinehu.web-server.hu\/wp-content\/uploads\/2009\/10\/4_V4.jpg\" alt=\"\" width=\"600\" height=\"450\" srcset=\"https:\/\/meonline.hu\/wp-content\/uploads\/2009\/10\/4_V4.jpg 600w, https:\/\/meonline.hu\/wp-content\/uploads\/2009\/10\/4_V4-200x150.jpg 200w, https:\/\/meonline.hu\/wp-content\/uploads\/2009\/10\/4_V4-300x225.jpg 300w\" sizes=\"(max-width: 600px) 100vw, 600px\" \/><p id=\"caption-attachment-356\" class=\"wp-caption-text\">Fej\u00e9rdy P\u00e9ter: G\u00f6r\u00f6g katolikus templom, Csepel<\/p><\/div>\n","protected":false},"excerpt":{"rendered":"<p>Az Architecture V4 1990-2008 c\u00edm\u0171, angol nyelv\u0171 \u00e9p\u00edt\u00e9szeti gy\u0171jtem\u00e9ny nemr\u00e9g jelent meg Csehorsz\u00e1gban a Kant Kiad\u00f3 gondoz\u00e1s\u00e1ban. Magyarorsz\u00e1gi bemutat\u00f3ja az \u00c9p\u00edt\u00e9szet Vil\u00e1gnapj\u00e1n volt a Barab\u00e1s Vill\u00e1ban. A Visegr\u00e1di N\u00e9gyek \u00e9p\u00edt\u00e9szet\u00e9nek legut\u00f3bbi k\u00e9t \u00e9vtized\u00e9t p\u00e1szt\u00e1z\u00f3 v\u00e1logat\u00e1s orsz\u00e1gonk\u00e9nt 18 \u00e9p\u00fcletet tartalmaz.<\/p>\n","protected":false},"author":1,"featured_media":41,"comment_status":"closed","ping_status":"closed","sticky":false,"template":"","format":"standard","meta":{"ngg_post_thumbnail":0},"categories":[10,7],"tags":[],"_links":{"self":[{"href":"https:\/\/meonline.hu\/en\/wp-json\/wp\/v2\/posts\/20"}],"collection":[{"href":"https:\/\/meonline.hu\/en\/wp-json\/wp\/v2\/posts"}],"about":[{"href":"https:\/\/meonline.hu\/en\/wp-json\/wp\/v2\/types\/post"}],"author":[{"embeddable":true,"href":"https:\/\/meonline.hu\/en\/wp-json\/wp\/v2\/users\/1"}],"replies":[{"embeddable":true,"href":"https:\/\/meonline.hu\/en\/wp-json\/wp\/v2\/comments?post=20"}],"version-history":[{"count":16,"href":"https:\/\/meonline.hu\/en\/wp-json\/wp\/v2\/posts\/20\/revisions"}],"predecessor-version":[{"id":44200,"href":"https:\/\/meonline.hu\/en\/wp-json\/wp\/v2\/posts\/20\/revisions\/44200"}],"wp:featuredmedia":[{"embeddable":true,"href":"https:\/\/meonline.hu\/en\/wp-json\/wp\/v2\/media\/41"}],"wp:attachment":[{"href":"https:\/\/meonline.hu\/en\/wp-json\/wp\/v2\/media?parent=20"}],"wp:term":[{"taxonomy":"category","embeddable":true,"href":"https:\/\/meonline.hu\/en\/wp-json\/wp\/v2\/categories?post=20"},{"taxonomy":"post_tag","embeddable":true,"href":"https:\/\/meonline.hu\/en\/wp-json\/wp\/v2\/tags?post=20"}],"curies":[{"name":"wp","href":"https:\/\/api.w.org\/{rel}","templated":true}]}}