{"id":2141,"date":"2010-07-05T16:45:16","date_gmt":"2010-07-05T14:45:16","guid":{"rendered":"http:\/\/meonline.hu\/?p=2141"},"modified":"2010-07-05T16:45:16","modified_gmt":"2010-07-05T14:45:16","slug":"budapest-varosszovetenek-diszei","status":"publish","type":"post","link":"https:\/\/meonline.hu\/en\/utoirat\/budapest-varosszovetenek-diszei\/","title":{"rendered":"The &#8220;Ornaments&#8221; of Budapest"},"content":{"rendered":"<p><strong>Benk\u0151 Melinda<\/p>\n<p>Budapest v\u00e1rossz\u00f6vet\u00e9nek \u201ed\u00edszei\u201d<\/strong><\/p>\n<p>A P\u00e1rizsi Magyar Int\u00e9zetben 2010 m\u00e1rcius\u00e1ban a kort\u00e1rs magyar \u00e9p\u00edt\u00e9szet elm\u00falt 15 \u00e9v\u00e9t bemutat\u00f3 ki\u00e1ll\u00edt\u00e1s k\u00eds\u00e9r\u0151rendezv\u00e9nye volt Az \u00fajornamentika c\u00edm\u0171 konferencia. Az \u00edr\u00e1s a szerz\u0151nek erre az alkalomra \u00f6ssze\u00e1ll\u00edtott francia nyelv\u0171 el\u0151ad\u00e1sa alapj\u00e1n k\u00e9sz\u00fclt. Ismerve a ki\u00e1ll\u00edtott anyag \u00f6sszetetts\u00e9g\u00e9t, az ornamentika sz\u00f3t a k\u00f6z\u00e9ppontba \u00e1ll\u00edt\u00f3 konferencia felh\u00edv\u00e1st \u00e9s a k\u00fclf\u00f6ldi jelenl\u00e9t saj\u00e1toss\u00e1gait, az el\u0151ad\u00e1s a k\u00f6vetkez\u0151 gondolatk\u00f6rre f\u0171z\u0151dik fel: minden egyes \u00faj \u00e9p\u00fclet k\u00f6rnyezet\u00e9be \u00edr\u00f3dva a v\u00e1ros egy kis r\u00e9sz\u00e9t \u00e1talak\u00edtja. Egyr\u00e9szt a h\u00e1z reag\u00e1l a helysz\u00edn adotts\u00e1gaira, m\u00e1sr\u00e9szt t\u00f6bb s\u00edkon \u2013 t\u00e9rben r\u00f6gz\u00fclve, id\u0151ben v\u00e1ltoz\u00f3 m\u00f3don \u2013 meghat\u00e1rozza saj\u00e1t helyzet\u00e9t a v\u00e1roshoz viszony\u00edtva. <\/p>\n<p><a href=\"http:\/\/meonline.hu\/wp-content\/uploads\/2010\/07\/budapest.jpg\"><img loading=\"lazy\" src=\"http:\/\/meonline.hu\/wp-content\/uploads\/2010\/07\/budapest.jpg\" alt=\"\" title=\"budapest\" width=\"600\" height=\"299\" class=\"alignnone size-full wp-image-2142\" srcset=\"https:\/\/meonline.hu\/wp-content\/uploads\/2010\/07\/budapest.jpg 600w, https:\/\/meonline.hu\/wp-content\/uploads\/2010\/07\/budapest-250x124.jpg 250w, https:\/\/meonline.hu\/wp-content\/uploads\/2010\/07\/budapest-300x149.jpg 300w\" sizes=\"(max-width: 600px) 100vw, 600px\" \/><\/a><br \/>\n<\/p>","protected":false},"excerpt":{"rendered":"<p class=\"qtranxs-available-languages-message qtranxs-available-languages-message-en\">Sorry, this entry is only available in <a href=\"https:\/\/meonline.hu\/hu\/wp-json\/wp\/v2\/posts\/2141\" class=\"qtranxs-available-language-link qtranxs-available-language-link-hu\" title=\"Magyar\">Hungarian<\/a>.<\/p>\n","protected":false},"author":1,"featured_media":2142,"comment_status":"closed","ping_status":"closed","sticky":false,"template":"","format":"standard","meta":{"ngg_post_thumbnail":0},"categories":[8,37],"tags":[],"_links":{"self":[{"href":"https:\/\/meonline.hu\/en\/wp-json\/wp\/v2\/posts\/2141"}],"collection":[{"href":"https:\/\/meonline.hu\/en\/wp-json\/wp\/v2\/posts"}],"about":[{"href":"https:\/\/meonline.hu\/en\/wp-json\/wp\/v2\/types\/post"}],"author":[{"embeddable":true,"href":"https:\/\/meonline.hu\/en\/wp-json\/wp\/v2\/users\/1"}],"replies":[{"embeddable":true,"href":"https:\/\/meonline.hu\/en\/wp-json\/wp\/v2\/comments?post=2141"}],"version-history":[{"count":1,"href":"https:\/\/meonline.hu\/en\/wp-json\/wp\/v2\/posts\/2141\/revisions"}],"predecessor-version":[{"id":2143,"href":"https:\/\/meonline.hu\/en\/wp-json\/wp\/v2\/posts\/2141\/revisions\/2143"}],"wp:featuredmedia":[{"embeddable":true,"href":"https:\/\/meonline.hu\/en\/wp-json\/wp\/v2\/media\/2142"}],"wp:attachment":[{"href":"https:\/\/meonline.hu\/en\/wp-json\/wp\/v2\/media?parent=2141"}],"wp:term":[{"taxonomy":"category","embeddable":true,"href":"https:\/\/meonline.hu\/en\/wp-json\/wp\/v2\/categories?post=2141"},{"taxonomy":"post_tag","embeddable":true,"href":"https:\/\/meonline.hu\/en\/wp-json\/wp\/v2\/tags?post=2141"}],"curies":[{"name":"wp","href":"https:\/\/api.w.org\/{rel}","templated":true}]}}