{"id":2159,"date":"2010-07-05T17:39:58","date_gmt":"2010-07-05T15:39:58","guid":{"rendered":"http:\/\/meonline.hu\/?p=2159"},"modified":"2010-07-05T17:39:58","modified_gmt":"2010-07-05T15:39:58","slug":"opponencia","status":"publish","type":"post","link":"https:\/\/meonline.hu\/en\/utoirat\/opponencia\/","title":{"rendered":"Opponencia"},"content":{"rendered":"<p><strong>Skardelli Gy\u00f6rgy: Harmadik fejezet <\/p>\n<p>Opponencia a Sz\u00e9pm\u0171v\u00e9szeti M\u00fazeum t\u00e9rsz\u00edn alatti b\u0151v\u00edt\u00e9s\u00e9nek \u00e9p\u00edt\u00e9si enged\u00e9lyez\u00e9si terv\u00e9hez <\/strong><\/p>\n<p>A Sz\u00e9pm\u0171v\u00e9szeti M\u00fazeum t\u00e9rszint alatti b\u0151v\u00edt\u00e9se k\u00f6r\u00fcli vit\u00e1k \u00e9s esem\u00e9nyek 2010 tavasz\u00e1n az \u00e9p\u00edt\u00e9szeti kommunik\u00e1ci\u00f3 t\u00e9mak\u00f6r\u00e9nek szinte minden lehets\u00e9ges oldal\u00e1t megjelen\u00edtett\u00e9k. Skardelli Gy\u00f6rgy opponenci\u00e1j\u00e1nak egy r\u00e9szlet\u00e9t a 2000. m\u00e1jus v\u00e9g\u00e9n a Tervtan\u00e1cs el\u00e9 ker\u00fcl\u0151 \u00fajabb, \u00e1tdolgozott tervv\u00e1ltozatr\u00f3l a foly\u00f3iratban k\u00f6z\u00f6lj\u00fck, a teljes sz\u00f6veg az Ut\u00f3iratban olvashat\u00f3.<\/p>\n<div id=\"attachment_2160\" style=\"width: 610px\" class=\"wp-caption alignnone\"><a href=\"http:\/\/meonline.hu\/wp-content\/uploads\/2010\/07\/szepmuveszeti2.jpg\"><img aria-describedby=\"caption-attachment-2160\" loading=\"lazy\" src=\"http:\/\/meonline.hu\/wp-content\/uploads\/2010\/07\/szepmuveszeti2.jpg\" alt=\"\" title=\"szepmuveszeti\" width=\"600\" height=\"257\" class=\"size-full wp-image-2160\" srcset=\"https:\/\/meonline.hu\/wp-content\/uploads\/2010\/07\/szepmuveszeti2.jpg 600w, https:\/\/meonline.hu\/wp-content\/uploads\/2010\/07\/szepmuveszeti2-250x107.jpg 250w, https:\/\/meonline.hu\/wp-content\/uploads\/2010\/07\/szepmuveszeti2-300x128.jpg 300w\" sizes=\"(max-width: 600px) 100vw, 600px\" \/><\/a><p id=\"caption-attachment-2160\" class=\"wp-caption-text\">A 2010. m\u00e1jusi tervtan\u00e1cs \u00e1ltal elfogadott l\u00e1tv\u00e1nyterv<\/p><\/div><br \/>\n<\/p>","protected":false},"excerpt":{"rendered":"<p>A Sz\u00e9pm\u0171v\u00e9szeti M\u00fazeum t\u00e9rszint alatti b\u0151v\u00edt\u00e9se k\u00f6r\u00fcli vit\u00e1k \u00e9s esem\u00e9nyek 2010 tavasz\u00e1n az \u00e9p\u00edt\u00e9szeti kommunik\u00e1ci\u00f3 t\u00e9mak\u00f6r\u00e9nek szinte minden lehets\u00e9ges oldal\u00e1t megjelen\u00edtett\u00e9k. Skardelli Gy\u00f6rgy opponenci\u00e1j\u00e1nak egy r\u00e9szlet\u00e9t a 2000. m\u00e1jus v\u00e9g\u00e9n a Tervtan\u00e1cs el\u00e9 ker\u00fcl\u0151 \u00fajabb, \u00e1tdolgozott tervv\u00e1ltozatr\u00f3l a foly\u00f3iratban k\u00f6z\u00f6lj\u00fck, a teljes sz\u00f6veg az Ut\u00f3iratban olvashat\u00f3.<\/p>\n","protected":false},"author":1,"featured_media":2160,"comment_status":"closed","ping_status":"closed","sticky":false,"template":"","format":"standard","meta":{"ngg_post_thumbnail":0},"categories":[8,37],"tags":[],"_links":{"self":[{"href":"https:\/\/meonline.hu\/en\/wp-json\/wp\/v2\/posts\/2159"}],"collection":[{"href":"https:\/\/meonline.hu\/en\/wp-json\/wp\/v2\/posts"}],"about":[{"href":"https:\/\/meonline.hu\/en\/wp-json\/wp\/v2\/types\/post"}],"author":[{"embeddable":true,"href":"https:\/\/meonline.hu\/en\/wp-json\/wp\/v2\/users\/1"}],"replies":[{"embeddable":true,"href":"https:\/\/meonline.hu\/en\/wp-json\/wp\/v2\/comments?post=2159"}],"version-history":[{"count":1,"href":"https:\/\/meonline.hu\/en\/wp-json\/wp\/v2\/posts\/2159\/revisions"}],"predecessor-version":[{"id":2161,"href":"https:\/\/meonline.hu\/en\/wp-json\/wp\/v2\/posts\/2159\/revisions\/2161"}],"wp:featuredmedia":[{"embeddable":true,"href":"https:\/\/meonline.hu\/en\/wp-json\/wp\/v2\/media\/2160"}],"wp:attachment":[{"href":"https:\/\/meonline.hu\/en\/wp-json\/wp\/v2\/media?parent=2159"}],"wp:term":[{"taxonomy":"category","embeddable":true,"href":"https:\/\/meonline.hu\/en\/wp-json\/wp\/v2\/categories?post=2159"},{"taxonomy":"post_tag","embeddable":true,"href":"https:\/\/meonline.hu\/en\/wp-json\/wp\/v2\/tags?post=2159"}],"curies":[{"name":"wp","href":"https:\/\/api.w.org\/{rel}","templated":true}]}}