{"id":24740,"date":"2017-07-11T14:03:16","date_gmt":"2017-07-11T12:03:16","guid":{"rendered":"http:\/\/meonline.hu\/?p=24740"},"modified":"2017-07-14T10:51:58","modified_gmt":"2017-07-14T08:51:58","slug":"ujraertelmezendo-fenntarthatosag","status":"publish","type":"post","link":"https:\/\/meonline.hu\/en\/utoirat\/ujraertelmezendo-fenntarthatosag\/","title":{"rendered":"Sustainability to be Reinterpreted"},"content":{"rendered":"<p><strong>The Four Pillars<\/strong><\/p>\n<p>Text and photos: <strong>Melinda&nbsp;Benk\u0151<\/strong><\/p>\n<p>Sustainability to be reinterpreted in the 21st century requires focussing on the physical and social facilities of the locality, the emphasis on practice based on quality instead of multidisciplinary theoretical knowledge and quantitative development. Socially constructed space, getting to know the already urbanized landscape and its future-conscious recycling is also a task for architects. This article presents three concepts \u2013 used not only in architecture and urban studies, but also in various aspects of life: the environment, the complex and the sustainable.<\/p>\n<p><!-- default-view.php -->\n<div\n\tclass=\"ngg-galleryoverview default-view \"\n\tid=\"ngg-gallery-e5f88917c63cd4aa4a61af09e0ce7a9c-1\">\n\n\t\t<!-- Thumbnails -->\n\t\t\t\t<div id=\"ngg-image-0\" class=\"ngg-gallery-thumbnail-box \" >\n\t\t\t\t        <div class=\"ngg-gallery-thumbnail\">\n            <a href=\"https:\/\/meonline.hu\/fenntarthatosag\/Amszterdam_moltimodalitas_2014.JPG\"\n               title=\"Multimod\u00e1lis v\u00e1roshaszn\u00e1lat Amszterdamban\"\n               data-src=\"https:\/\/meonline.hu\/fenntarthatosag\/Amszterdam_moltimodalitas_2014.JPG\"\n               data-thumbnail=\"https:\/\/meonline.hu\/fenntarthatosag\/thumbs\/thumbs_Amszterdam_moltimodalitas_2014.JPG\"\n               data-image-id=\"5810\"\n               data-title=\"Multimod\u00e1lis v\u00e1roshaszn\u00e1lat Amszterdamban\"\n               data-description=\"Multimod\u00e1lis v\u00e1roshaszn\u00e1lat Amszterdamban\"\n               data-image-slug=\"amszterdam_moltimodalitas_2014\"\n               class=\"ngg-simplelightbox\" rel=\"e5f88917c63cd4aa4a61af09e0ce7a9c\">\n                <img\n                    title=\"Multimod\u00e1lis v\u00e1roshaszn\u00e1lat Amszterdamban\"\n                    alt=\"Multimod\u00e1lis v\u00e1roshaszn\u00e1lat Amszterdamban\"\n                    src=\"https:\/\/meonline.hu\/fenntarthatosag\/thumbs\/thumbs_Amszterdam_moltimodalitas_2014.JPG\"\n                    width=\"152\"\n                    height=\"100\"\n                    style=\"max-width:100%;\"\n                \/>\n            <\/a>\n        <\/div>\n\t\t\t\t\t\t\t<\/div> \n\t\t\t\n\t\t\t\t<div id=\"ngg-image-1\" class=\"ngg-gallery-thumbnail-box \" >\n\t\t\t\t        <div class=\"ngg-gallery-thumbnail\">\n            <a href=\"https:\/\/meonline.hu\/fenntarthatosag\/Barcelona_megnyitott_konyvtarudvar_2013.JPG\"\n               title=\"Megnyitott k\u00f6nyvt\u00e1rudvar Barcelon\u00e1ban\"\n               data-src=\"https:\/\/meonline.hu\/fenntarthatosag\/Barcelona_megnyitott_konyvtarudvar_2013.JPG\"\n               data-thumbnail=\"https:\/\/meonline.hu\/fenntarthatosag\/thumbs\/thumbs_Barcelona_megnyitott_konyvtarudvar_2013.JPG\"\n               data-image-id=\"5811\"\n               data-title=\"Megnyitott k\u00f6nyvt\u00e1rudvar Barcelon\u00e1ban\"\n               data-description=\"Megnyitott k\u00f6nyvt\u00e1rudvar Barcelon\u00e1ban\"\n               data-image-slug=\"barcelona_megnyitott_konyvtarudvar_2013\"\n               class=\"ngg-simplelightbox\" rel=\"e5f88917c63cd4aa4a61af09e0ce7a9c\">\n                <img\n                    title=\"Megnyitott k\u00f6nyvt\u00e1rudvar Barcelon\u00e1ban\"\n                    alt=\"Megnyitott k\u00f6nyvt\u00e1rudvar Barcelon\u00e1ban\"\n                    src=\"https:\/\/meonline.hu\/fenntarthatosag\/thumbs\/thumbs_Barcelona_megnyitott_konyvtarudvar_2013.JPG\"\n                    width=\"152\"\n                    height=\"100\"\n                    style=\"max-width:100%;\"\n                \/>\n            <\/a>\n        <\/div>\n\t\t\t\t\t\t\t<\/div> \n\t\t\t\n\t\t\t\t<div id=\"ngg-image-2\" class=\"ngg-gallery-thumbnail-box \" >\n\t\t\t\t        <div class=\"ngg-gallery-thumbnail\">\n            <a href=\"https:\/\/meonline.hu\/fenntarthatosag\/Lodz_Manufaktura_2013.JPG\"\n               title=\"Lodz, r\u00e9gi manufakt\u00fara \u00faj funkci\u00f3val\"\n               data-src=\"https:\/\/meonline.hu\/fenntarthatosag\/Lodz_Manufaktura_2013.JPG\"\n               data-thumbnail=\"https:\/\/meonline.hu\/fenntarthatosag\/thumbs\/thumbs_Lodz_Manufaktura_2013.JPG\"\n               data-image-id=\"5812\"\n               data-title=\"Lodz, r\u00e9gi manufakt\u00fara \u00faj funkci\u00f3val\"\n               data-description=\"Lodz, r\u00e9gi manufakt\u00fara \u00faj funkci\u00f3val\"\n               data-image-slug=\"lodz_manufaktura_2013\"\n               class=\"ngg-simplelightbox\" rel=\"e5f88917c63cd4aa4a61af09e0ce7a9c\">\n                <img\n                    title=\"Lodz, r\u00e9gi manufakt\u00fara \u00faj funkci\u00f3val\"\n                    alt=\"Lodz, r\u00e9gi manufakt\u00fara \u00faj funkci\u00f3val\"\n                    src=\"https:\/\/meonline.hu\/fenntarthatosag\/thumbs\/thumbs_Lodz_Manufaktura_2013.JPG\"\n                    width=\"152\"\n                    height=\"100\"\n                    style=\"max-width:100%;\"\n                \/>\n            <\/a>\n        <\/div>\n\t\t\t\t\t\t\t<\/div> \n\t\t\t\n\t\t\t\t<div id=\"ngg-image-3\" class=\"ngg-gallery-thumbnail-box \" >\n\t\t\t\t        <div class=\"ngg-gallery-thumbnail\">\n            <a href=\"https:\/\/meonline.hu\/fenntarthatosag\/Lyon_Rhona_part_2013.JPG\"\n               title=\"Lyon, a Rhone foly\u00f3 parti s\u00e9t\u00e1nya\"\n               data-src=\"https:\/\/meonline.hu\/fenntarthatosag\/Lyon_Rhona_part_2013.JPG\"\n               data-thumbnail=\"https:\/\/meonline.hu\/fenntarthatosag\/thumbs\/thumbs_Lyon_Rhona_part_2013.JPG\"\n               data-image-id=\"5813\"\n               data-title=\"Lyon, a Rhone foly\u00f3 parti s\u00e9t\u00e1nya\"\n               data-description=\"Lyon, a Rhone foly\u00f3 parti s\u00e9t\u00e1nya\"\n               data-image-slug=\"lyon_rhona_part_2013\"\n               class=\"ngg-simplelightbox\" rel=\"e5f88917c63cd4aa4a61af09e0ce7a9c\">\n                <img\n                    title=\"Lyon, a Rhone foly\u00f3 parti s\u00e9t\u00e1nya\"\n                    alt=\"Lyon, a Rhone foly\u00f3 parti s\u00e9t\u00e1nya\"\n                    src=\"https:\/\/meonline.hu\/fenntarthatosag\/thumbs\/thumbs_Lyon_Rhona_part_2013.JPG\"\n                    width=\"152\"\n                    height=\"100\"\n                    style=\"max-width:100%;\"\n                \/>\n            <\/a>\n        <\/div>\n\t\t\t\t\t\t\t<\/div> \n\t\t\t\n\t\t\t\t<div id=\"ngg-image-4\" class=\"ngg-gallery-thumbnail-box \" >\n\t\t\t\t        <div class=\"ngg-gallery-thumbnail\">\n            <a href=\"https:\/\/meonline.hu\/fenntarthatosag\/Magdeburg_lakotelepi_jatszoter_2013.JPG\"\n               title=\"Magdeburg, lak\u00f3telepi j\u00e1tsz\u00f3t\u00e9r\"\n               data-src=\"https:\/\/meonline.hu\/fenntarthatosag\/Magdeburg_lakotelepi_jatszoter_2013.JPG\"\n               data-thumbnail=\"https:\/\/meonline.hu\/fenntarthatosag\/thumbs\/thumbs_Magdeburg_lakotelepi_jatszoter_2013.JPG\"\n               data-image-id=\"5814\"\n               data-title=\"Magdeburg, lak\u00f3telepi j\u00e1tsz\u00f3t\u00e9r\"\n               data-description=\"Magdeburg, lak\u00f3telepi j\u00e1tsz\u00f3t\u00e9r\"\n               data-image-slug=\"magdeburg_lakotelepi_jatszoter_2013\"\n               class=\"ngg-simplelightbox\" rel=\"e5f88917c63cd4aa4a61af09e0ce7a9c\">\n                <img\n                    title=\"Magdeburg, lak\u00f3telepi j\u00e1tsz\u00f3t\u00e9r\"\n                    alt=\"Magdeburg, lak\u00f3telepi j\u00e1tsz\u00f3t\u00e9r\"\n                    src=\"https:\/\/meonline.hu\/fenntarthatosag\/thumbs\/thumbs_Magdeburg_lakotelepi_jatszoter_2013.JPG\"\n                    width=\"152\"\n                    height=\"100\"\n                    style=\"max-width:100%;\"\n                \/>\n            <\/a>\n        <\/div>\n\t\t\t\t\t\t\t<\/div> \n\t\t\t\n\t\n\t<br style=\"clear: both\" \/>\n\n\t\n\t\t<!-- Pagination -->\n\t<div class='ngg-clear'><\/div>\t<\/div>\n<\/p>","protected":false},"excerpt":{"rendered":"<p>The Four Pillars Text and photos: Melinda&nbsp;Benk\u0151 Sustainability to be reinterpreted in the 21st century requires focussing on the physical and social facilities of the locality, the emphasis on practice based on quality instead of multidisciplinary theoretical knowledge and quantitative development. Socially constructed space, getting to know the already urbanized landscape and its future-conscious recycling [&hellip;]<\/p>\n","protected":false},"author":1,"featured_media":24741,"comment_status":"closed","ping_status":"closed","sticky":false,"template":"","format":"standard","meta":{"ngg_post_thumbnail":0},"categories":[684,708,8,709],"tags":[],"_links":{"self":[{"href":"https:\/\/meonline.hu\/en\/wp-json\/wp\/v2\/posts\/24740"}],"collection":[{"href":"https:\/\/meonline.hu\/en\/wp-json\/wp\/v2\/posts"}],"about":[{"href":"https:\/\/meonline.hu\/en\/wp-json\/wp\/v2\/types\/post"}],"author":[{"embeddable":true,"href":"https:\/\/meonline.hu\/en\/wp-json\/wp\/v2\/users\/1"}],"replies":[{"embeddable":true,"href":"https:\/\/meonline.hu\/en\/wp-json\/wp\/v2\/comments?post=24740"}],"version-history":[{"count":4,"href":"https:\/\/meonline.hu\/en\/wp-json\/wp\/v2\/posts\/24740\/revisions"}],"predecessor-version":[{"id":25234,"href":"https:\/\/meonline.hu\/en\/wp-json\/wp\/v2\/posts\/24740\/revisions\/25234"}],"wp:featuredmedia":[{"embeddable":true,"href":"https:\/\/meonline.hu\/en\/wp-json\/wp\/v2\/media\/24741"}],"wp:attachment":[{"href":"https:\/\/meonline.hu\/en\/wp-json\/wp\/v2\/media?parent=24740"}],"wp:term":[{"taxonomy":"category","embeddable":true,"href":"https:\/\/meonline.hu\/en\/wp-json\/wp\/v2\/categories?post=24740"},{"taxonomy":"post_tag","embeddable":true,"href":"https:\/\/meonline.hu\/en\/wp-json\/wp\/v2\/tags?post=24740"}],"curies":[{"name":"wp","href":"https:\/\/api.w.org\/{rel}","templated":true}]}}