{"id":25482,"date":"2017-09-20T15:51:34","date_gmt":"2017-09-20T13:51:34","guid":{"rendered":"http:\/\/meonline.hu\/?p=25482"},"modified":"2017-09-22T13:00:45","modified_gmt":"2017-09-22T11:00:45","slug":"epiteszet-es-ornamentika-medgyaszay-istvan-eletmuveben","status":"publish","type":"post","link":"https:\/\/meonline.hu\/en\/utoirat\/epiteszet-es-ornamentika-medgyaszay-istvan-eletmuveben\/","title":{"rendered":"Architecture and Ornamentation in the Oeuvre of Istv\u00e1n Medgyaszay"},"content":{"rendered":"<p>Text: <strong>Ferenc<\/strong>&nbsp;<strong>Potzner&nbsp;<\/strong><\/p>\n<p>Ornamentation is present in every single branch of fine arts. It adjusts itself to materials, techniques and technologies, may show a wide variety from being flat or highly sculpturesque, containing geometric, botanical or figural motifs. If we interpret ornamentation clearly as form, which may even be spatial, then in the wider sense of the word also the mass forms of architecture may fall within the category of ornaments. Historicism, the revival of historic styles applied the vocabulary of forms of various historic periods arbitrarily, stripping them of their meanings, exclusively according to aesthetic principles, thus other sources had to be found to suit the intention born at the turn of the century to express symbolically. For many, it was folk art that could be used as a clean source of inspiration. Elevating and integrating means of folk art into high-brow culture happened simultaneously in fine arts, music and architecture. The spread of ethnographical approaches was an aesthetic creation burdened with ideologies, mainly because it was also the expression and manifestation of the ambition to create an independent national style as well as of patriotic feelings. This exploding era was the period when Istv\u00e1n Medgyaszay started his career as an architect after having been a student with Otto Wagner in Vienna, and became a highly original artist of Hungarian Art Nouveau.<\/p>\n<p><!-- default-view.php -->\n<div\n\tclass=\"ngg-galleryoverview default-view \"\n\tid=\"ngg-gallery-bdd2771a05dc2a95d5c70897973e91ae-1\">\n\n\t\t<!-- Thumbnails -->\n\t\t\t\t<div id=\"ngg-image-0\" class=\"ngg-gallery-thumbnail-box \" >\n\t\t\t\t        <div class=\"ngg-gallery-thumbnail\">\n            <a href=\"https:\/\/meonline.hu\/medgyaszay_ornamentika\/aruhaz2_2.jpg\"\n               title=\"\u00c1ruh\u00e1zterv, bels\u0151 r\u00e9szlet, 1902 \u00a9 Medgyaszay Eml\u00e9khely\"\n               data-src=\"https:\/\/meonline.hu\/medgyaszay_ornamentika\/aruhaz2_2.jpg\"\n               data-thumbnail=\"https:\/\/meonline.hu\/medgyaszay_ornamentika\/thumbs\/thumbs_aruhaz2_2.jpg\"\n               data-image-id=\"6027\"\n               data-title=\"\u00c1ruh\u00e1zterv, bels\u0151 r\u00e9szlet, 1902 \u00a9 Medgyaszay Eml\u00e9khely\"\n               data-description=\"\u00c1ruh\u00e1zterv, bels\u0151 r\u00e9szlet, 1902 \u00a9 Medgyaszay Eml\u00e9khely\"\n               data-image-slug=\"aruhaz2_2\"\n               class=\"ngg-simplelightbox\" rel=\"bdd2771a05dc2a95d5c70897973e91ae\">\n                <img\n                    title=\"\u00c1ruh\u00e1zterv, bels\u0151 r\u00e9szlet, 1902 \u00a9 Medgyaszay Eml\u00e9khely\"\n                    alt=\"\u00c1ruh\u00e1zterv, bels\u0151 r\u00e9szlet, 1902 \u00a9 Medgyaszay Eml\u00e9khely\"\n                    src=\"https:\/\/meonline.hu\/medgyaszay_ornamentika\/thumbs\/thumbs_aruhaz2_2.jpg\"\n                    width=\"152\"\n                    height=\"100\"\n                    style=\"max-width:100%;\"\n                \/>\n            <\/a>\n        <\/div>\n\t\t\t\t\t\t\t<\/div> \n\t\t\t\n\t\t\t\t<div id=\"ngg-image-1\" class=\"ngg-gallery-thumbnail-box \" >\n\t\t\t\t        <div class=\"ngg-gallery-thumbnail\">\n            <a href=\"https:\/\/meonline.hu\/medgyaszay_ornamentika\/emlekcsarnok1_2.jpg\"\n               title=\"A h\u00e1rmashat\u00e1rhegyi Nemzeti Eml\u00e9kcsarnok el\u00f6ln\u00e9zete \u00a9 BTM Kiscelli M\u00fazeum\"\n               data-src=\"https:\/\/meonline.hu\/medgyaszay_ornamentika\/emlekcsarnok1_2.jpg\"\n               data-thumbnail=\"https:\/\/meonline.hu\/medgyaszay_ornamentika\/thumbs\/thumbs_emlekcsarnok1_2.jpg\"\n               data-image-id=\"6028\"\n               data-title=\"A h\u00e1rmashat\u00e1rhegyi Nemzeti Eml\u00e9kcsarnok el\u00f6ln\u00e9zete \u00a9 BTM Kiscelli M\u00fazeum\"\n               data-description=\"A h\u00e1rmashat\u00e1rhegyi Nemzeti Eml\u00e9kcsarnok el\u00f6ln\u00e9zete \u00a9 BTM Kiscelli M\u00fazeum\"\n               data-image-slug=\"emlekcsarnok1_2\"\n               class=\"ngg-simplelightbox\" rel=\"bdd2771a05dc2a95d5c70897973e91ae\">\n                <img\n                    title=\"A h\u00e1rmashat\u00e1rhegyi Nemzeti Eml\u00e9kcsarnok el\u00f6ln\u00e9zete \u00a9 BTM Kiscelli M\u00fazeum\"\n                    alt=\"A h\u00e1rmashat\u00e1rhegyi Nemzeti Eml\u00e9kcsarnok el\u00f6ln\u00e9zete \u00a9 BTM Kiscelli M\u00fazeum\"\n                    src=\"https:\/\/meonline.hu\/medgyaszay_ornamentika\/thumbs\/thumbs_emlekcsarnok1_2.jpg\"\n                    width=\"152\"\n                    height=\"100\"\n                    style=\"max-width:100%;\"\n                \/>\n            <\/a>\n        <\/div>\n\t\t\t\t\t\t\t<\/div> \n\t\t\t\n\t\t\t\t<div id=\"ngg-image-2\" class=\"ngg-gallery-thumbnail-box \" >\n\t\t\t\t        <div class=\"ngg-gallery-thumbnail\">\n            <a href=\"https:\/\/meonline.hu\/medgyaszay_ornamentika\/emlekcsarnok2_2.jpg\"\n               title=\"A h\u00e1rmashat\u00e1rhegyi Nemzeti Eml\u00e9kcsarnok metszete \u00a9 BTM Kiscelli M\u00fazeum\"\n               data-src=\"https:\/\/meonline.hu\/medgyaszay_ornamentika\/emlekcsarnok2_2.jpg\"\n               data-thumbnail=\"https:\/\/meonline.hu\/medgyaszay_ornamentika\/thumbs\/thumbs_emlekcsarnok2_2.jpg\"\n               data-image-id=\"6029\"\n               data-title=\"A h\u00e1rmashat\u00e1rhegyi Nemzeti Eml\u00e9kcsarnok metszete \u00a9 BTM Kiscelli M\u00fazeum\"\n               data-description=\"A h\u00e1rmashat\u00e1rhegyi Nemzeti Eml\u00e9kcsarnok metszete \u00a9 BTM Kiscelli M\u00fazeum\"\n               data-image-slug=\"emlekcsarnok2_2\"\n               class=\"ngg-simplelightbox\" rel=\"bdd2771a05dc2a95d5c70897973e91ae\">\n                <img\n                    title=\"A h\u00e1rmashat\u00e1rhegyi Nemzeti Eml\u00e9kcsarnok metszete \u00a9 BTM Kiscelli M\u00fazeum\"\n                    alt=\"A h\u00e1rmashat\u00e1rhegyi Nemzeti Eml\u00e9kcsarnok metszete \u00a9 BTM Kiscelli M\u00fazeum\"\n                    src=\"https:\/\/meonline.hu\/medgyaszay_ornamentika\/thumbs\/thumbs_emlekcsarnok2_2.jpg\"\n                    width=\"152\"\n                    height=\"100\"\n                    style=\"max-width:100%;\"\n                \/>\n            <\/a>\n        <\/div>\n\t\t\t\t\t\t\t<\/div> \n\t\t\t\n\t\t\t\t<div id=\"ngg-image-3\" class=\"ngg-gallery-thumbnail-box \" >\n\t\t\t\t        <div class=\"ngg-gallery-thumbnail\">\n            <a href=\"https:\/\/meonline.hu\/medgyaszay_ornamentika\/forrastemplom_2.jpg\"\n               title=\"Forr\u00e1stemplom terve, metszet, 1901 \u00a9 Medgyaszay Eml\u00e9khely\"\n               data-src=\"https:\/\/meonline.hu\/medgyaszay_ornamentika\/forrastemplom_2.jpg\"\n               data-thumbnail=\"https:\/\/meonline.hu\/medgyaszay_ornamentika\/thumbs\/thumbs_forrastemplom_2.jpg\"\n               data-image-id=\"6030\"\n               data-title=\"Forr\u00e1stemplom terve, metszet, 1901 \u00a9 Medgyaszay Eml\u00e9khely\"\n               data-description=\"Forr\u00e1stemplom terve, metszet, 1901 \u00a9 Medgyaszay Eml\u00e9khely\"\n               data-image-slug=\"forrastemplom_2\"\n               class=\"ngg-simplelightbox\" rel=\"bdd2771a05dc2a95d5c70897973e91ae\">\n                <img\n                    title=\"Forr\u00e1stemplom terve, metszet, 1901 \u00a9 Medgyaszay Eml\u00e9khely\"\n                    alt=\"Forr\u00e1stemplom terve, metszet, 1901 \u00a9 Medgyaszay Eml\u00e9khely\"\n                    src=\"https:\/\/meonline.hu\/medgyaszay_ornamentika\/thumbs\/thumbs_forrastemplom_2.jpg\"\n                    width=\"152\"\n                    height=\"100\"\n                    style=\"max-width:100%;\"\n                \/>\n            <\/a>\n        <\/div>\n\t\t\t\t\t\t\t<\/div> \n\t\t\t\n\t\t\t\t<div id=\"ngg-image-4\" class=\"ngg-gallery-thumbnail-box \" >\n\t\t\t\t        <div class=\"ngg-gallery-thumbnail\">\n            <a href=\"https:\/\/meonline.hu\/medgyaszay_ornamentika\/Godollo_NagyS_haza_eloln_2.jpg\"\n               title=\"G\u00f6d\u00f6ll\u0151, Nagy S\u00e1ndor h\u00e1za, el\u00f6ln\u00e9zet, 1907 \u00a9 Medgyaszay Eml\u00e9khely\"\n               data-src=\"https:\/\/meonline.hu\/medgyaszay_ornamentika\/Godollo_NagyS_haza_eloln_2.jpg\"\n               data-thumbnail=\"https:\/\/meonline.hu\/medgyaszay_ornamentika\/thumbs\/thumbs_Godollo_NagyS_haza_eloln_2.jpg\"\n               data-image-id=\"6031\"\n               data-title=\"G\u00f6d\u00f6ll\u0151, Nagy S\u00e1ndor h\u00e1za, el\u00f6ln\u00e9zet, 1907 \u00a9 Medgyaszay Eml\u00e9khely\"\n               data-description=\"G\u00f6d\u00f6ll\u0151, Nagy S\u00e1ndor h\u00e1za, el\u00f6ln\u00e9zet, 1907 \u00a9 Medgyaszay Eml\u00e9khely\"\n               data-image-slug=\"godollo_nagys_haza_eloln_2\"\n               class=\"ngg-simplelightbox\" rel=\"bdd2771a05dc2a95d5c70897973e91ae\">\n                <img\n                    title=\"G\u00f6d\u00f6ll\u0151, Nagy S\u00e1ndor h\u00e1za, el\u00f6ln\u00e9zet, 1907 \u00a9 Medgyaszay Eml\u00e9khely\"\n                    alt=\"G\u00f6d\u00f6ll\u0151, Nagy S\u00e1ndor h\u00e1za, el\u00f6ln\u00e9zet, 1907 \u00a9 Medgyaszay Eml\u00e9khely\"\n                    src=\"https:\/\/meonline.hu\/medgyaszay_ornamentika\/thumbs\/thumbs_Godollo_NagyS_haza_eloln_2.jpg\"\n                    width=\"152\"\n                    height=\"100\"\n                    style=\"max-width:100%;\"\n                \/>\n            <\/a>\n        <\/div>\n\t\t\t\t\t\t\t<\/div> \n\t\t\t\n\t\t\t\t<div id=\"ngg-image-5\" class=\"ngg-gallery-thumbnail-box \" >\n\t\t\t\t        <div class=\"ngg-gallery-thumbnail\">\n            <a href=\"https:\/\/meonline.hu\/medgyaszay_ornamentika\/korkepcsarnok_2.jpg\"\n               title=\"A tab\u00e1ni K\u00f6rk\u00e9p-csarnok metszete, 1942 \u00a9 Medgyaszay Eml\u00e9khely\"\n               data-src=\"https:\/\/meonline.hu\/medgyaszay_ornamentika\/korkepcsarnok_2.jpg\"\n               data-thumbnail=\"https:\/\/meonline.hu\/medgyaszay_ornamentika\/thumbs\/thumbs_korkepcsarnok_2.jpg\"\n               data-image-id=\"6032\"\n               data-title=\"A tab\u00e1ni K\u00f6rk\u00e9p-csarnok metszete, 1942 \u00a9 Medgyaszay Eml\u00e9khely\"\n               data-description=\"A tab\u00e1ni K\u00f6rk\u00e9p-csarnok metszete, 1942 \u00a9 Medgyaszay Eml\u00e9khely\"\n               data-image-slug=\"korkepcsarnok_2\"\n               class=\"ngg-simplelightbox\" rel=\"bdd2771a05dc2a95d5c70897973e91ae\">\n                <img\n                    title=\"A tab\u00e1ni K\u00f6rk\u00e9p-csarnok metszete, 1942 \u00a9 Medgyaszay Eml\u00e9khely\"\n                    alt=\"A tab\u00e1ni K\u00f6rk\u00e9p-csarnok metszete, 1942 \u00a9 Medgyaszay Eml\u00e9khely\"\n                    src=\"https:\/\/meonline.hu\/medgyaszay_ornamentika\/thumbs\/thumbs_korkepcsarnok_2.jpg\"\n                    width=\"152\"\n                    height=\"100\"\n                    style=\"max-width:100%;\"\n                \/>\n            <\/a>\n        <\/div>\n\t\t\t\t\t\t\t<\/div> \n\t\t\t\n\t\t\t\t<div id=\"ngg-image-6\" class=\"ngg-gallery-thumbnail-box \" >\n\t\t\t\t        <div class=\"ngg-gallery-thumbnail\">\n            <a href=\"https:\/\/meonline.hu\/medgyaszay_ornamentika\/lemberg1_2.jpg\"\n               title=\"A lembergi hadiki\u00e1ll\u00edt\u00e1s. Otto Sch\u00f6nthal grafik\u00e1ja, 1916 \u00a9 Medgyaszay Eml\u00e9khely\"\n               data-src=\"https:\/\/meonline.hu\/medgyaszay_ornamentika\/lemberg1_2.jpg\"\n               data-thumbnail=\"https:\/\/meonline.hu\/medgyaszay_ornamentika\/thumbs\/thumbs_lemberg1_2.jpg\"\n               data-image-id=\"6033\"\n               data-title=\"A lembergi hadiki\u00e1ll\u00edt\u00e1s. Otto Sch\u00f6nthal grafik\u00e1ja, 1916 \u00a9 Medgyaszay Eml\u00e9khely\"\n               data-description=\"A lembergi hadiki\u00e1ll\u00edt\u00e1s. Otto Sch\u00f6nthal grafik\u00e1ja, 1916 \u00a9 Medgyaszay Eml\u00e9khely\"\n               data-image-slug=\"lemberg1_2\"\n               class=\"ngg-simplelightbox\" rel=\"bdd2771a05dc2a95d5c70897973e91ae\">\n                <img\n                    title=\"A lembergi hadiki\u00e1ll\u00edt\u00e1s. Otto Sch\u00f6nthal grafik\u00e1ja, 1916 \u00a9 Medgyaszay Eml\u00e9khely\"\n                    alt=\"A lembergi hadiki\u00e1ll\u00edt\u00e1s. Otto Sch\u00f6nthal grafik\u00e1ja, 1916 \u00a9 Medgyaszay Eml\u00e9khely\"\n                    src=\"https:\/\/meonline.hu\/medgyaszay_ornamentika\/thumbs\/thumbs_lemberg1_2.jpg\"\n                    width=\"152\"\n                    height=\"100\"\n                    style=\"max-width:100%;\"\n                \/>\n            <\/a>\n        <\/div>\n\t\t\t\t\t\t\t<\/div> \n\t\t\t\n\t\t\t\t<div id=\"ngg-image-7\" class=\"ngg-gallery-thumbnail-box \" >\n\t\t\t\t        <div class=\"ngg-gallery-thumbnail\">\n            <a href=\"https:\/\/meonline.hu\/medgyaszay_ornamentika\/lemberg2_2.jpg\"\n               title=\"A lembergi hadiki\u00e1ll\u00edt\u00e1s, arch\u00edv fot\u00f3, 1916 \u00a9 Medgyaszay Eml\u00e9khely\"\n               data-src=\"https:\/\/meonline.hu\/medgyaszay_ornamentika\/lemberg2_2.jpg\"\n               data-thumbnail=\"https:\/\/meonline.hu\/medgyaszay_ornamentika\/thumbs\/thumbs_lemberg2_2.jpg\"\n               data-image-id=\"6034\"\n               data-title=\"A lembergi hadiki\u00e1ll\u00edt\u00e1s, arch\u00edv fot\u00f3, 1916 \u00a9 Medgyaszay Eml\u00e9khely\"\n               data-description=\"A lembergi hadiki\u00e1ll\u00edt\u00e1s, arch\u00edv fot\u00f3, 1916 \u00a9 Medgyaszay Eml\u00e9khely\"\n               data-image-slug=\"lemberg2_2\"\n               class=\"ngg-simplelightbox\" rel=\"bdd2771a05dc2a95d5c70897973e91ae\">\n                <img\n                    title=\"A lembergi hadiki\u00e1ll\u00edt\u00e1s, arch\u00edv fot\u00f3, 1916 \u00a9 Medgyaszay Eml\u00e9khely\"\n                    alt=\"A lembergi hadiki\u00e1ll\u00edt\u00e1s, arch\u00edv fot\u00f3, 1916 \u00a9 Medgyaszay Eml\u00e9khely\"\n                    src=\"https:\/\/meonline.hu\/medgyaszay_ornamentika\/thumbs\/thumbs_lemberg2_2.jpg\"\n                    width=\"152\"\n                    height=\"100\"\n                    style=\"max-width:100%;\"\n                \/>\n            <\/a>\n        <\/div>\n\t\t\t\t\t\t\t<\/div> \n\t\t\t\n\t\t\t\t<div id=\"ngg-image-8\" class=\"ngg-gallery-thumbnail-box \" >\n\t\t\t\t        <div class=\"ngg-gallery-thumbnail\">\n            <a href=\"https:\/\/meonline.hu\/medgyaszay_ornamentika\/margitsziget1_2.jpg\"\n               title=\"A margitszigeti hadiki\u00e1ll\u00edt\u00e1s. arch\u00edv fot\u00f3, 1917 \u00a9 Medgyaszay Eml\u00e9khely\"\n               data-src=\"https:\/\/meonline.hu\/medgyaszay_ornamentika\/margitsziget1_2.jpg\"\n               data-thumbnail=\"https:\/\/meonline.hu\/medgyaszay_ornamentika\/thumbs\/thumbs_margitsziget1_2.jpg\"\n               data-image-id=\"6035\"\n               data-title=\"A margitszigeti hadiki\u00e1ll\u00edt\u00e1s. arch\u00edv fot\u00f3, 1917 \u00a9 Medgyaszay Eml\u00e9khely\"\n               data-description=\"A margitszigeti hadiki\u00e1ll\u00edt\u00e1s. arch\u00edv fot\u00f3, 1917 \u00a9 Medgyaszay Eml\u00e9khely\"\n               data-image-slug=\"margitsziget1_2\"\n               class=\"ngg-simplelightbox\" rel=\"bdd2771a05dc2a95d5c70897973e91ae\">\n                <img\n                    title=\"A margitszigeti hadiki\u00e1ll\u00edt\u00e1s. arch\u00edv fot\u00f3, 1917 \u00a9 Medgyaszay Eml\u00e9khely\"\n                    alt=\"A margitszigeti hadiki\u00e1ll\u00edt\u00e1s. arch\u00edv fot\u00f3, 1917 \u00a9 Medgyaszay Eml\u00e9khely\"\n                    src=\"https:\/\/meonline.hu\/medgyaszay_ornamentika\/thumbs\/thumbs_margitsziget1_2.jpg\"\n                    width=\"152\"\n                    height=\"100\"\n                    style=\"max-width:100%;\"\n                \/>\n            <\/a>\n        <\/div>\n\t\t\t\t\t\t\t<\/div> \n\t\t\t\n\t\t\t\t<div id=\"ngg-image-9\" class=\"ngg-gallery-thumbnail-box \" >\n\t\t\t\t        <div class=\"ngg-gallery-thumbnail\">\n            <a href=\"https:\/\/meonline.hu\/medgyaszay_ornamentika\/margitsziget2_2.jpg\"\n               title=\"A margitszigeti hadiki\u00e1ll\u00edt\u00e1s. arch\u00edv fot\u00f3, 1917 \u00a9 Medgyaszay Eml\u00e9khely\"\n               data-src=\"https:\/\/meonline.hu\/medgyaszay_ornamentika\/margitsziget2_2.jpg\"\n               data-thumbnail=\"https:\/\/meonline.hu\/medgyaszay_ornamentika\/thumbs\/thumbs_margitsziget2_2.jpg\"\n               data-image-id=\"6036\"\n               data-title=\"A margitszigeti hadiki\u00e1ll\u00edt\u00e1s. arch\u00edv fot\u00f3, 1917 \u00a9 Medgyaszay Eml\u00e9khely\"\n               data-description=\"A margitszigeti hadiki\u00e1ll\u00edt\u00e1s. arch\u00edv fot\u00f3, 1917 \u00a9 Medgyaszay Eml\u00e9khely\"\n               data-image-slug=\"margitsziget2_2\"\n               class=\"ngg-simplelightbox\" rel=\"bdd2771a05dc2a95d5c70897973e91ae\">\n                <img\n                    title=\"A margitszigeti hadiki\u00e1ll\u00edt\u00e1s. arch\u00edv fot\u00f3, 1917 \u00a9 Medgyaszay Eml\u00e9khely\"\n                    alt=\"A margitszigeti hadiki\u00e1ll\u00edt\u00e1s. arch\u00edv fot\u00f3, 1917 \u00a9 Medgyaszay Eml\u00e9khely\"\n                    src=\"https:\/\/meonline.hu\/medgyaszay_ornamentika\/thumbs\/thumbs_margitsziget2_2.jpg\"\n                    width=\"152\"\n                    height=\"100\"\n                    style=\"max-width:100%;\"\n                \/>\n            <\/a>\n        <\/div>\n\t\t\t\t\t\t\t<\/div> \n\t\t\t\n\t\t\t\t<div id=\"ngg-image-10\" class=\"ngg-gallery-thumbnail-box \" >\n\t\t\t\t        <div class=\"ngg-gallery-thumbnail\">\n            <a href=\"https:\/\/meonline.hu\/medgyaszay_ornamentika\/matrahaza_2.jpg\"\n               title=\"M\u00e1trah\u00e1za, mened\u00e9kh\u00e1z a bej\u00e1rat fel\u0151l, arch\u00edv fot\u00f3 \u00a9 Medgyaszay Eml\u00e9khely\"\n               data-src=\"https:\/\/meonline.hu\/medgyaszay_ornamentika\/matrahaza_2.jpg\"\n               data-thumbnail=\"https:\/\/meonline.hu\/medgyaszay_ornamentika\/thumbs\/thumbs_matrahaza_2.jpg\"\n               data-image-id=\"6037\"\n               data-title=\"M\u00e1trah\u00e1za, mened\u00e9kh\u00e1z a bej\u00e1rat fel\u0151l, arch\u00edv fot\u00f3 \u00a9 Medgyaszay Eml\u00e9khely\"\n               data-description=\"M\u00e1trah\u00e1za, mened\u00e9kh\u00e1z a bej\u00e1rat fel\u0151l, arch\u00edv fot\u00f3 \u00a9 Medgyaszay Eml\u00e9khely\"\n               data-image-slug=\"matrahaza_2\"\n               class=\"ngg-simplelightbox\" rel=\"bdd2771a05dc2a95d5c70897973e91ae\">\n                <img\n                    title=\"M\u00e1trah\u00e1za, mened\u00e9kh\u00e1z a bej\u00e1rat fel\u0151l, arch\u00edv fot\u00f3 \u00a9 Medgyaszay Eml\u00e9khely\"\n                    alt=\"M\u00e1trah\u00e1za, mened\u00e9kh\u00e1z a bej\u00e1rat fel\u0151l, arch\u00edv fot\u00f3 \u00a9 Medgyaszay Eml\u00e9khely\"\n                    src=\"https:\/\/meonline.hu\/medgyaszay_ornamentika\/thumbs\/thumbs_matrahaza_2.jpg\"\n                    width=\"152\"\n                    height=\"100\"\n                    style=\"max-width:100%;\"\n                \/>\n            <\/a>\n        <\/div>\n\t\t\t\t\t\t\t<\/div> \n\t\t\t\n\t\t\t\t<div id=\"ngg-image-11\" class=\"ngg-gallery-thumbnail-box \" >\n\t\t\t\t        <div class=\"ngg-gallery-thumbnail\">\n            <a href=\"https:\/\/meonline.hu\/medgyaszay_ornamentika\/nagykanizsa_2.jpg\"\n               title=\"A nagykanizsai sz\u00ednh\u00e1z n\u00e9z\u0151tere, arch\u00edv fot\u00f3 \u00a9 Medgyaszay Eml\u00e9khely\"\n               data-src=\"https:\/\/meonline.hu\/medgyaszay_ornamentika\/nagykanizsa_2.jpg\"\n               data-thumbnail=\"https:\/\/meonline.hu\/medgyaszay_ornamentika\/thumbs\/thumbs_nagykanizsa_2.jpg\"\n               data-image-id=\"6038\"\n               data-title=\"A nagykanizsai sz\u00ednh\u00e1z n\u00e9z\u0151tere, arch\u00edv fot\u00f3 \u00a9 Medgyaszay Eml\u00e9khely\"\n               data-description=\"A nagykanizsai sz\u00ednh\u00e1z n\u00e9z\u0151tere, arch\u00edv fot\u00f3 \u00a9 Medgyaszay Eml\u00e9khely\"\n               data-image-slug=\"nagykanizsa_2\"\n               class=\"ngg-simplelightbox\" rel=\"bdd2771a05dc2a95d5c70897973e91ae\">\n                <img\n                    title=\"A nagykanizsai sz\u00ednh\u00e1z n\u00e9z\u0151tere, arch\u00edv fot\u00f3 \u00a9 Medgyaszay Eml\u00e9khely\"\n                    alt=\"A nagykanizsai sz\u00ednh\u00e1z n\u00e9z\u0151tere, arch\u00edv fot\u00f3 \u00a9 Medgyaszay Eml\u00e9khely\"\n                    src=\"https:\/\/meonline.hu\/medgyaszay_ornamentika\/thumbs\/thumbs_nagykanizsa_2.jpg\"\n                    width=\"152\"\n                    height=\"100\"\n                    style=\"max-width:100%;\"\n                \/>\n            <\/a>\n        <\/div>\n\t\t\t\t\t\t\t<\/div> \n\t\t\t\n\t\t\t\t<div id=\"ngg-image-12\" class=\"ngg-gallery-thumbnail-box \" >\n\t\t\t\t        <div class=\"ngg-gallery-thumbnail\">\n            <a href=\"https:\/\/meonline.hu\/medgyaszay_ornamentika\/panteon_2.jpg\"\n               title=\"Gell\u00e9rthegyi Nemzeti Pa nteon, t\u00e1vlati k\u00e9p, 1903 \u00a9 Medgyaszay Eml\u00e9khely\"\n               data-src=\"https:\/\/meonline.hu\/medgyaszay_ornamentika\/panteon_2.jpg\"\n               data-thumbnail=\"https:\/\/meonline.hu\/medgyaszay_ornamentika\/thumbs\/thumbs_panteon_2.jpg\"\n               data-image-id=\"6039\"\n               data-title=\"Gell\u00e9rthegyi Nemzeti Pa nteon, t\u00e1vlati k\u00e9p, 1903 \u00a9 Medgyaszay Eml\u00e9khely\"\n               data-description=\"Gell\u00e9rthegyi Nemzeti Pa nteon, t\u00e1vlati k\u00e9p, 1903 \u00a9 Medgyaszay Eml\u00e9khely\"\n               data-image-slug=\"panteon_2\"\n               class=\"ngg-simplelightbox\" rel=\"bdd2771a05dc2a95d5c70897973e91ae\">\n                <img\n                    title=\"Gell\u00e9rthegyi Nemzeti Pa nteon, t\u00e1vlati k\u00e9p, 1903 \u00a9 Medgyaszay Eml\u00e9khely\"\n                    alt=\"Gell\u00e9rthegyi Nemzeti Pa nteon, t\u00e1vlati k\u00e9p, 1903 \u00a9 Medgyaszay Eml\u00e9khely\"\n                    src=\"https:\/\/meonline.hu\/medgyaszay_ornamentika\/thumbs\/thumbs_panteon_2.jpg\"\n                    width=\"152\"\n                    height=\"100\"\n                    style=\"max-width:100%;\"\n                \/>\n            <\/a>\n        <\/div>\n\t\t\t\t\t\t\t<\/div> \n\t\t\t\n\t\t\t\t<div id=\"ngg-image-13\" class=\"ngg-gallery-thumbnail-box \" >\n\t\t\t\t        <div class=\"ngg-gallery-thumbnail\">\n            <a href=\"https:\/\/meonline.hu\/medgyaszay_ornamentika\/rarosmulyad_2.jpg\"\n               title=\"A r\u00e1rosmulyadi templom f\u0151homlokzata, 1909 \u00a9 Medgyaszay Eml\u00e9khely\"\n               data-src=\"https:\/\/meonline.hu\/medgyaszay_ornamentika\/rarosmulyad_2.jpg\"\n               data-thumbnail=\"https:\/\/meonline.hu\/medgyaszay_ornamentika\/thumbs\/thumbs_rarosmulyad_2.jpg\"\n               data-image-id=\"6040\"\n               data-title=\"A r\u00e1rosmulyadi templom f\u0151homlokzata, 1909 \u00a9 Medgyaszay Eml\u00e9khely\"\n               data-description=\"A r\u00e1rosmulyadi templom f\u0151homlokzata, 1909 \u00a9 Medgyaszay Eml\u00e9khely\"\n               data-image-slug=\"rarosmulyad_2\"\n               class=\"ngg-simplelightbox\" rel=\"bdd2771a05dc2a95d5c70897973e91ae\">\n                <img\n                    title=\"A r\u00e1rosmulyadi templom f\u0151homlokzata, 1909 \u00a9 Medgyaszay Eml\u00e9khely\"\n                    alt=\"A r\u00e1rosmulyadi templom f\u0151homlokzata, 1909 \u00a9 Medgyaszay Eml\u00e9khely\"\n                    src=\"https:\/\/meonline.hu\/medgyaszay_ornamentika\/thumbs\/thumbs_rarosmulyad_2.jpg\"\n                    width=\"152\"\n                    height=\"100\"\n                    style=\"max-width:100%;\"\n                \/>\n            <\/a>\n        <\/div>\n\t\t\t\t\t\t\t<\/div> \n\t\t\t\n\t\t\t\t<div id=\"ngg-image-14\" class=\"ngg-gallery-thumbnail-box \" >\n\t\t\t\t        <div class=\"ngg-gallery-thumbnail\">\n            <a href=\"https:\/\/meonline.hu\/medgyaszay_ornamentika\/rusz_2.jpg\"\n               title=\"Rusz Jakab h\u00e1za a torn\u00e1c fel\u0151l, Gy\u00f6ngy\u00f6s, arch\u00edv fot\u00f3 \u00a9 Medgyaszay Eml\u00e9khely\"\n               data-src=\"https:\/\/meonline.hu\/medgyaszay_ornamentika\/rusz_2.jpg\"\n               data-thumbnail=\"https:\/\/meonline.hu\/medgyaszay_ornamentika\/thumbs\/thumbs_rusz_2.jpg\"\n               data-image-id=\"6041\"\n               data-title=\"Rusz Jakab h\u00e1za a torn\u00e1c fel\u0151l, Gy\u00f6ngy\u00f6s, arch\u00edv fot\u00f3 \u00a9 Medgyaszay Eml\u00e9khely\"\n               data-description=\"Rusz Jakab h\u00e1za a torn\u00e1c fel\u0151l, Gy\u00f6ngy\u00f6s, arch\u00edv fot\u00f3 \u00a9 Medgyaszay Eml\u00e9khely\"\n               data-image-slug=\"rusz_2\"\n               class=\"ngg-simplelightbox\" rel=\"bdd2771a05dc2a95d5c70897973e91ae\">\n                <img\n                    title=\"Rusz Jakab h\u00e1za a torn\u00e1c fel\u0151l, Gy\u00f6ngy\u00f6s, arch\u00edv fot\u00f3 \u00a9 Medgyaszay Eml\u00e9khely\"\n                    alt=\"Rusz Jakab h\u00e1za a torn\u00e1c fel\u0151l, Gy\u00f6ngy\u00f6s, arch\u00edv fot\u00f3 \u00a9 Medgyaszay Eml\u00e9khely\"\n                    src=\"https:\/\/meonline.hu\/medgyaszay_ornamentika\/thumbs\/thumbs_rusz_2.jpg\"\n                    width=\"152\"\n                    height=\"100\"\n                    style=\"max-width:100%;\"\n                \/>\n            <\/a>\n        <\/div>\n\t\t\t\t\t\t\t<\/div> \n\t\t\t\n\t\t\t\t<div id=\"ngg-image-15\" class=\"ngg-gallery-thumbnail-box \" >\n\t\t\t\t        <div class=\"ngg-gallery-thumbnail\">\n            <a href=\"https:\/\/meonline.hu\/medgyaszay_ornamentika\/Sopron_szinhaz_elolnezet_2.jpg\"\n               title=\"A soproni sz\u00ednh\u00e1z el\u00f6ln\u00e9zete 1909 \u00a9 Medgyaszay Eml\u00e9khely\"\n               data-src=\"https:\/\/meonline.hu\/medgyaszay_ornamentika\/Sopron_szinhaz_elolnezet_2.jpg\"\n               data-thumbnail=\"https:\/\/meonline.hu\/medgyaszay_ornamentika\/thumbs\/thumbs_Sopron_szinhaz_elolnezet_2.jpg\"\n               data-image-id=\"6042\"\n               data-title=\"A soproni sz\u00ednh\u00e1z el\u00f6ln\u00e9zete 1909 \u00a9 Medgyaszay Eml\u00e9khely\"\n               data-description=\"A soproni sz\u00ednh\u00e1z el\u00f6ln\u00e9zete 1909 \u00a9 Medgyaszay Eml\u00e9khely\"\n               data-image-slug=\"sopron_szinhaz_elolnezet_2\"\n               class=\"ngg-simplelightbox\" rel=\"bdd2771a05dc2a95d5c70897973e91ae\">\n                <img\n                    title=\"A soproni sz\u00ednh\u00e1z el\u00f6ln\u00e9zete 1909 \u00a9 Medgyaszay Eml\u00e9khely\"\n                    alt=\"A soproni sz\u00ednh\u00e1z el\u00f6ln\u00e9zete 1909 \u00a9 Medgyaszay Eml\u00e9khely\"\n                    src=\"https:\/\/meonline.hu\/medgyaszay_ornamentika\/thumbs\/thumbs_Sopron_szinhaz_elolnezet_2.jpg\"\n                    width=\"152\"\n                    height=\"100\"\n                    style=\"max-width:100%;\"\n                \/>\n            <\/a>\n        <\/div>\n\t\t\t\t\t\t\t<\/div> \n\t\t\t\n\t\t\t\t<div id=\"ngg-image-16\" class=\"ngg-gallery-thumbnail-box \" >\n\t\t\t\t        <div class=\"ngg-gallery-thumbnail\">\n            <a href=\"https:\/\/meonline.hu\/medgyaszay_ornamentika\/Sopron_szinhaz_metszet_2.jpg\"\n               title=\"A soproni sz\u00ednh\u00e1z el\u0151csarnok metszete, 1909 \u00a9 Medgyaszay Eml\u00e9khely\"\n               data-src=\"https:\/\/meonline.hu\/medgyaszay_ornamentika\/Sopron_szinhaz_metszet_2.jpg\"\n               data-thumbnail=\"https:\/\/meonline.hu\/medgyaszay_ornamentika\/thumbs\/thumbs_Sopron_szinhaz_metszet_2.jpg\"\n               data-image-id=\"6044\"\n               data-title=\"A soproni sz\u00ednh\u00e1z el\u0151csarnok metszete, 1909 \u00a9 Medgyaszay Eml\u00e9khely\"\n               data-description=\"A soproni sz\u00ednh\u00e1z el\u0151csarnok metszete, 1909 \u00a9 Medgyaszay Eml\u00e9khely\"\n               data-image-slug=\"sopron_szinhaz_metszet_2\"\n               class=\"ngg-simplelightbox\" rel=\"bdd2771a05dc2a95d5c70897973e91ae\">\n                <img\n                    title=\"A soproni sz\u00ednh\u00e1z el\u0151csarnok metszete, 1909 \u00a9 Medgyaszay Eml\u00e9khely\"\n                    alt=\"A soproni sz\u00ednh\u00e1z el\u0151csarnok metszete, 1909 \u00a9 Medgyaszay Eml\u00e9khely\"\n                    src=\"https:\/\/meonline.hu\/medgyaszay_ornamentika\/thumbs\/thumbs_Sopron_szinhaz_metszet_2.jpg\"\n                    width=\"152\"\n                    height=\"100\"\n                    style=\"max-width:100%;\"\n                \/>\n            <\/a>\n        <\/div>\n\t\t\t\t\t\t\t<\/div> \n\t\t\t\n\t\t\t\t<div id=\"ngg-image-17\" class=\"ngg-gallery-thumbnail-box \" >\n\t\t\t\t        <div class=\"ngg-gallery-thumbnail\">\n            <a href=\"https:\/\/meonline.hu\/medgyaszay_ornamentika\/veszprem_4.jpg\"\n               title=\"A veszpr\u00e9mi sz\u00ednh\u00e1z homlokzata a P\u00fcsp\u00f6kkert fel\u0151l, 1907 \u00e1prilis \u00a9 Medgyaszay Eml\u00e9khely\"\n               data-src=\"https:\/\/meonline.hu\/medgyaszay_ornamentika\/veszprem_4.jpg\"\n               data-thumbnail=\"https:\/\/meonline.hu\/medgyaszay_ornamentika\/thumbs\/thumbs_veszprem_4.jpg\"\n               data-image-id=\"6043\"\n               data-title=\"A veszpr\u00e9mi sz\u00ednh\u00e1z homlokzata a P\u00fcsp\u00f6kkert fel\u0151l, 1907 \u00e1prilis \u00a9 Medgyaszay Eml\u00e9khely\"\n               data-description=\"A veszpr\u00e9mi sz\u00ednh\u00e1z homlokzata a P\u00fcsp\u00f6kkert fel\u0151l, 1907 \u00e1prilis \u00a9 Medgyaszay Eml\u00e9khely\"\n               data-image-slug=\"veszprem_4\"\n               class=\"ngg-simplelightbox\" rel=\"bdd2771a05dc2a95d5c70897973e91ae\">\n                <img\n                    title=\"A veszpr\u00e9mi sz\u00ednh\u00e1z homlokzata a P\u00fcsp\u00f6kkert fel\u0151l, 1907 \u00e1prilis \u00a9 Medgyaszay Eml\u00e9khely\"\n                    alt=\"A veszpr\u00e9mi sz\u00ednh\u00e1z homlokzata a P\u00fcsp\u00f6kkert fel\u0151l, 1907 \u00e1prilis \u00a9 Medgyaszay Eml\u00e9khely\"\n                    src=\"https:\/\/meonline.hu\/medgyaszay_ornamentika\/thumbs\/thumbs_veszprem_4.jpg\"\n                    width=\"152\"\n                    height=\"100\"\n                    style=\"max-width:100%;\"\n                \/>\n            <\/a>\n        <\/div>\n\t\t\t\t\t\t\t<\/div> \n\t\t\t\n\t\n\t<br style=\"clear: both\" \/>\n\n\t\n\t\t<!-- Pagination -->\n\t<div class='ngg-clear'><\/div>\t<\/div>\n<\/p>","protected":false},"excerpt":{"rendered":"<p>Text: Ferenc&nbsp;Potzner&nbsp; Ornamentation is present in every single branch of fine arts. It adjusts itself to materials, techniques and technologies, may show a wide variety from being flat or highly sculpturesque, containing geometric, botanical or figural motifs. If we interpret ornamentation clearly as form, which may even be spatial, then in the wider sense of [&hellip;]<\/p>\n","protected":false},"author":1,"featured_media":25484,"comment_status":"closed","ping_status":"closed","sticky":false,"template":"","format":"standard","meta":{"ngg_post_thumbnail":0},"categories":[684,728,8,729],"tags":[],"_links":{"self":[{"href":"https:\/\/meonline.hu\/en\/wp-json\/wp\/v2\/posts\/25482"}],"collection":[{"href":"https:\/\/meonline.hu\/en\/wp-json\/wp\/v2\/posts"}],"about":[{"href":"https:\/\/meonline.hu\/en\/wp-json\/wp\/v2\/types\/post"}],"author":[{"embeddable":true,"href":"https:\/\/meonline.hu\/en\/wp-json\/wp\/v2\/users\/1"}],"replies":[{"embeddable":true,"href":"https:\/\/meonline.hu\/en\/wp-json\/wp\/v2\/comments?post=25482"}],"version-history":[{"count":1,"href":"https:\/\/meonline.hu\/en\/wp-json\/wp\/v2\/posts\/25482\/revisions"}],"predecessor-version":[{"id":25523,"href":"https:\/\/meonline.hu\/en\/wp-json\/wp\/v2\/posts\/25482\/revisions\/25523"}],"wp:featuredmedia":[{"embeddable":true,"href":"https:\/\/meonline.hu\/en\/wp-json\/wp\/v2\/media\/25484"}],"wp:attachment":[{"href":"https:\/\/meonline.hu\/en\/wp-json\/wp\/v2\/media?parent=25482"}],"wp:term":[{"taxonomy":"category","embeddable":true,"href":"https:\/\/meonline.hu\/en\/wp-json\/wp\/v2\/categories?post=25482"},{"taxonomy":"post_tag","embeddable":true,"href":"https:\/\/meonline.hu\/en\/wp-json\/wp\/v2\/tags?post=25482"}],"curies":[{"name":"wp","href":"https:\/\/api.w.org\/{rel}","templated":true}]}}