{"id":269,"date":"2009-10-19T12:05:04","date_gmt":"2009-10-19T10:05:04","guid":{"rendered":"http:\/\/meonlinehu.web-server.hu\/?p=269"},"modified":"2021-12-30T22:08:38","modified_gmt":"2021-12-30T21:08:38","slug":"maszka-jelmeztervezo-haza","status":"publish","type":"post","link":"https:\/\/meonline.hu\/en\/archivum\/maszka-jelmeztervezo-haza\/","title":{"rendered":"Maszka \u2013 Jelmeztervez\u0151 h\u00e1za"},"content":{"rendered":"<p><strong>M\u00c9SZ-M\u00c9K Diplomad\u00edj 2009<\/strong><\/p>\n<p><img loading=\"lazy\" class=\"aligncenter size-full wp-image-270\" title=\"1_maszka\" src=\"http:\/\/meonlinehu.web-server.hu\/wp-content\/uploads\/2010\/02\/1_maszka.jpg\" alt=\"\" width=\"600\" height=\"424\" srcset=\"https:\/\/meonline.hu\/wp-content\/uploads\/2010\/02\/1_maszka.jpg 600w, https:\/\/meonline.hu\/wp-content\/uploads\/2010\/02\/1_maszka-212x150.jpg 212w, https:\/\/meonline.hu\/wp-content\/uploads\/2010\/02\/1_maszka-300x212.jpg 300w\" sizes=\"(max-width: 600px) 100vw, 600px\" \/><\/p>\n<p>Terv: M\u00e9sz\u00e1ros Krisztina BMGE K\u00f6z\u00e9p\u00fclettervez\u00e9si Tansz\u00e9k<\/p>\n<p>Konzulens: H\u0151nicz Rich\u00e1rd<\/p>\n<p>Opponens: Zsuffa Zsolt<\/p>\n<p>R\u00e9szletek Zsuffa Zsolt opponenci\u00e1j\u00e1b\u00f3l:<\/p>\n<p>\u201e&#8230;A kiszemelt h\u00e1romsz\u00f6g alak\u00fa telek igen neh\u00e9z helysz\u00edn. Egyszerre kell elind\u00edtania k\u00e9t utc\u00e1t, megfogni a sarkot vagy t\u00e9rfalat k\u00e9pezni a kis teresed\u00e9snek. A tervezett \u00e9p\u00fclet telep\u00edt\u00e9se \u00f6tletes; a h\u00e9zagosan z\u00e1rtsor\u00fa utc\u00e1k v\u00e9g\u00e9n egy szabadon \u00e1ll\u00f3, k\u00f6r\u00fclj\u00e1rhat\u00f3 h\u00e1zat tal\u00e1lunk. A szoborszer\u0171 telep\u00edt\u00e9s egyedi m\u00f3don kezeli a felvetett probl\u00e9m\u00e1kat, \u00e9s f\u0151szerepl\u0151v\u00e9 teszi az \u00e9p\u00fcletet. Szerintem a koncepci\u00f3t tov\u00e1bb er\u0151s\u00edthette volna a k\u00e9t utca k\u00f6z\u00f6tti \u00e1tk\u00f6t\u00e9s sz\u00e9les\u00edt\u00e9se \u00e9s egy hat\u00e1rozottabb funkci\u00f3, mert \u00edgy a keskeny k\u00f6z hamar g\u00f6ngy\u00f6legrakt\u00e1rr\u00e1 v\u00e1lhat.<\/p>\n<p>Minden h\u00e1z \u201eruha\u201d is, v\u00e9d \u00e9s \u00f6lt\u00f6ztet. V\u00e9d a k\u00fcls\u0151 hat\u00e1sok ellen, emellett megjelen\u00edtheti haszn\u00e1l\u00f3j\u00e1nak szem\u00e9lyis\u00e9g\u00e9t is. A jelmez azonban t\u00f6bb mint ruha; \u00fczenethordoz\u00f3 eszk\u00f6z, olyan \u201cmez\u201d, amely jel \u00e9rt\u00e9k\u0171, ruh\u00e1zat, amely befoly\u00e1solja visel\u0151j\u00e9nek hangulat\u00e1t, \u00e9s k\u00f6rnyezet\u00e9nek atmoszf\u00e9r\u00e1j\u00e1t is. A jelmez \u00e9s a maszk jelent\u00e9startamainak \u00e9p\u00edt\u00e9szeti koncepci\u00f3ba val\u00f3 beemel\u00e9se teh\u00e1t izgalmas kiindul\u00e1snak t\u0171nik. A terv kor\u00e1bbi v\u00e1ltozatai m\u00e9g tiszt\u00e1n mutatt\u00e1k az \u00e9p\u00fclet jelmezszer\u0171en r\u00e9teges \u00f6lt\u00f6ztet\u00e9s\u00e9t, melyet a racion\u00e1lisabb bels\u0151 t\u00e9rszervez\u00e9si \u00e9s szerkezeti kialak\u00edt\u00e1s a v\u00e9gleges tervb\u0151l m\u00e1r r\u00e9szben kikoptatott. A h\u00e1z most csup\u00e1n gesztus \u00e9rt\u00e9k\u0171 maszkkal fordul a Simonyi utca fel\u00e9. Tudjuk a sz\u00ednh\u00e1zi hagyom\u00e1nyokb\u00f3l, hogy a mell\u00e9kszerepl\u0151k fedetlen arccal jelentek meg a sz\u00ednpadon, \u00e1larcot csak a f\u0151szerepl\u0151k viseltek. A tervezett \u00e9p\u00fclet pedig maszkot visel, ezzel pedig \u00fajfent hangs\u00falyozza, hogy \u2013 b\u00e1rmily kism\u00e9ret\u0171 k\u00f6z\u00e9p\u00fclet is \u2013 f\u0151szerepl\u0151k\u00e9nt k\u00edv\u00e1n megjelenni az utca r\u00e9gi h\u00e1zai k\u00f6z\u00f6tt.<\/p>\n<p>Az \u00e9p\u00fclett\u00f6meg sz\u00e9pen reag\u00e1l a szomsz\u00e9dos magastet\u0151s h\u00e1zak architekt\u00far\u00e1j\u00e1ra. A krist\u00e1lyszer\u0171 form\u00e1l\u00e1s itt telital\u00e1lat, viszont a megjelen\u00e9s tisztas\u00e1g\u00e1t csorb\u00edtja az eml\u00edtett, \u201enekit\u00e1masztott\u201d maszk addit\u00edv jellege, vagyis a krist\u00e1ly \u00e9lein t\u00f6rt\u00e9n\u0151 direkt strukt\u00farav\u00e1lt\u00e1s. Az \u00e1tt\u00f6rt csipkefalat \u00edgy nem \u00e9rzem el\u00e9gg\u00e9 szerves\u00fclni az \u00e9p\u00fclett\u00f6meggel, kicsit olyan mintha egy sz\u00edn\u00e9sz nem teljes m\u00e9rt\u00e9kben azonosulna a szerep\u00e9vel, nekem \u00fagy t\u0171nik az ilyen helyzetben, hogy az \u00e1larc lehullik.<\/p>\n<p>Az \u00e9p\u00fcletet a h\u00e1rom f\u0151 funkci\u00f3 szerint elk\u00fcl\u00f6n\u00fcl\u0151 bej\u00e1ratok t\u00e1rj\u00e1k fel. Az elk\u00fcl\u00f6n\u00edtett forgalom tiszta bels\u0151 t\u00e9rszervez\u00e9st tesz lehet\u0151v\u00e9. A h\u00e1z egy h\u00e1romszintes j\u00f3l bevil\u00e1g\u00edtott, bels\u0151t\u00e9ri \u00e1trium k\u00f6r\u00e9 telep\u00fcl, mely a bels\u0151 udvar lefed\u00e9s\u00e9vel j\u00f6hetett l\u00e9tre. A bej\u00e1ratok \u00e9s a rajtuk kereszt\u00fcl bonyol\u00edtott forgalom, szinte a h\u00e1rom sarok fel\u0151l indul\u00f3 sz\u00f6gletes, t\u00e9rbeli spir\u00e1lk\u00e9nt \u00f6lelik k\u00f6rbe a k\u00f6zponti teret. A magass\u00e1gi szempontb\u00f3l is k\u00fcl\u00f6nb\u00f6z\u0151 szintekre vezet\u0151 bej\u00e1ratok kialak\u00edt\u00e1sa egyedi karaktert adhat a meg\u00e9rkez\u00e9s k\u00fcl\u00f6nb\u00f6z\u0151 szitu\u00e1ci\u00f3inak. Az \u00e9p\u00edt\u00e9si t\u00f6mb-sarok fel\u0151li f\u0151bej\u00e1rat a v\u00e1rhat\u00f3an legnagyobb k\u00f6z\u00f6ns\u00e9gforgalmat lebonyol\u00edt\u00f3 ki\u00e1ll\u00edt\u00f3t\u00e9r\u00e9. A f\u00e1tyolszer\u0171 fallal hat\u00e1rolt gal\u00e9ri\u00e1s t\u00e9rbe nagyvonal\u00fa l\u00e9pcs\u0151 vezet. A csipkeminta \u00e1t\u00e9rtelmez\u00e9s\u00e9vel nagy m\u0171gonddal megtervezett egyedi falkonstrukci\u00f3 vibr\u00e1l\u00f3 \u00e9s a napszakokkal folyton v\u00e1ltoz\u00f3 f\u00e9nyhat\u00e1st eredm\u00e9nyez, amely kellemes atmoszf\u00e9r\u00e1t k\u00f6lcs\u00f6n\u00f6z a bels\u0151 t\u00e9rnek&#8230;<\/p>\n<p>A h\u00e1z szerkezetileg \u00e1tgondolt, r\u00e9szleteiben t\u00f6bbnyire megoldott. A jelmezt alkot\u00f3 k\u00fcls\u0151 szerelt sz\u00e1lcement r\u00e9teg r\u00f6gz\u00edt\u00e9se a gy\u00e1rt\u00f3 el\u0151\u00edr\u00e1sait k\u00f6veti, az innovat\u00edv csipkeszer\u0171 kialak\u00edt\u00e1s viszont m\u00e1r a diplom\u00e1z\u00f3 kreativit\u00e1s\u00e1t mutatja. A v\u00e1lasztott feh\u00e9r sz\u00edn, mint az egyetlen t\u00f6k\u00e9letes sz\u00edn (amely mag\u00e1ba foglalja az \u00f6sszes t\u00f6bbit), nemcsak a tisztas\u00e1g szimb\u00f3luma, hanem az \u00fajj\u00e1sz\u00fclet\u00e9s sz\u00edne is. \u00cdgy \u00f6sszecseng a jelmez alapvet\u0151 funkci\u00f3j\u00e1val, az \u00faj alakot \u00f6ltve \u00e1tl\u00e9nyeg\u00fcl\u00e9ssel&#8230;.\u201d<\/p>\n<p><img loading=\"lazy\" class=\"aligncenter size-full wp-image-271\" title=\"2_maszka\" src=\"http:\/\/meonlinehu.web-server.hu\/wp-content\/uploads\/2010\/02\/2_maszka.jpg\" alt=\"\" width=\"600\" height=\"424\" srcset=\"https:\/\/meonline.hu\/wp-content\/uploads\/2010\/02\/2_maszka.jpg 600w, https:\/\/meonline.hu\/wp-content\/uploads\/2010\/02\/2_maszka-212x150.jpg 212w, https:\/\/meonline.hu\/wp-content\/uploads\/2010\/02\/2_maszka-300x212.jpg 300w\" sizes=\"(max-width: 600px) 100vw, 600px\" \/><\/p>\n","protected":false},"excerpt":{"rendered":"<p>A kiszemelt h\u00e1romsz\u00f6g alak\u00fa telek igen neh\u00e9z helysz\u00edn. Egyszerre kell elind\u00edtania k\u00e9t utc\u00e1t, megfogni a sarkot vagy t\u00e9rfalat k\u00e9pezni a kis teresed\u00e9snek. A tervezett \u00e9p\u00fclet telep\u00edt\u00e9se \u00f6tletes; a h\u00e9zagosan z\u00e1rtsor\u00fa utc\u00e1k v\u00e9g\u00e9n egy szabadon \u00e1ll\u00f3, k\u00f6r\u00fclj\u00e1rhat\u00f3 h\u00e1zat tal\u00e1lunk. <\/p>\n","protected":false},"author":1,"featured_media":270,"comment_status":"closed","ping_status":"closed","sticky":false,"template":"","format":"standard","meta":{"ngg_post_thumbnail":0},"categories":[10,7],"tags":[],"_links":{"self":[{"href":"https:\/\/meonline.hu\/en\/wp-json\/wp\/v2\/posts\/269"}],"collection":[{"href":"https:\/\/meonline.hu\/en\/wp-json\/wp\/v2\/posts"}],"about":[{"href":"https:\/\/meonline.hu\/en\/wp-json\/wp\/v2\/types\/post"}],"author":[{"embeddable":true,"href":"https:\/\/meonline.hu\/en\/wp-json\/wp\/v2\/users\/1"}],"replies":[{"embeddable":true,"href":"https:\/\/meonline.hu\/en\/wp-json\/wp\/v2\/comments?post=269"}],"version-history":[{"count":6,"href":"https:\/\/meonline.hu\/en\/wp-json\/wp\/v2\/posts\/269\/revisions"}],"predecessor-version":[{"id":44182,"href":"https:\/\/meonline.hu\/en\/wp-json\/wp\/v2\/posts\/269\/revisions\/44182"}],"wp:featuredmedia":[{"embeddable":true,"href":"https:\/\/meonline.hu\/en\/wp-json\/wp\/v2\/media\/270"}],"wp:attachment":[{"href":"https:\/\/meonline.hu\/en\/wp-json\/wp\/v2\/media?parent=269"}],"wp:term":[{"taxonomy":"category","embeddable":true,"href":"https:\/\/meonline.hu\/en\/wp-json\/wp\/v2\/categories?post=269"},{"taxonomy":"post_tag","embeddable":true,"href":"https:\/\/meonline.hu\/en\/wp-json\/wp\/v2\/tags?post=269"}],"curies":[{"name":"wp","href":"https:\/\/api.w.org\/{rel}","templated":true}]}}