{"id":28913,"date":"2018-11-17T18:56:50","date_gmt":"2018-11-17T17:56:50","guid":{"rendered":"http:\/\/meonline.hu\/?p=28913"},"modified":"2018-11-19T03:09:46","modified_gmt":"2018-11-19T02:09:46","slug":"megujulo-epiteszeti-oroksegunk-kincsek-a-jovonek","status":"publish","type":"post","link":"https:\/\/meonline.hu\/en\/utoirat\/megujulo-epiteszeti-oroksegunk-kincsek-a-jovonek\/","title":{"rendered":"Our Renewing Architectural Heritage \u2013 Treasures for the Future"},"content":{"rendered":"<p><strong>The Exhibition of the Association of Hungarian Architects in the Castle Gardens Bazaar<br \/>\nAugust 29th \u2013 September 9th, 2018<\/strong><\/p>\n<p>Text: <strong>Csaba Latorczai <\/strong><\/p>\n<p>Hungary\u2019s rich and eventful history has left a highly versatile and unique architectural heritage for the present generation, and \u2013 if we take due care of it \u2013 also for the future generations. Thus it is important from more than just one aspect to survey it from time to time, to see how the salvation of both the capital\u2019s sights and the historic monuments of the countryside is going on. To make them public and well-known is a task for not only the professionals in the narrowest sense of the word, but also for the wider general public interested in and understanding our history. The examples exhibited now simultaneously present the healthy equilibrium between responsible preservation and versatile utilization. At the same time, it may encourage the tourists, both Hungarians and foreigners, who are interested in the topic, to make a tour of the historic courses in Hungary again and again, to visit its heritage sights and values, and thus experience the greatest and most influential periods of Hungarian history in exhibition rooms equipped with state-of-the-art 21st-century technologies.<\/p>\n<p><!-- default-view.php -->\n<div\n\tclass=\"ngg-galleryoverview default-view \"\n\tid=\"ngg-gallery-7ba8c88d68f6a4496ddf770cc49f6724-1\">\n\n\t\t<!-- Thumbnails -->\n\t\t\t\t<div id=\"ngg-image-0\" class=\"ngg-gallery-thumbnail-box \" >\n\t\t\t\t        <div class=\"ngg-gallery-thumbnail\">\n            <a href=\"https:\/\/meonline.hu\/megujulo-mesz\/megujulo1.jpg\"\n               title=\"Parlament, L\u00e1togat\u00f3k\u00f6zpont. Fot\u00f3: Bujnovszky Tam\u00e1s\"\n               data-src=\"https:\/\/meonline.hu\/megujulo-mesz\/megujulo1.jpg\"\n               data-thumbnail=\"https:\/\/meonline.hu\/megujulo-mesz\/thumbs\/thumbs_megujulo1.jpg\"\n               data-image-id=\"7101\"\n               data-title=\"Parlament, L\u00e1togat\u00f3k\u00f6zpont. Fot\u00f3: Bujnovszky Tam\u00e1s\"\n               data-description=\"Parlament, L\u00e1togat\u00f3k\u00f6zpont. Fot\u00f3: Bujnovszky Tam\u00e1s\"\n               data-image-slug=\"megujulo1\"\n               class=\"ngg-simplelightbox\" rel=\"7ba8c88d68f6a4496ddf770cc49f6724\">\n                <img\n                    title=\"Parlament, L\u00e1togat\u00f3k\u00f6zpont. Fot\u00f3: Bujnovszky Tam\u00e1s\"\n                    alt=\"Parlament, L\u00e1togat\u00f3k\u00f6zpont. Fot\u00f3: Bujnovszky Tam\u00e1s\"\n                    src=\"https:\/\/meonline.hu\/megujulo-mesz\/thumbs\/thumbs_megujulo1.jpg\"\n                    width=\"152\"\n                    height=\"100\"\n                    style=\"max-width:100%;\"\n                \/>\n            <\/a>\n        <\/div>\n\t\t\t\t\t\t\t<\/div> \n\t\t\t\n\t\t\t\t<div id=\"ngg-image-1\" class=\"ngg-gallery-thumbnail-box \" >\n\t\t\t\t        <div class=\"ngg-gallery-thumbnail\">\n            <a href=\"https:\/\/meonline.hu\/megujulo-mesz\/megujulo2.jpg\"\n               title=\"L\u2019Huillier-Coburg-kast\u00e9ly, Edel\u00e9ny. Fot\u00f3: Bat\u00e1r Zsolt\"\n               data-src=\"https:\/\/meonline.hu\/megujulo-mesz\/megujulo2.jpg\"\n               data-thumbnail=\"https:\/\/meonline.hu\/megujulo-mesz\/thumbs\/thumbs_megujulo2.jpg\"\n               data-image-id=\"7102\"\n               data-title=\"L\u2019Huillier-Coburg-kast\u00e9ly, Edel\u00e9ny. Fot\u00f3: Bat\u00e1r Zsolt\"\n               data-description=\"L\u2019Huillier-Coburg-kast\u00e9ly, Edel\u00e9ny. Fot\u00f3: Bat\u00e1r Zsolt\"\n               data-image-slug=\"megujulo2\"\n               class=\"ngg-simplelightbox\" rel=\"7ba8c88d68f6a4496ddf770cc49f6724\">\n                <img\n                    title=\"L\u2019Huillier-Coburg-kast\u00e9ly, Edel\u00e9ny. Fot\u00f3: Bat\u00e1r Zsolt\"\n                    alt=\"L\u2019Huillier-Coburg-kast\u00e9ly, Edel\u00e9ny. Fot\u00f3: Bat\u00e1r Zsolt\"\n                    src=\"https:\/\/meonline.hu\/megujulo-mesz\/thumbs\/thumbs_megujulo2.jpg\"\n                    width=\"152\"\n                    height=\"100\"\n                    style=\"max-width:100%;\"\n                \/>\n            <\/a>\n        <\/div>\n\t\t\t\t\t\t\t<\/div> \n\t\t\t\n\t\t\t\t<div id=\"ngg-image-2\" class=\"ngg-gallery-thumbnail-box \" >\n\t\t\t\t        <div class=\"ngg-gallery-thumbnail\">\n            <a href=\"https:\/\/meonline.hu\/megujulo-mesz\/megujulo3.jpg\"\n               title=\"N\u00e1dasdy-kast\u00e9ly, N\u00e1dasdlad\u00e1ny, Fot\u00f3: Bujnovszky Tam\u00e1s\"\n               data-src=\"https:\/\/meonline.hu\/megujulo-mesz\/megujulo3.jpg\"\n               data-thumbnail=\"https:\/\/meonline.hu\/megujulo-mesz\/thumbs\/thumbs_megujulo3.jpg\"\n               data-image-id=\"7103\"\n               data-title=\"N\u00e1dasdy-kast\u00e9ly, N\u00e1dasdlad\u00e1ny, Fot\u00f3: Bujnovszky Tam\u00e1s\"\n               data-description=\"N\u00e1dasdy-kast\u00e9ly, N\u00e1dasdlad\u00e1ny, Fot\u00f3: Bujnovszky Tam\u00e1s\"\n               data-image-slug=\"megujulo3\"\n               class=\"ngg-simplelightbox\" rel=\"7ba8c88d68f6a4496ddf770cc49f6724\">\n                <img\n                    title=\"N\u00e1dasdy-kast\u00e9ly, N\u00e1dasdlad\u00e1ny, Fot\u00f3: Bujnovszky Tam\u00e1s\"\n                    alt=\"N\u00e1dasdy-kast\u00e9ly, N\u00e1dasdlad\u00e1ny, Fot\u00f3: Bujnovszky Tam\u00e1s\"\n                    src=\"https:\/\/meonline.hu\/megujulo-mesz\/thumbs\/thumbs_megujulo3.jpg\"\n                    width=\"152\"\n                    height=\"100\"\n                    style=\"max-width:100%;\"\n                \/>\n            <\/a>\n        <\/div>\n\t\t\t\t\t\t\t<\/div> \n\t\t\t\n\t\n\t<br style=\"clear: both\" \/>\n\n\t\n\t\t<!-- Pagination -->\n\t<div class='ngg-clear'><\/div>\t<\/div>\n<\/p>","protected":false},"excerpt":{"rendered":"<p>The Exhibition of the Association of Hungarian Architects in the Castle Gardens Bazaar August 29th \u2013 September 9th, 2018 Text: Csaba Latorczai Hungary\u2019s rich and eventful history has left a highly versatile and unique architectural heritage for the present generation, and \u2013 if we take due care of it \u2013 also for the future generations. [&hellip;]<\/p>\n","protected":false},"author":1,"featured_media":28919,"comment_status":"closed","ping_status":"closed","sticky":false,"template":"","format":"standard","meta":{"ngg_post_thumbnail":0},"categories":[769,17,8,768],"tags":[],"_links":{"self":[{"href":"https:\/\/meonline.hu\/en\/wp-json\/wp\/v2\/posts\/28913"}],"collection":[{"href":"https:\/\/meonline.hu\/en\/wp-json\/wp\/v2\/posts"}],"about":[{"href":"https:\/\/meonline.hu\/en\/wp-json\/wp\/v2\/types\/post"}],"author":[{"embeddable":true,"href":"https:\/\/meonline.hu\/en\/wp-json\/wp\/v2\/users\/1"}],"replies":[{"embeddable":true,"href":"https:\/\/meonline.hu\/en\/wp-json\/wp\/v2\/comments?post=28913"}],"version-history":[{"count":1,"href":"https:\/\/meonline.hu\/en\/wp-json\/wp\/v2\/posts\/28913\/revisions"}],"predecessor-version":[{"id":28923,"href":"https:\/\/meonline.hu\/en\/wp-json\/wp\/v2\/posts\/28913\/revisions\/28923"}],"wp:featuredmedia":[{"embeddable":true,"href":"https:\/\/meonline.hu\/en\/wp-json\/wp\/v2\/media\/28919"}],"wp:attachment":[{"href":"https:\/\/meonline.hu\/en\/wp-json\/wp\/v2\/media?parent=28913"}],"wp:term":[{"taxonomy":"category","embeddable":true,"href":"https:\/\/meonline.hu\/en\/wp-json\/wp\/v2\/categories?post=28913"},{"taxonomy":"post_tag","embeddable":true,"href":"https:\/\/meonline.hu\/en\/wp-json\/wp\/v2\/tags?post=28913"}],"curies":[{"name":"wp","href":"https:\/\/api.w.org\/{rel}","templated":true}]}}