{"id":29064,"date":"2018-11-18T21:45:10","date_gmt":"2018-11-18T20:45:10","guid":{"rendered":"http:\/\/meonline.hu\/?p=29064"},"modified":"2019-01-13T17:49:57","modified_gmt":"2019-01-13T16:49:57","slug":"a-hely-szellemisege","status":"publish","type":"post","link":"https:\/\/meonline.hu\/en\/aktualis\/tema\/a-hely-szellemisege\/","title":{"rendered":"The Local Spirit"},"content":{"rendered":"<p><strong>L\u00e1ng Machinery Plant Culture Centre \u2013 Third Generation<\/strong><\/p>\n<p>Architects: <strong>Csaba Nagy, K\u00e1roly P\u00f3lus, Bence L\u00e1szl\u00f3 Dobos, \u00c1gnes  T\u0151r\u00f6s (2018), Gy\u00f6rgy Tok\u00e1r (1970)<\/strong><br \/>\nText: <strong>Tam\u00e1s Ulrich <\/strong><br \/>\nPhotos: <strong>Tam\u00e1s Bujnovszky <\/strong><\/p>\n<p>Based in Angyalf\u00f6ld, a traditional industrial district of Budapest, the machinery plant of the L\u00e1ng family (founded in 1868) had its first culture centre in 1930. It was further developed in the late 1960s. The facade of the house was a typical phenomenon of prefabrication enforced then in construction, and thus features painted concrete panels, aluminium windows and a curtain wall \u2013 as a true reflection of the socialist industry. After the change of the political system, the factory was closed, but the culture centre went on functioning. The local government started thinking about the plans of either reconstructing or demolishing it and then having a new one built instead in 2005, and eventually, and luckily, they decided to preserve and reconstruct the existing structure. The longish period of design and planning actually proved beneficial, as the architects preserved what was worth preserving: such as the structures, the interior configurations and layouts, and even contemporary furniture. They mostly left the functions of the inerior intact, but also had some minor modifications designed. A simple and crystallized kind of architecture and interior design was born as a result. There are no superfluous gestures or overdesigned details anywhere, only a maximal degree of serving the functions, generous spaces and spatial correlations, transparent interiors. When viewed from afar, the facade seems to be wrapped in red brick, but on closer inspection, it turns out to be terracotta ceramic tiles, which have been glued on the wrong side, their inside out. As a result they do not make a smooth surface, but a ribbed manufactured one, which in turn results in soft velvety shading effects.<\/p>\n<p>General design: <strong>Archikon<\/strong><br \/>\nLeading architects: <strong>Csaba Nagy, K\u00e1roly P\u00f3lus, Bence L\u00e1szl\u00f3 Dobos, \u00c1gnes T\u0151r\u00f6s <\/strong><br \/>\nArchitects: <strong>Botond Benedek, Eszter M\u00e9sz\u00e1ros, Bence V\u00e1rhidi <\/strong><br \/>\nStructure: <strong>Tibor Pint\u00e9r \u2013 \u00c9KI Terv Kft.<\/strong><br \/>\nHVAC: <strong>Zolt\u00e1n Sor, P\u00e9ter  Fenyvesi \u2013 PHQ Kft.<\/strong><br \/>\nElectrical engineering: <strong>Ferenc Rajkai, Tibor Koml\u00f3si \u2013  Hungaroproject Kft. <\/strong><br \/>\nLandscape: <strong>S\u00e1ndor Moh\u00e1csi \u2013  S73 Kft.<\/strong><br \/>\nEnvironmental protection: <strong>R\u00f3bert Csott \u2013 \u201995 Apszis Bt.<\/strong><br \/>\nClient: <strong>Budapest F\u0151v\u00e1ros XIII. Ker\u00fcleti \u00d6nkorm\u00e1nyzat<\/strong><br \/>\nMain contractor: <strong>Nimr\u00f3d-Bau Kft.<\/strong><\/p>\n<p><!-- default-view.php -->\n<div\n\tclass=\"ngg-galleryoverview default-view \"\n\tid=\"ngg-gallery-a11fd1242003d406a672fd94e1b8d69d-1\">\n\n\t\t<!-- Thumbnails -->\n\t\t\t\t<div id=\"ngg-image-0\" class=\"ngg-gallery-thumbnail-box \" >\n\t\t\t\t        <div class=\"ngg-gallery-thumbnail\">\n            <a href=\"https:\/\/meonline.hu\/lang-gepgyar\/lang1.jpg\"\n               title=\"Fot\u00f3: Bujnovszky Tam\u00e1s\"\n               data-src=\"https:\/\/meonline.hu\/lang-gepgyar\/lang1.jpg\"\n               data-thumbnail=\"https:\/\/meonline.hu\/lang-gepgyar\/thumbs\/thumbs_lang1.jpg\"\n               data-image-id=\"7156\"\n               data-title=\"Fot\u00f3: Bujnovszky Tam\u00e1s\"\n               data-description=\"Fot\u00f3: Bujnovszky Tam\u00e1s\"\n               data-image-slug=\"lang1-1\"\n               class=\"ngg-simplelightbox\" rel=\"a11fd1242003d406a672fd94e1b8d69d\">\n                <img\n                    title=\"Fot\u00f3: Bujnovszky Tam\u00e1s\"\n                    alt=\"Fot\u00f3: Bujnovszky Tam\u00e1s\"\n                    src=\"https:\/\/meonline.hu\/lang-gepgyar\/thumbs\/thumbs_lang1.jpg\"\n                    width=\"152\"\n                    height=\"100\"\n                    style=\"max-width:100%;\"\n                \/>\n            <\/a>\n        <\/div>\n\t\t\t\t\t\t\t<\/div> \n\t\t\t\n\t\t\t\t<div id=\"ngg-image-1\" class=\"ngg-gallery-thumbnail-box \" >\n\t\t\t\t        <div class=\"ngg-gallery-thumbnail\">\n            <a href=\"https:\/\/meonline.hu\/lang-gepgyar\/lang2.jpg\"\n               title=\"Fot\u00f3: Bujnovszky Tam\u00e1s\"\n               data-src=\"https:\/\/meonline.hu\/lang-gepgyar\/lang2.jpg\"\n               data-thumbnail=\"https:\/\/meonline.hu\/lang-gepgyar\/thumbs\/thumbs_lang2.jpg\"\n               data-image-id=\"7157\"\n               data-title=\"Fot\u00f3: Bujnovszky Tam\u00e1s\"\n               data-description=\"Fot\u00f3: Bujnovszky Tam\u00e1s\"\n               data-image-slug=\"lang2-1\"\n               class=\"ngg-simplelightbox\" rel=\"a11fd1242003d406a672fd94e1b8d69d\">\n                <img\n                    title=\"Fot\u00f3: Bujnovszky Tam\u00e1s\"\n                    alt=\"Fot\u00f3: Bujnovszky Tam\u00e1s\"\n                    src=\"https:\/\/meonline.hu\/lang-gepgyar\/thumbs\/thumbs_lang2.jpg\"\n                    width=\"152\"\n                    height=\"100\"\n                    style=\"max-width:100%;\"\n                \/>\n            <\/a>\n        <\/div>\n\t\t\t\t\t\t\t<\/div> \n\t\t\t\n\t\t\t\t<div id=\"ngg-image-2\" class=\"ngg-gallery-thumbnail-box \" >\n\t\t\t\t        <div class=\"ngg-gallery-thumbnail\">\n            <a href=\"https:\/\/meonline.hu\/lang-gepgyar\/lang3.jpg\"\n               title=\"Fot\u00f3: Bujnovszky Tam\u00e1s\"\n               data-src=\"https:\/\/meonline.hu\/lang-gepgyar\/lang3.jpg\"\n               data-thumbnail=\"https:\/\/meonline.hu\/lang-gepgyar\/thumbs\/thumbs_lang3.jpg\"\n               data-image-id=\"7158\"\n               data-title=\"Fot\u00f3: Bujnovszky Tam\u00e1s\"\n               data-description=\"Fot\u00f3: Bujnovszky Tam\u00e1s\"\n               data-image-slug=\"lang3-1\"\n               class=\"ngg-simplelightbox\" rel=\"a11fd1242003d406a672fd94e1b8d69d\">\n                <img\n                    title=\"Fot\u00f3: Bujnovszky Tam\u00e1s\"\n                    alt=\"Fot\u00f3: Bujnovszky Tam\u00e1s\"\n                    src=\"https:\/\/meonline.hu\/lang-gepgyar\/thumbs\/thumbs_lang3.jpg\"\n                    width=\"152\"\n                    height=\"100\"\n                    style=\"max-width:100%;\"\n                \/>\n            <\/a>\n        <\/div>\n\t\t\t\t\t\t\t<\/div> \n\t\t\t\n\t\t\t\t<div id=\"ngg-image-3\" class=\"ngg-gallery-thumbnail-box \" >\n\t\t\t\t        <div class=\"ngg-gallery-thumbnail\">\n            <a href=\"https:\/\/meonline.hu\/lang-gepgyar\/lang4.jpg\"\n               title=\"Fot\u00f3: Bujnovszky Tam\u00e1s\"\n               data-src=\"https:\/\/meonline.hu\/lang-gepgyar\/lang4.jpg\"\n               data-thumbnail=\"https:\/\/meonline.hu\/lang-gepgyar\/thumbs\/thumbs_lang4.jpg\"\n               data-image-id=\"7159\"\n               data-title=\"Fot\u00f3: Bujnovszky Tam\u00e1s\"\n               data-description=\"Fot\u00f3: Bujnovszky Tam\u00e1s\"\n               data-image-slug=\"lang4\"\n               class=\"ngg-simplelightbox\" rel=\"a11fd1242003d406a672fd94e1b8d69d\">\n                <img\n                    title=\"Fot\u00f3: Bujnovszky Tam\u00e1s\"\n                    alt=\"Fot\u00f3: Bujnovszky Tam\u00e1s\"\n                    src=\"https:\/\/meonline.hu\/lang-gepgyar\/thumbs\/thumbs_lang4.jpg\"\n                    width=\"152\"\n                    height=\"100\"\n                    style=\"max-width:100%;\"\n                \/>\n            <\/a>\n        <\/div>\n\t\t\t\t\t\t\t<\/div> \n\t\t\t\n\t\t\t\t<div id=\"ngg-image-4\" class=\"ngg-gallery-thumbnail-box \" >\n\t\t\t\t        <div class=\"ngg-gallery-thumbnail\">\n            <a href=\"https:\/\/meonline.hu\/lang-gepgyar\/lang5.jpg\"\n               title=\"Fot\u00f3: Bujnovszky Tam\u00e1s\"\n               data-src=\"https:\/\/meonline.hu\/lang-gepgyar\/lang5.jpg\"\n               data-thumbnail=\"https:\/\/meonline.hu\/lang-gepgyar\/thumbs\/thumbs_lang5.jpg\"\n               data-image-id=\"7160\"\n               data-title=\"Fot\u00f3: Bujnovszky Tam\u00e1s\"\n               data-description=\"Fot\u00f3: Bujnovszky Tam\u00e1s\"\n               data-image-slug=\"lang5\"\n               class=\"ngg-simplelightbox\" rel=\"a11fd1242003d406a672fd94e1b8d69d\">\n                <img\n                    title=\"Fot\u00f3: Bujnovszky Tam\u00e1s\"\n                    alt=\"Fot\u00f3: Bujnovszky Tam\u00e1s\"\n                    src=\"https:\/\/meonline.hu\/lang-gepgyar\/thumbs\/thumbs_lang5.jpg\"\n                    width=\"152\"\n                    height=\"100\"\n                    style=\"max-width:100%;\"\n                \/>\n            <\/a>\n        <\/div>\n\t\t\t\t\t\t\t<\/div> \n\t\t\t\n\t\t\t\t<div id=\"ngg-image-5\" class=\"ngg-gallery-thumbnail-box \" >\n\t\t\t\t        <div class=\"ngg-gallery-thumbnail\">\n            <a href=\"https:\/\/meonline.hu\/lang-gepgyar\/lang6.jpg\"\n               title=\"Fot\u00f3: Bujnovszky Tam\u00e1s\"\n               data-src=\"https:\/\/meonline.hu\/lang-gepgyar\/lang6.jpg\"\n               data-thumbnail=\"https:\/\/meonline.hu\/lang-gepgyar\/thumbs\/thumbs_lang6.jpg\"\n               data-image-id=\"7161\"\n               data-title=\"Fot\u00f3: Bujnovszky Tam\u00e1s\"\n               data-description=\"Fot\u00f3: Bujnovszky Tam\u00e1s\"\n               data-image-slug=\"lang6\"\n               class=\"ngg-simplelightbox\" rel=\"a11fd1242003d406a672fd94e1b8d69d\">\n                <img\n                    title=\"Fot\u00f3: Bujnovszky Tam\u00e1s\"\n                    alt=\"Fot\u00f3: Bujnovszky Tam\u00e1s\"\n                    src=\"https:\/\/meonline.hu\/lang-gepgyar\/thumbs\/thumbs_lang6.jpg\"\n                    width=\"152\"\n                    height=\"100\"\n                    style=\"max-width:100%;\"\n                \/>\n            <\/a>\n        <\/div>\n\t\t\t\t\t\t\t<\/div> \n\t\t\t\n\t\t\t\t<div id=\"ngg-image-6\" class=\"ngg-gallery-thumbnail-box \" >\n\t\t\t\t        <div class=\"ngg-gallery-thumbnail\">\n            <a href=\"https:\/\/meonline.hu\/lang-gepgyar\/lang7.jpg\"\n               title=\"\"\n               data-src=\"https:\/\/meonline.hu\/lang-gepgyar\/lang7.jpg\"\n               data-thumbnail=\"https:\/\/meonline.hu\/lang-gepgyar\/thumbs\/thumbs_lang7.jpg\"\n               data-image-id=\"7162\"\n               data-title=\"L\u00e1ng\"\n               data-description=\"\"\n               data-image-slug=\"lang7\"\n               class=\"ngg-simplelightbox\" rel=\"a11fd1242003d406a672fd94e1b8d69d\">\n                <img\n                    title=\"L\u00e1ng\"\n                    alt=\"L\u00e1ng\"\n                    src=\"https:\/\/meonline.hu\/lang-gepgyar\/thumbs\/thumbs_lang7.jpg\"\n                    width=\"152\"\n                    height=\"100\"\n                    style=\"max-width:100%;\"\n                \/>\n            <\/a>\n        <\/div>\n\t\t\t\t\t\t\t<\/div> \n\t\t\t\n\t\t\t\t<div id=\"ngg-image-7\" class=\"ngg-gallery-thumbnail-box \" >\n\t\t\t\t        <div class=\"ngg-gallery-thumbnail\">\n            <a href=\"https:\/\/meonline.hu\/lang-gepgyar\/lang8.jpg\"\n               title=\"\"\n               data-src=\"https:\/\/meonline.hu\/lang-gepgyar\/lang8.jpg\"\n               data-thumbnail=\"https:\/\/meonline.hu\/lang-gepgyar\/thumbs\/thumbs_lang8.jpg\"\n               data-image-id=\"7163\"\n               data-title=\"L\u00e1ng\"\n               data-description=\"\"\n               data-image-slug=\"lang8\"\n               class=\"ngg-simplelightbox\" rel=\"a11fd1242003d406a672fd94e1b8d69d\">\n                <img\n                    title=\"L\u00e1ng\"\n                    alt=\"L\u00e1ng\"\n                    src=\"https:\/\/meonline.hu\/lang-gepgyar\/thumbs\/thumbs_lang8.jpg\"\n                    width=\"152\"\n                    height=\"100\"\n                    style=\"max-width:100%;\"\n                \/>\n            <\/a>\n        <\/div>\n\t\t\t\t\t\t\t<\/div> \n\t\t\t\n\t\n\t<br style=\"clear: both\" \/>\n\n\t\n\t\t<!-- Pagination -->\n\t<div class='ngg-clear'><\/div>\t<\/div>\n<\/p>","protected":false},"excerpt":{"rendered":"<p>L\u00e1ng Machinery Plant Culture Centre \u2013 Third Generation Architects: Csaba Nagy, K\u00e1roly P\u00f3lus, Bence L\u00e1szl\u00f3 Dobos, \u00c1gnes T\u0151r\u00f6s (2018), Gy\u00f6rgy Tok\u00e1r (1970) Text: Tam\u00e1s Ulrich Photos: Tam\u00e1s Bujnovszky Based in Angyalf\u00f6ld, a traditional industrial district of Budapest, the machinery plant of the L\u00e1ng family (founded in 1868) had its first culture centre in 1930. It [&hellip;]<\/p>\n","protected":false},"author":1,"featured_media":29065,"comment_status":"closed","ping_status":"closed","sticky":false,"template":"","format":"standard","meta":{"ngg_post_thumbnail":0},"categories":[769,9],"tags":[],"_links":{"self":[{"href":"https:\/\/meonline.hu\/en\/wp-json\/wp\/v2\/posts\/29064"}],"collection":[{"href":"https:\/\/meonline.hu\/en\/wp-json\/wp\/v2\/posts"}],"about":[{"href":"https:\/\/meonline.hu\/en\/wp-json\/wp\/v2\/types\/post"}],"author":[{"embeddable":true,"href":"https:\/\/meonline.hu\/en\/wp-json\/wp\/v2\/users\/1"}],"replies":[{"embeddable":true,"href":"https:\/\/meonline.hu\/en\/wp-json\/wp\/v2\/comments?post=29064"}],"version-history":[{"count":2,"href":"https:\/\/meonline.hu\/en\/wp-json\/wp\/v2\/posts\/29064\/revisions"}],"predecessor-version":[{"id":29085,"href":"https:\/\/meonline.hu\/en\/wp-json\/wp\/v2\/posts\/29064\/revisions\/29085"}],"wp:featuredmedia":[{"embeddable":true,"href":"https:\/\/meonline.hu\/en\/wp-json\/wp\/v2\/media\/29065"}],"wp:attachment":[{"href":"https:\/\/meonline.hu\/en\/wp-json\/wp\/v2\/media?parent=29064"}],"wp:term":[{"taxonomy":"category","embeddable":true,"href":"https:\/\/meonline.hu\/en\/wp-json\/wp\/v2\/categories?post=29064"},{"taxonomy":"post_tag","embeddable":true,"href":"https:\/\/meonline.hu\/en\/wp-json\/wp\/v2\/tags?post=29064"}],"curies":[{"name":"wp","href":"https:\/\/api.w.org\/{rel}","templated":true}]}}