{"id":30860,"date":"2019-08-25T14:04:40","date_gmt":"2019-08-25T12:04:40","guid":{"rendered":"http:\/\/meonline.hu\/?p=30860"},"modified":"2019-08-25T14:04:40","modified_gmt":"2019-08-25T12:04:40","slug":"globalis-falu-kreativ-varos","status":"publish","type":"post","link":"https:\/\/meonline.hu\/en\/archivum\/2019\/20193\/globalis-falu-kreativ-varos\/","title":{"rendered":"Global Village, Creative City"},"content":{"rendered":"<p><strong>Thoughts on a new column<\/strong><\/p>\n<p>Text: <strong>Dr. Zolt\u00e1n Lantos  \/ iASK<\/strong><\/p>\n<p>The new topic-related column Creative Cities is devoted to the initiatives with the scales of regions and settlements that target to develop the individual cities and towns economically, socially and culturally with the means of science and arts, including urbanistic design and the social correlations of actual buildings and works of art. This area is traditionally strong all over Europe, and regarding the past 15-20 years, the urban development seems to go this direction. So, this column will present the development concepts of some settlements together with their theoretical background which targets the future fulfillment of the idea of creative cities.<\/p>\n<p><!-- default-view.php -->\n<div\n\tclass=\"ngg-galleryoverview default-view \"\n\tid=\"ngg-gallery-85b219a9e691ee3b848642ade0a1ff8f-1\">\n\n\t\t<!-- Thumbnails -->\n\t\t\t\t<div id=\"ngg-image-0\" class=\"ngg-gallery-thumbnail-box \" >\n\t\t\t\t        <div class=\"ngg-gallery-thumbnail\">\n            <a href=\"https:\/\/meonline.hu\/kreativ-varosok\/kreativ1.jpg\"\n               title=\"\"\n               data-src=\"https:\/\/meonline.hu\/kreativ-varosok\/kreativ1.jpg\"\n               data-thumbnail=\"https:\/\/meonline.hu\/kreativ-varosok\/thumbs\/thumbs_kreativ1.jpg\"\n               data-image-id=\"7675\"\n               data-title=\"Kreat\u00edv V\u00e1rosok\"\n               data-description=\"\"\n               data-image-slug=\"kreativ1\"\n               class=\"ngg-simplelightbox\" rel=\"85b219a9e691ee3b848642ade0a1ff8f\">\n                <img\n                    title=\"Kreat\u00edv V\u00e1rosok\"\n                    alt=\"Kreat\u00edv V\u00e1rosok\"\n                    src=\"https:\/\/meonline.hu\/kreativ-varosok\/thumbs\/thumbs_kreativ1.jpg\"\n                    width=\"152\"\n                    height=\"100\"\n                    style=\"max-width:100%;\"\n                \/>\n            <\/a>\n        <\/div>\n\t\t\t\t\t\t\t<\/div> \n\t\t\t\n\t\t\t\t<div id=\"ngg-image-1\" class=\"ngg-gallery-thumbnail-box \" >\n\t\t\t\t        <div class=\"ngg-gallery-thumbnail\">\n            <a href=\"https:\/\/meonline.hu\/kreativ-varosok\/kreativ2.jpg\"\n               title=\"K\u0151szeg Jurisich t\u00e9r, Sgraffit\u00f3s h\u00e1z. Fot\u00f3: Szendi P\u00e9ter \/ Vas N\u00e9pe\"\n               data-src=\"https:\/\/meonline.hu\/kreativ-varosok\/kreativ2.jpg\"\n               data-thumbnail=\"https:\/\/meonline.hu\/kreativ-varosok\/thumbs\/thumbs_kreativ2.jpg\"\n               data-image-id=\"7676\"\n               data-title=\"K\u0151szeg Jurisich t\u00e9r, Sgraffit\u00f3s h\u00e1z. Fot\u00f3: Szendi P\u00e9ter \/ Vas N\u00e9pe\"\n               data-description=\"K\u0151szeg Jurisich t\u00e9r, Sgraffit\u00f3s h\u00e1z. Fot\u00f3: Szendi P\u00e9ter \/ Vas N\u00e9pe\"\n               data-image-slug=\"kreativ2\"\n               class=\"ngg-simplelightbox\" rel=\"85b219a9e691ee3b848642ade0a1ff8f\">\n                <img\n                    title=\"K\u0151szeg Jurisich t\u00e9r, Sgraffit\u00f3s h\u00e1z. Fot\u00f3: Szendi P\u00e9ter \/ Vas N\u00e9pe\"\n                    alt=\"K\u0151szeg Jurisich t\u00e9r, Sgraffit\u00f3s h\u00e1z. Fot\u00f3: Szendi P\u00e9ter \/ Vas N\u00e9pe\"\n                    src=\"https:\/\/meonline.hu\/kreativ-varosok\/thumbs\/thumbs_kreativ2.jpg\"\n                    width=\"152\"\n                    height=\"100\"\n                    style=\"max-width:100%;\"\n                \/>\n            <\/a>\n        <\/div>\n\t\t\t\t\t\t\t<\/div> \n\t\t\t\n\t\t\t\t<div id=\"ngg-image-2\" class=\"ngg-gallery-thumbnail-box \" >\n\t\t\t\t        <div class=\"ngg-gallery-thumbnail\">\n            <a href=\"https:\/\/meonline.hu\/kreativ-varosok\/kreativ3.jpg\"\n               title=\"\"\n               data-src=\"https:\/\/meonline.hu\/kreativ-varosok\/kreativ3.jpg\"\n               data-thumbnail=\"https:\/\/meonline.hu\/kreativ-varosok\/thumbs\/thumbs_kreativ3.jpg\"\n               data-image-id=\"7677\"\n               data-title=\"Kreat\u00edv V\u00e1rosok\"\n               data-description=\"\"\n               data-image-slug=\"kreativ3\"\n               class=\"ngg-simplelightbox\" rel=\"85b219a9e691ee3b848642ade0a1ff8f\">\n                <img\n                    title=\"Kreat\u00edv V\u00e1rosok\"\n                    alt=\"Kreat\u00edv V\u00e1rosok\"\n                    src=\"https:\/\/meonline.hu\/kreativ-varosok\/thumbs\/thumbs_kreativ3.jpg\"\n                    width=\"152\"\n                    height=\"100\"\n                    style=\"max-width:100%;\"\n                \/>\n            <\/a>\n        <\/div>\n\t\t\t\t\t\t\t<\/div> \n\t\t\t\n\t\t\t\t<div id=\"ngg-image-3\" class=\"ngg-gallery-thumbnail-box \" >\n\t\t\t\t        <div class=\"ngg-gallery-thumbnail\">\n            <a href=\"https:\/\/meonline.hu\/kreativ-varosok\/kreativ4.jpg\"\n               title=\"Veszpr\u00e9m Eur\u00f3pa Kultur\u00e1lis F\u0151v\u00e1rosa 2023: A Balaton t\u00e9rs\u00e9g\u00e9t bevon\u00f3 egy\u00fcttm\u0171k\u00f6d\u00e9si koncepci\u00f3 \u00e1br\u00e1ja\"\n               data-src=\"https:\/\/meonline.hu\/kreativ-varosok\/kreativ4.jpg\"\n               data-thumbnail=\"https:\/\/meonline.hu\/kreativ-varosok\/thumbs\/thumbs_kreativ4.jpg\"\n               data-image-id=\"7678\"\n               data-title=\"Veszpr\u00e9m Eur\u00f3pa Kultur\u00e1lis F\u0151v\u00e1rosa 2023: A Balaton t\u00e9rs\u00e9g\u00e9t bevon\u00f3 egy\u00fcttm\u0171k\u00f6d\u00e9si koncepci\u00f3 \u00e1br\u00e1ja\"\n               data-description=\"Veszpr\u00e9m Eur\u00f3pa Kultur\u00e1lis F\u0151v\u00e1rosa 2023: A Balaton t\u00e9rs\u00e9g\u00e9t bevon\u00f3 egy\u00fcttm\u0171k\u00f6d\u00e9si koncepci\u00f3 \u00e1br\u00e1ja\"\n               data-image-slug=\"kreativ4\"\n               class=\"ngg-simplelightbox\" rel=\"85b219a9e691ee3b848642ade0a1ff8f\">\n                <img\n                    title=\"Veszpr\u00e9m Eur\u00f3pa Kultur\u00e1lis F\u0151v\u00e1rosa 2023: A Balaton t\u00e9rs\u00e9g\u00e9t bevon\u00f3 egy\u00fcttm\u0171k\u00f6d\u00e9si koncepci\u00f3 \u00e1br\u00e1ja\"\n                    alt=\"Veszpr\u00e9m Eur\u00f3pa Kultur\u00e1lis F\u0151v\u00e1rosa 2023: A Balaton t\u00e9rs\u00e9g\u00e9t bevon\u00f3 egy\u00fcttm\u0171k\u00f6d\u00e9si koncepci\u00f3 \u00e1br\u00e1ja\"\n                    src=\"https:\/\/meonline.hu\/kreativ-varosok\/thumbs\/thumbs_kreativ4.jpg\"\n                    width=\"152\"\n                    height=\"100\"\n                    style=\"max-width:100%;\"\n                \/>\n            <\/a>\n        <\/div>\n\t\t\t\t\t\t\t<\/div> \n\t\t\t\n\t\n\t<br style=\"clear: both\" \/>\n\n\t\n\t\t<!-- Pagination -->\n\t<div class='ngg-clear'><\/div>\t<\/div>\n<\/p>","protected":false},"excerpt":{"rendered":"<p>Thoughts on a new column Text: Dr. Zolt\u00e1n Lantos \/ iASK The new topic-related column Creative Cities is devoted to the initiatives with the scales of regions and settlements that target to develop the individual cities and towns economically, socially and culturally with the means of science and arts, including urbanistic design and the social [&hellip;]<\/p>\n","protected":false},"author":1,"featured_media":30869,"comment_status":"closed","ping_status":"closed","sticky":false,"template":"","format":"standard","meta":{"ngg_post_thumbnail":0},"categories":[814,816],"tags":[],"_links":{"self":[{"href":"https:\/\/meonline.hu\/en\/wp-json\/wp\/v2\/posts\/30860"}],"collection":[{"href":"https:\/\/meonline.hu\/en\/wp-json\/wp\/v2\/posts"}],"about":[{"href":"https:\/\/meonline.hu\/en\/wp-json\/wp\/v2\/types\/post"}],"author":[{"embeddable":true,"href":"https:\/\/meonline.hu\/en\/wp-json\/wp\/v2\/users\/1"}],"replies":[{"embeddable":true,"href":"https:\/\/meonline.hu\/en\/wp-json\/wp\/v2\/comments?post=30860"}],"version-history":[{"count":1,"href":"https:\/\/meonline.hu\/en\/wp-json\/wp\/v2\/posts\/30860\/revisions"}],"predecessor-version":[{"id":30872,"href":"https:\/\/meonline.hu\/en\/wp-json\/wp\/v2\/posts\/30860\/revisions\/30872"}],"wp:featuredmedia":[{"embeddable":true,"href":"https:\/\/meonline.hu\/en\/wp-json\/wp\/v2\/media\/30869"}],"wp:attachment":[{"href":"https:\/\/meonline.hu\/en\/wp-json\/wp\/v2\/media?parent=30860"}],"wp:term":[{"taxonomy":"category","embeddable":true,"href":"https:\/\/meonline.hu\/en\/wp-json\/wp\/v2\/categories?post=30860"},{"taxonomy":"post_tag","embeddable":true,"href":"https:\/\/meonline.hu\/en\/wp-json\/wp\/v2\/tags?post=30860"}],"curies":[{"name":"wp","href":"https:\/\/api.w.org\/{rel}","templated":true}]}}