{"id":30873,"date":"2019-08-25T14:43:46","date_gmt":"2019-08-25T12:43:46","guid":{"rendered":"http:\/\/meonline.hu\/?p=30873"},"modified":"2019-08-25T14:43:46","modified_gmt":"2019-08-25T12:43:46","slug":"prizmak-a-duna-es-a-szava-talalkozasanal","status":"publish","type":"post","link":"https:\/\/meonline.hu\/en\/aktualis\/tema\/prizmak-a-duna-es-a-szava-talalkozasanal\/","title":{"rendered":"Prisms at the Junction of the Rivers Danube and Sava"},"content":{"rendered":"<p><strong>Reconstruction of Contemporary Arts Museum, Belgrade<\/strong><\/p>\n<p>Architects: <strong>Dejan Todorovic (2017), Ivan Anti\u0107, Ivanka Raspopovi\u0107 (1965) <\/strong><br \/>\nText: <strong>\u00c9va Lovra <\/strong><br \/>\nPhotos: <strong>\u00c9va Lovra, Bojana Janjic \/ MSUB<\/strong><\/p>\n<p>The awards ceremony of the Mies van der Rohe prize in 2019 was held in Barcelone on May 7th with the opening of the exhibition titled -What\u2019s Old, What\u2019s New. This survey of a total of 383 nominated buildings paid special attention to the 40 finalists, among them the reconstruction of the Belgrade-based Contemporary Arts Museum (Muzej Savremene Umetnosti, Beograd \u2013 MSUB). The buildings receiving priority focus reflect to potentials and trends in contemporary European architecture such as the adaptive reutilization, liveability and civilisation. The museum was reopened to the public after a decade-long reconstruction and modernization project on October 20th, 2017. The crystallized, simple facade and spaces of the museum imitate the transparency so typical of Mies van der Rohe\u2019s architecture. The reconstruction was inspired to recreate the chief values of the museum opened in 1965 which have been preserved in their intact unchanged forms ever since.<\/p>\n<p>Architect:<strong> Dejan Todorovi\u0107<\/strong><br \/>\nCultural heritage survey: <strong>Svetlana Markovi\u0107<\/strong><br \/>\nInteriors, furniture design: <strong>Milena Kordi\u0107<\/strong><br \/>\nElevation: <strong>Termoin\u017eenjering<\/strong><br \/>\nClient: <strong>Republic of Serbia, Ministry of Culture and Information; Museum of Contemporary Art, Belgrade<\/strong><\/p>\n<p><!-- default-view.php -->\n<div\n\tclass=\"ngg-galleryoverview default-view \"\n\tid=\"ngg-gallery-246ee7ebaa11d8deede0b1d53a6078db-1\">\n\n\t\t<!-- Thumbnails -->\n\t\t\t\t<div id=\"ngg-image-0\" class=\"ngg-gallery-thumbnail-box \" >\n\t\t\t\t        <div class=\"ngg-gallery-thumbnail\">\n            <a href=\"https:\/\/meonline.hu\/belgrad\/belgrad1.jpg\"\n               title=\"\"\n               data-src=\"https:\/\/meonline.hu\/belgrad\/belgrad1.jpg\"\n               data-thumbnail=\"https:\/\/meonline.hu\/belgrad\/thumbs\/thumbs_belgrad1.jpg\"\n               data-image-id=\"7680\"\n               data-title=\"Belgr\u00e1d\"\n               data-description=\"\"\n               data-image-slug=\"belgrad1-1\"\n               class=\"ngg-simplelightbox\" rel=\"246ee7ebaa11d8deede0b1d53a6078db\">\n                <img\n                    title=\"Belgr\u00e1d\"\n                    alt=\"Belgr\u00e1d\"\n                    src=\"https:\/\/meonline.hu\/belgrad\/thumbs\/thumbs_belgrad1.jpg\"\n                    width=\"152\"\n                    height=\"100\"\n                    style=\"max-width:100%;\"\n                \/>\n            <\/a>\n        <\/div>\n\t\t\t\t\t\t\t<\/div> \n\t\t\t\n\t\t\t\t<div id=\"ngg-image-1\" class=\"ngg-gallery-thumbnail-box \" >\n\t\t\t\t        <div class=\"ngg-gallery-thumbnail\">\n            <a href=\"https:\/\/meonline.hu\/belgrad\/belgrad2.jpg\"\n               title=\"\"\n               data-src=\"https:\/\/meonline.hu\/belgrad\/belgrad2.jpg\"\n               data-thumbnail=\"https:\/\/meonline.hu\/belgrad\/thumbs\/thumbs_belgrad2.jpg\"\n               data-image-id=\"7681\"\n               data-title=\"Belgr\u00e1d\"\n               data-description=\"\"\n               data-image-slug=\"belgrad2-1\"\n               class=\"ngg-simplelightbox\" rel=\"246ee7ebaa11d8deede0b1d53a6078db\">\n                <img\n                    title=\"Belgr\u00e1d\"\n                    alt=\"Belgr\u00e1d\"\n                    src=\"https:\/\/meonline.hu\/belgrad\/thumbs\/thumbs_belgrad2.jpg\"\n                    width=\"152\"\n                    height=\"100\"\n                    style=\"max-width:100%;\"\n                \/>\n            <\/a>\n        <\/div>\n\t\t\t\t\t\t\t<\/div> \n\t\t\t\n\t\t\t\t<div id=\"ngg-image-2\" class=\"ngg-gallery-thumbnail-box \" >\n\t\t\t\t        <div class=\"ngg-gallery-thumbnail\">\n            <a href=\"https:\/\/meonline.hu\/belgrad\/belgrad3.jpg\"\n               title=\"\"\n               data-src=\"https:\/\/meonline.hu\/belgrad\/belgrad3.jpg\"\n               data-thumbnail=\"https:\/\/meonline.hu\/belgrad\/thumbs\/thumbs_belgrad3.jpg\"\n               data-image-id=\"7682\"\n               data-title=\"Belgr\u00e1d\"\n               data-description=\"\"\n               data-image-slug=\"belgrad3-1\"\n               class=\"ngg-simplelightbox\" rel=\"246ee7ebaa11d8deede0b1d53a6078db\">\n                <img\n                    title=\"Belgr\u00e1d\"\n                    alt=\"Belgr\u00e1d\"\n                    src=\"https:\/\/meonline.hu\/belgrad\/thumbs\/thumbs_belgrad3.jpg\"\n                    width=\"152\"\n                    height=\"100\"\n                    style=\"max-width:100%;\"\n                \/>\n            <\/a>\n        <\/div>\n\t\t\t\t\t\t\t<\/div> \n\t\t\t\n\t\t\t\t<div id=\"ngg-image-3\" class=\"ngg-gallery-thumbnail-box \" >\n\t\t\t\t        <div class=\"ngg-gallery-thumbnail\">\n            <a href=\"https:\/\/meonline.hu\/belgrad\/belgrad4.jpg\"\n               title=\"\"\n               data-src=\"https:\/\/meonline.hu\/belgrad\/belgrad4.jpg\"\n               data-thumbnail=\"https:\/\/meonline.hu\/belgrad\/thumbs\/thumbs_belgrad4.jpg\"\n               data-image-id=\"7683\"\n               data-title=\"Belgr\u00e1d\"\n               data-description=\"\"\n               data-image-slug=\"belgrad4\"\n               class=\"ngg-simplelightbox\" rel=\"246ee7ebaa11d8deede0b1d53a6078db\">\n                <img\n                    title=\"Belgr\u00e1d\"\n                    alt=\"Belgr\u00e1d\"\n                    src=\"https:\/\/meonline.hu\/belgrad\/thumbs\/thumbs_belgrad4.jpg\"\n                    width=\"152\"\n                    height=\"100\"\n                    style=\"max-width:100%;\"\n                \/>\n            <\/a>\n        <\/div>\n\t\t\t\t\t\t\t<\/div> \n\t\t\t\n\t\t\t\t<div id=\"ngg-image-4\" class=\"ngg-gallery-thumbnail-box \" >\n\t\t\t\t        <div class=\"ngg-gallery-thumbnail\">\n            <a href=\"https:\/\/meonline.hu\/belgrad\/belgrad8.jpg\"\n               title=\"\"\n               data-src=\"https:\/\/meonline.hu\/belgrad\/belgrad8.jpg\"\n               data-thumbnail=\"https:\/\/meonline.hu\/belgrad\/thumbs\/thumbs_belgrad8.jpg\"\n               data-image-id=\"7679\"\n               data-title=\"Belgr\u00e1d\"\n               data-description=\"\"\n               data-image-slug=\"belgrad8\"\n               class=\"ngg-simplelightbox\" rel=\"246ee7ebaa11d8deede0b1d53a6078db\">\n                <img\n                    title=\"Belgr\u00e1d\"\n                    alt=\"Belgr\u00e1d\"\n                    src=\"https:\/\/meonline.hu\/belgrad\/thumbs\/thumbs_belgrad8.jpg\"\n                    width=\"152\"\n                    height=\"100\"\n                    style=\"max-width:100%;\"\n                \/>\n            <\/a>\n        <\/div>\n\t\t\t\t\t\t\t<\/div> \n\t\t\t\n\t\t\t\t<div id=\"ngg-image-5\" class=\"ngg-gallery-thumbnail-box \" >\n\t\t\t\t        <div class=\"ngg-gallery-thumbnail\">\n            <a href=\"https:\/\/meonline.hu\/belgrad\/belgrad7.jpg\"\n               title=\"\"\n               data-src=\"https:\/\/meonline.hu\/belgrad\/belgrad7.jpg\"\n               data-thumbnail=\"https:\/\/meonline.hu\/belgrad\/thumbs\/thumbs_belgrad7.jpg\"\n               data-image-id=\"7686\"\n               data-title=\"Belgr\u00e1d\"\n               data-description=\"\"\n               data-image-slug=\"belgrad7\"\n               class=\"ngg-simplelightbox\" rel=\"246ee7ebaa11d8deede0b1d53a6078db\">\n                <img\n                    title=\"Belgr\u00e1d\"\n                    alt=\"Belgr\u00e1d\"\n                    src=\"https:\/\/meonline.hu\/belgrad\/thumbs\/thumbs_belgrad7.jpg\"\n                    width=\"152\"\n                    height=\"100\"\n                    style=\"max-width:100%;\"\n                \/>\n            <\/a>\n        <\/div>\n\t\t\t\t\t\t\t<\/div> \n\t\t\t\n\t\t\t\t<div id=\"ngg-image-6\" class=\"ngg-gallery-thumbnail-box \" >\n\t\t\t\t        <div class=\"ngg-gallery-thumbnail\">\n            <a href=\"https:\/\/meonline.hu\/belgrad\/belgrad5.jpg\"\n               title=\"\"\n               data-src=\"https:\/\/meonline.hu\/belgrad\/belgrad5.jpg\"\n               data-thumbnail=\"https:\/\/meonline.hu\/belgrad\/thumbs\/thumbs_belgrad5.jpg\"\n               data-image-id=\"7684\"\n               data-title=\"Belgr\u00e1d\"\n               data-description=\"\"\n               data-image-slug=\"belgrad5\"\n               class=\"ngg-simplelightbox\" rel=\"246ee7ebaa11d8deede0b1d53a6078db\">\n                <img\n                    title=\"Belgr\u00e1d\"\n                    alt=\"Belgr\u00e1d\"\n                    src=\"https:\/\/meonline.hu\/belgrad\/thumbs\/thumbs_belgrad5.jpg\"\n                    width=\"152\"\n                    height=\"100\"\n                    style=\"max-width:100%;\"\n                \/>\n            <\/a>\n        <\/div>\n\t\t\t\t\t\t\t<\/div> \n\t\t\t\n\t\t\t\t<div id=\"ngg-image-7\" class=\"ngg-gallery-thumbnail-box \" >\n\t\t\t\t        <div class=\"ngg-gallery-thumbnail\">\n            <a href=\"https:\/\/meonline.hu\/belgrad\/belgrad6.jpg\"\n               title=\"\"\n               data-src=\"https:\/\/meonline.hu\/belgrad\/belgrad6.jpg\"\n               data-thumbnail=\"https:\/\/meonline.hu\/belgrad\/thumbs\/thumbs_belgrad6.jpg\"\n               data-image-id=\"7685\"\n               data-title=\"Belgr\u00e1d\"\n               data-description=\"\"\n               data-image-slug=\"belgrad6\"\n               class=\"ngg-simplelightbox\" rel=\"246ee7ebaa11d8deede0b1d53a6078db\">\n                <img\n                    title=\"Belgr\u00e1d\"\n                    alt=\"Belgr\u00e1d\"\n                    src=\"https:\/\/meonline.hu\/belgrad\/thumbs\/thumbs_belgrad6.jpg\"\n                    width=\"152\"\n                    height=\"100\"\n                    style=\"max-width:100%;\"\n                \/>\n            <\/a>\n        <\/div>\n\t\t\t\t\t\t\t<\/div> \n\t\t\t\n\t\n\t<br style=\"clear: both\" \/>\n\n\t\n\t\t<!-- Pagination -->\n\t<div class='ngg-clear'><\/div>\t<\/div>\n<\/p>","protected":false},"excerpt":{"rendered":"<p>Reconstruction of Contemporary Arts Museum, Belgrade Architects: Dejan Todorovic (2017), Ivan Anti\u0107, Ivanka Raspopovi\u0107 (1965) Text: \u00c9va Lovra Photos: \u00c9va Lovra, Bojana Janjic \/ MSUB The awards ceremony of the Mies van der Rohe prize in 2019 was held in Barcelone on May 7th with the opening of the exhibition titled -What\u2019s Old, What\u2019s New. [&hellip;]<\/p>\n","protected":false},"author":1,"featured_media":30882,"comment_status":"closed","ping_status":"closed","sticky":false,"template":"","format":"standard","meta":{"ngg_post_thumbnail":0},"categories":[814,9],"tags":[],"_links":{"self":[{"href":"https:\/\/meonline.hu\/en\/wp-json\/wp\/v2\/posts\/30873"}],"collection":[{"href":"https:\/\/meonline.hu\/en\/wp-json\/wp\/v2\/posts"}],"about":[{"href":"https:\/\/meonline.hu\/en\/wp-json\/wp\/v2\/types\/post"}],"author":[{"embeddable":true,"href":"https:\/\/meonline.hu\/en\/wp-json\/wp\/v2\/users\/1"}],"replies":[{"embeddable":true,"href":"https:\/\/meonline.hu\/en\/wp-json\/wp\/v2\/comments?post=30873"}],"version-history":[{"count":1,"href":"https:\/\/meonline.hu\/en\/wp-json\/wp\/v2\/posts\/30873\/revisions"}],"predecessor-version":[{"id":30893,"href":"https:\/\/meonline.hu\/en\/wp-json\/wp\/v2\/posts\/30873\/revisions\/30893"}],"wp:featuredmedia":[{"embeddable":true,"href":"https:\/\/meonline.hu\/en\/wp-json\/wp\/v2\/media\/30882"}],"wp:attachment":[{"href":"https:\/\/meonline.hu\/en\/wp-json\/wp\/v2\/media?parent=30873"}],"wp:term":[{"taxonomy":"category","embeddable":true,"href":"https:\/\/meonline.hu\/en\/wp-json\/wp\/v2\/categories?post=30873"},{"taxonomy":"post_tag","embeddable":true,"href":"https:\/\/meonline.hu\/en\/wp-json\/wp\/v2\/tags?post=30873"}],"curies":[{"name":"wp","href":"https:\/\/api.w.org\/{rel}","templated":true}]}}