{"id":31526,"date":"2020-04-11T15:36:53","date_gmt":"2020-04-11T13:36:53","guid":{"rendered":"http:\/\/meonline.hu\/?p=31526"},"modified":"2020-04-11T15:36:53","modified_gmt":"2020-04-11T13:36:53","slug":"uj-kezdet","status":"publish","type":"post","link":"https:\/\/meonline.hu\/en\/aktualis\/tema\/uj-kezdet\/","title":{"rendered":"A New Beginning"},"content":{"rendered":"<p><strong>Fatima Pilgrimage Center and Shrine, Als\u00f3szentiv\u00e1n<\/strong><\/p>\n<p>Architect: <strong>Robert Gutowski <\/strong><br \/>\nText: <strong>Vilmos  Katona <\/strong><br \/>\nPhotos: <strong>Tam\u00e1s Bujnovszky <\/strong><\/p>\n<p>The appearance of the Blessed Virgin in Fatima was first celebrated on May 13th in 1951 in Als\u00f3szentiv\u00e1n. This tiny village has been frequented by lots of pilgrims since then, the Catholic church being a shrine on the 13th of every month between May and October. The renovation of the existing building and the shrine is a celebration of the 100th anniversary of Fatima. The open-air place for masses is made of timber, whilst the new altarpiece of the church was made from the plinth of a monument of the Soviet era. Szluha Castle, which also contains the parish, features an elegant portico, as well as a similarly stylish staircase from the garden and the renewed architectonic frame. The castle itself has a representative entrance, the axis of which is lengthened towards the garden with a pavilion. Among the foliages of the chestnut trees, there is also a geometric belfry, made exclusively of wood. The place for masses has an open-air pavilion with a shingle roof designed after the sanctuary widespread after the 2nd Vatican Council. The rebirth of the pilgrims\u2019 centre evolved to its entirety with the reconfiguration and revival of the garden and the mansion grounds.<\/p>\n<p>General design: <strong>Robert Gutowski Architects<\/strong><br \/>\nLead architect:  <strong>Robert Gutowski <\/strong><br \/>\nArchitects: <strong>B\u00e9la \u00c1kos Szokolay, Hunor L\u00e1szl\u00f3 Kov\u00e1cs, Barnab\u00e1s Dely-Steindl, G\u00e1sp\u00e1r Boll\u00f3k <\/strong><br \/>\nFrameworks: <strong>S\u00e1ndor Horv\u00e1th, Gergely Tombi <\/strong><br \/>\nGarden design: <strong>Zsombor Balogh <\/strong><br \/>\nStructure: <strong>dr. Dezs\u0151 Hegyi, Kata G\u00e1sz <\/strong><br \/>\nHVAC: <strong>L\u00e1szl\u00f3 Lakner <\/strong><br \/>\nElectrical engineering: <strong>D\u00f3ra Kolb <\/strong><br \/>\nFire protection: <strong>Ferenc Mikus <\/strong><br \/>\nTimber protection: <strong>P\u00e9ter Ny\u00e1ry <\/strong><br \/>\nSoil mechanics: <strong>Bal\u00e1zs M\u00f3cz\u00e1r <\/strong><br \/>\nGeodesy:<strong> K\u00e1roly Pfeffer <\/strong><br \/>\nSound technology: <strong>Gell\u00e9rt M\u00e9r\u0151 <\/strong><br \/>\nClient: <strong>Sz\u00e9kesfeh\u00e9rv\u00e1ri Egyh\u00e1zmegye, Antal Sp\u00e1nyi bishop<\/strong><br \/>\nProjekt management: <strong>Sz\u00e9kesfeh\u00e9rv\u00e1ri Egyh\u00e1zmegye; Istv\u00e1n D\u00f3zsa, M\u00e1ria Staudt, Andr\u00e1s Smohay, Zolt\u00e1n Cs\u00e1ny, Attila Schlosser, Istv\u00e1n Helter \u2013 Equinox Consulting Kft.; Norbert Happ, Krist\u00f3f Kriston \u2013 Equinox Tender Kft.; dr. P\u00e9ter Csizmadia, dr. R\u00f3bert Kozma <\/strong><br \/>\nMain contractor: <strong>Belv\u00e1rosi \u00c9p\u00edt\u0151 Kft.; L\u00e1szl\u00f3 Ruzsics , Rich\u00e1rd Luk\u00e1csi <\/strong><br \/>\nTechnical inspector: <strong>\u00c1kos Reichhardt \u2013 Reichhardt M\u00e9rn\u00f6kiroda Bt.<\/strong><\/p>\n<p><!-- default-view.php -->\n<div\n\tclass=\"ngg-galleryoverview default-view \"\n\tid=\"ngg-gallery-d230d22cf7445313d75d3f231fe0a7a6-1\">\n\n\t\t<!-- Thumbnails -->\n\t\t\t\t<div id=\"ngg-image-0\" class=\"ngg-gallery-thumbnail-box \" >\n\t\t\t\t        <div class=\"ngg-gallery-thumbnail\">\n            <a href=\"https:\/\/meonline.hu\/alsoszentivan\/a18.jpg\"\n               title=\"Fot\u00f3: Bujnovszky Tam\u00e1s\"\n               data-src=\"https:\/\/meonline.hu\/alsoszentivan\/a18.jpg\"\n               data-thumbnail=\"https:\/\/meonline.hu\/alsoszentivan\/thumbs\/thumbs_a18.jpg\"\n               data-image-id=\"7877\"\n               data-title=\"Fot\u00f3: Bujnovszky Tam\u00e1s\"\n               data-description=\"Fot\u00f3: Bujnovszky Tam\u00e1s\"\n               data-image-slug=\"a18\"\n               class=\"ngg-simplelightbox\" rel=\"d230d22cf7445313d75d3f231fe0a7a6\">\n                <img\n                    title=\"Fot\u00f3: Bujnovszky Tam\u00e1s\"\n                    alt=\"Fot\u00f3: Bujnovszky Tam\u00e1s\"\n                    src=\"https:\/\/meonline.hu\/alsoszentivan\/thumbs\/thumbs_a18.jpg\"\n                    width=\"152\"\n                    height=\"100\"\n                    style=\"max-width:100%;\"\n                \/>\n            <\/a>\n        <\/div>\n\t\t\t\t\t\t\t<\/div> \n\t\t\t\n\t\t\t\t<div id=\"ngg-image-1\" class=\"ngg-gallery-thumbnail-box \" >\n\t\t\t\t        <div class=\"ngg-gallery-thumbnail\">\n            <a href=\"https:\/\/meonline.hu\/alsoszentivan\/a14.jpg\"\n               title=\"Fot\u00f3: Bujnovszky Tam\u00e1s\"\n               data-src=\"https:\/\/meonline.hu\/alsoszentivan\/a14.jpg\"\n               data-thumbnail=\"https:\/\/meonline.hu\/alsoszentivan\/thumbs\/thumbs_a14.jpg\"\n               data-image-id=\"7876\"\n               data-title=\"Fot\u00f3: Bujnovszky Tam\u00e1s\"\n               data-description=\"Fot\u00f3: Bujnovszky Tam\u00e1s\"\n               data-image-slug=\"a14\"\n               class=\"ngg-simplelightbox\" rel=\"d230d22cf7445313d75d3f231fe0a7a6\">\n                <img\n                    title=\"Fot\u00f3: Bujnovszky Tam\u00e1s\"\n                    alt=\"Fot\u00f3: Bujnovszky Tam\u00e1s\"\n                    src=\"https:\/\/meonline.hu\/alsoszentivan\/thumbs\/thumbs_a14.jpg\"\n                    width=\"152\"\n                    height=\"100\"\n                    style=\"max-width:100%;\"\n                \/>\n            <\/a>\n        <\/div>\n\t\t\t\t\t\t\t<\/div> \n\t\t\t\n\t\t\t\t<div id=\"ngg-image-2\" class=\"ngg-gallery-thumbnail-box \" >\n\t\t\t\t        <div class=\"ngg-gallery-thumbnail\">\n            <a href=\"https:\/\/meonline.hu\/alsoszentivan\/a10.jpg\"\n               title=\"Fot\u00f3: Bujnovszky Tam\u00e1s\"\n               data-src=\"https:\/\/meonline.hu\/alsoszentivan\/a10.jpg\"\n               data-thumbnail=\"https:\/\/meonline.hu\/alsoszentivan\/thumbs\/thumbs_a10.jpg\"\n               data-image-id=\"7875\"\n               data-title=\"Fot\u00f3: Bujnovszky Tam\u00e1s\"\n               data-description=\"Fot\u00f3: Bujnovszky Tam\u00e1s\"\n               data-image-slug=\"a10\"\n               class=\"ngg-simplelightbox\" rel=\"d230d22cf7445313d75d3f231fe0a7a6\">\n                <img\n                    title=\"Fot\u00f3: Bujnovszky Tam\u00e1s\"\n                    alt=\"Fot\u00f3: Bujnovszky Tam\u00e1s\"\n                    src=\"https:\/\/meonline.hu\/alsoszentivan\/thumbs\/thumbs_a10.jpg\"\n                    width=\"152\"\n                    height=\"100\"\n                    style=\"max-width:100%;\"\n                \/>\n            <\/a>\n        <\/div>\n\t\t\t\t\t\t\t<\/div> \n\t\t\t\n\t\t\t\t<div id=\"ngg-image-3\" class=\"ngg-gallery-thumbnail-box \" >\n\t\t\t\t        <div class=\"ngg-gallery-thumbnail\">\n            <a href=\"https:\/\/meonline.hu\/alsoszentivan\/a07.jpg\"\n               title=\"Fot\u00f3: Bujnovszky Tam\u00e1s\"\n               data-src=\"https:\/\/meonline.hu\/alsoszentivan\/a07.jpg\"\n               data-thumbnail=\"https:\/\/meonline.hu\/alsoszentivan\/thumbs\/thumbs_a07.jpg\"\n               data-image-id=\"7874\"\n               data-title=\"Fot\u00f3: Bujnovszky Tam\u00e1s\"\n               data-description=\"Fot\u00f3: Bujnovszky Tam\u00e1s\"\n               data-image-slug=\"a07\"\n               class=\"ngg-simplelightbox\" rel=\"d230d22cf7445313d75d3f231fe0a7a6\">\n                <img\n                    title=\"Fot\u00f3: Bujnovszky Tam\u00e1s\"\n                    alt=\"Fot\u00f3: Bujnovszky Tam\u00e1s\"\n                    src=\"https:\/\/meonline.hu\/alsoszentivan\/thumbs\/thumbs_a07.jpg\"\n                    width=\"152\"\n                    height=\"100\"\n                    style=\"max-width:100%;\"\n                \/>\n            <\/a>\n        <\/div>\n\t\t\t\t\t\t\t<\/div> \n\t\t\t\n\t\t\t\t<div id=\"ngg-image-4\" class=\"ngg-gallery-thumbnail-box \" >\n\t\t\t\t        <div class=\"ngg-gallery-thumbnail\">\n            <a href=\"https:\/\/meonline.hu\/alsoszentivan\/a35.jpg\"\n               title=\"Fot\u00f3: Bujnovszky Tam\u00e1s\"\n               data-src=\"https:\/\/meonline.hu\/alsoszentivan\/a35.jpg\"\n               data-thumbnail=\"https:\/\/meonline.hu\/alsoszentivan\/thumbs\/thumbs_a35.jpg\"\n               data-image-id=\"7878\"\n               data-title=\"Fot\u00f3: Bujnovszky Tam\u00e1s\"\n               data-description=\"Fot\u00f3: Bujnovszky Tam\u00e1s\"\n               data-image-slug=\"a35\"\n               class=\"ngg-simplelightbox\" rel=\"d230d22cf7445313d75d3f231fe0a7a6\">\n                <img\n                    title=\"Fot\u00f3: Bujnovszky Tam\u00e1s\"\n                    alt=\"Fot\u00f3: Bujnovszky Tam\u00e1s\"\n                    src=\"https:\/\/meonline.hu\/alsoszentivan\/thumbs\/thumbs_a35.jpg\"\n                    width=\"152\"\n                    height=\"100\"\n                    style=\"max-width:100%;\"\n                \/>\n            <\/a>\n        <\/div>\n\t\t\t\t\t\t\t<\/div> \n\t\t\t\n\t\t\t\t<div id=\"ngg-image-5\" class=\"ngg-gallery-thumbnail-box \" >\n\t\t\t\t        <div class=\"ngg-gallery-thumbnail\">\n            <a href=\"https:\/\/meonline.hu\/alsoszentivan\/a38.jpg\"\n               title=\"Fot\u00f3: Bujnovszky Tam\u00e1s\"\n               data-src=\"https:\/\/meonline.hu\/alsoszentivan\/a38.jpg\"\n               data-thumbnail=\"https:\/\/meonline.hu\/alsoszentivan\/thumbs\/thumbs_a38.jpg\"\n               data-image-id=\"7879\"\n               data-title=\"Fot\u00f3: Bujnovszky Tam\u00e1s\"\n               data-description=\"Fot\u00f3: Bujnovszky Tam\u00e1s\"\n               data-image-slug=\"a38\"\n               class=\"ngg-simplelightbox\" rel=\"d230d22cf7445313d75d3f231fe0a7a6\">\n                <img\n                    title=\"Fot\u00f3: Bujnovszky Tam\u00e1s\"\n                    alt=\"Fot\u00f3: Bujnovszky Tam\u00e1s\"\n                    src=\"https:\/\/meonline.hu\/alsoszentivan\/thumbs\/thumbs_a38.jpg\"\n                    width=\"152\"\n                    height=\"100\"\n                    style=\"max-width:100%;\"\n                \/>\n            <\/a>\n        <\/div>\n\t\t\t\t\t\t\t<\/div> \n\t\t\t\n\t\t\t\t<div id=\"ngg-image-6\" class=\"ngg-gallery-thumbnail-box \" >\n\t\t\t\t        <div class=\"ngg-gallery-thumbnail\">\n            <a href=\"https:\/\/meonline.hu\/alsoszentivan\/Also_helysz_ff.jpg\"\n               title=\"\"\n               data-src=\"https:\/\/meonline.hu\/alsoszentivan\/Also_helysz_ff.jpg\"\n               data-thumbnail=\"https:\/\/meonline.hu\/alsoszentivan\/thumbs\/thumbs_Also_helysz_ff.jpg\"\n               data-image-id=\"7880\"\n               data-title=\"Als\u00f3szentiv\u00e1n\"\n               data-description=\"\"\n               data-image-slug=\"also_helysz_ff\"\n               class=\"ngg-simplelightbox\" rel=\"d230d22cf7445313d75d3f231fe0a7a6\">\n                <img\n                    title=\"Als\u00f3szentiv\u00e1n\"\n                    alt=\"Als\u00f3szentiv\u00e1n\"\n                    src=\"https:\/\/meonline.hu\/alsoszentivan\/thumbs\/thumbs_Also_helysz_ff.jpg\"\n                    width=\"152\"\n                    height=\"100\"\n                    style=\"max-width:100%;\"\n                \/>\n            <\/a>\n        <\/div>\n\t\t\t\t\t\t\t<\/div> \n\t\t\t\n\t\t\t\t<div id=\"ngg-image-7\" class=\"ngg-gallery-thumbnail-box \" >\n\t\t\t\t        <div class=\"ngg-gallery-thumbnail\">\n            <a href=\"https:\/\/meonline.hu\/alsoszentivan\/Szluha-kast%C3%A1ly-alaprajz_ff.jpg\"\n               title=\"\"\n               data-src=\"https:\/\/meonline.hu\/alsoszentivan\/Szluha-kast%C3%A1ly-alaprajz_ff.jpg\"\n               data-thumbnail=\"https:\/\/meonline.hu\/alsoszentivan\/thumbs\/thumbs_Szluha-kast%C3%A1ly-alaprajz_ff.jpg\"\n               data-image-id=\"7882\"\n               data-title=\"Als\u00f3szentiv\u00e1n\"\n               data-description=\"\"\n               data-image-slug=\"szluha-kast%c3%a1ly-alaprajz_ff\"\n               class=\"ngg-simplelightbox\" rel=\"d230d22cf7445313d75d3f231fe0a7a6\">\n                <img\n                    title=\"Als\u00f3szentiv\u00e1n\"\n                    alt=\"Als\u00f3szentiv\u00e1n\"\n                    src=\"https:\/\/meonline.hu\/alsoszentivan\/thumbs\/thumbs_Szluha-kast%C3%A1ly-alaprajz_ff.jpg\"\n                    width=\"152\"\n                    height=\"100\"\n                    style=\"max-width:100%;\"\n                \/>\n            <\/a>\n        <\/div>\n\t\t\t\t\t\t\t<\/div> \n\t\t\t\n\t\t\t\t<div id=\"ngg-image-8\" class=\"ngg-gallery-thumbnail-box \" >\n\t\t\t\t        <div class=\"ngg-gallery-thumbnail\">\n            <a href=\"https:\/\/meonline.hu\/alsoszentivan\/Als%C3%B3szentiv%C3%A1n_terepmetszet_ok.jpg\"\n               title=\"\"\n               data-src=\"https:\/\/meonline.hu\/alsoszentivan\/Als%C3%B3szentiv%C3%A1n_terepmetszet_ok.jpg\"\n               data-thumbnail=\"https:\/\/meonline.hu\/alsoszentivan\/thumbs\/thumbs_Als%C3%B3szentiv%C3%A1n_terepmetszet_ok.jpg\"\n               data-image-id=\"7881\"\n               data-title=\"Als\u00f3szentiv\u00e1n\"\n               data-description=\"\"\n               data-image-slug=\"als%c3%b3szentiv%c3%a1n_terepmetszet_ok\"\n               class=\"ngg-simplelightbox\" rel=\"d230d22cf7445313d75d3f231fe0a7a6\">\n                <img\n                    title=\"Als\u00f3szentiv\u00e1n\"\n                    alt=\"Als\u00f3szentiv\u00e1n\"\n                    src=\"https:\/\/meonline.hu\/alsoszentivan\/thumbs\/thumbs_Als%C3%B3szentiv%C3%A1n_terepmetszet_ok.jpg\"\n                    width=\"152\"\n                    height=\"100\"\n                    style=\"max-width:100%;\"\n                \/>\n            <\/a>\n        <\/div>\n\t\t\t\t\t\t\t<\/div> \n\t\t\t\n\t\n\t<br style=\"clear: both\" \/>\n\n\t\n\t\t<!-- Pagination -->\n\t<div class='ngg-clear'><\/div>\t<\/div>\n<\/p>","protected":false},"excerpt":{"rendered":"<p>Fatima Pilgrimage Center and Shrine, Als\u00f3szentiv\u00e1n Architect: Robert Gutowski Text: Vilmos Katona Photos: Tam\u00e1s Bujnovszky The appearance of the Blessed Virgin in Fatima was first celebrated on May 13th in 1951 in Als\u00f3szentiv\u00e1n. This tiny village has been frequented by lots of pilgrims since then, the Catholic church being a shrine on the 13th of [&hellip;]<\/p>\n","protected":false},"author":1,"featured_media":31527,"comment_status":"closed","ping_status":"closed","sticky":false,"template":"","format":"standard","meta":{"ngg_post_thumbnail":0},"categories":[820,9],"tags":[],"_links":{"self":[{"href":"https:\/\/meonline.hu\/en\/wp-json\/wp\/v2\/posts\/31526"}],"collection":[{"href":"https:\/\/meonline.hu\/en\/wp-json\/wp\/v2\/posts"}],"about":[{"href":"https:\/\/meonline.hu\/en\/wp-json\/wp\/v2\/types\/post"}],"author":[{"embeddable":true,"href":"https:\/\/meonline.hu\/en\/wp-json\/wp\/v2\/users\/1"}],"replies":[{"embeddable":true,"href":"https:\/\/meonline.hu\/en\/wp-json\/wp\/v2\/comments?post=31526"}],"version-history":[{"count":1,"href":"https:\/\/meonline.hu\/en\/wp-json\/wp\/v2\/posts\/31526\/revisions"}],"predecessor-version":[{"id":31534,"href":"https:\/\/meonline.hu\/en\/wp-json\/wp\/v2\/posts\/31526\/revisions\/31534"}],"wp:featuredmedia":[{"embeddable":true,"href":"https:\/\/meonline.hu\/en\/wp-json\/wp\/v2\/media\/31527"}],"wp:attachment":[{"href":"https:\/\/meonline.hu\/en\/wp-json\/wp\/v2\/media?parent=31526"}],"wp:term":[{"taxonomy":"category","embeddable":true,"href":"https:\/\/meonline.hu\/en\/wp-json\/wp\/v2\/categories?post=31526"},{"taxonomy":"post_tag","embeddable":true,"href":"https:\/\/meonline.hu\/en\/wp-json\/wp\/v2\/tags?post=31526"}],"curies":[{"name":"wp","href":"https:\/\/api.w.org\/{rel}","templated":true}]}}