{"id":332,"date":"2009-10-22T10:36:49","date_gmt":"2009-10-22T08:36:49","guid":{"rendered":"http:\/\/meonlinehu.web-server.hu\/?p=332"},"modified":"2021-12-30T22:21:52","modified_gmt":"2021-12-30T21:21:52","slug":"rapszodia-iroda-es-lakohaz-sashegyen","status":"publish","type":"post","link":"https:\/\/meonline.hu\/en\/archivum\/rapszodia-iroda-es-lakohaz-sashegyen\/","title":{"rendered":"Rapsz\u00f3dia \u2013 Iroda- \u00e9s lak\u00f3h\u00e1z Sashegyen"},"content":{"rendered":"<p>\u00a0<img loading=\"lazy\" class=\"aligncenter size-full wp-image-333\" title=\"1_Rapszodia\" src=\"http:\/\/meonlinehu.web-server.hu\/wp-content\/uploads\/2010\/02\/1_Rapszodia.jpg\" alt=\"\" width=\"600\" height=\"400\" srcset=\"https:\/\/meonline.hu\/wp-content\/uploads\/2010\/02\/1_Rapszodia.jpg 600w, https:\/\/meonline.hu\/wp-content\/uploads\/2010\/02\/1_Rapszodia-225x150.jpg 225w, https:\/\/meonline.hu\/wp-content\/uploads\/2010\/02\/1_Rapszodia-300x200.jpg 300w\" sizes=\"(max-width: 600px) 100vw, 600px\" \/><\/p>\n<p>A formai \u00f6nk\u00e9ny, az expressz\u00edv alkot\u00f3i attit\u0171d az \u00e9p\u00edt\u00e9szetben kock\u00e1zatosnak sz\u00e1m\u00edt: a biztos kez\u0171, szil\u00e1rd elveket vall\u00f3 tervez\u0151k engedhetik meg maguknak, m\u00e1sk\u00fcl\u00f6nben nagy a kudarc vesz\u00e9lye. Merthogy ebben a tekintetben t\u00e9nyleg rengeteg a buktat\u00f3: a sikerhez val\u00f3sz\u00edn\u0171leg nem a l\u2019art pour l\u2019art szabads\u00e1g\u00e1nak \u00e9s a funkci\u00f3b\u00f3l ered\u0151 racionalit\u00e1snak valamif\u00e9le egyens\u00falya vagy azonos mennyis\u00e9ge kell, sokkal ink\u00e1bb az ellentmond\u00e1sok felold\u00e1s\u00e1ra van sz\u00fcks\u00e9g, arra, hogy az \u00e9p\u00edt\u00e9sz a t\u00e9rhaszn\u00e1lat \u00e9s az auton\u00f3m forma sz\u00fcks\u00e9gszer\u0171 fesz\u00fclts\u00e9g\u00e9t valahogy az egys\u00e9g megalkot\u00e1s\u00e1ra haszn\u00e1lja fel.<\/p>\n<p>J\u00e1romi Ir\u00e9n \u00e9s Kiss Gyula sashegyi iroda- \u00e9s lak\u00f3h\u00e1za els\u0151sorban ebb\u0151l a szempontb\u00f3l figyelemre m\u00e9lt\u00f3 munka. A h\u00e1z karakter\u00e9t meghat\u00e1roz\u00f3 oldott alaprajzi rendszer, a t\u00f6megek felbontott kont\u00farjai, az \u00e9les homlokzati t\u00f6r\u00e9sek, a b\u00e1tor anyaghaszn\u00e1latbeli kontrasztok a k\u00e9t tervez\u0151 tev\u00e9kenys\u00e9g\u00e9ben imm\u00e1r \u00e9vtizedek \u00f3ta megfigyelhet\u0151 \u2013 ez a konzekvensen k\u00f6vetett st\u00edlus k\u00f6nnyen felismerhet\u0151v\u00e9 teszi \u00e9p\u00fcleteiket.<\/p>\n<p>A k\u00e9t hosszanti \u2013 keleti \u00e9s nyugati \u2013 homlokzat tot\u00e1lis ellent\u00e9te szervezi az \u00e9p\u00fclet szerkezet\u00e9t: a nyugati oldal l\u00e1gy hull\u00e1mvonal\u00e1val \u00e9s z\u00e1rt, f\u00fcgg\u0151leges fals\u00edkj\u00e1val a keleti szilaj cikkcakk vonalai \u00e9s nyitott, l\u00e9pcs\u0151zetes t\u00f6megei \u00e1llnak szemben. Az utca fel\u0151li r\u00f6videbb homlokzat el\u0151tt a h\u00e1z egy jelent\u0151s r\u00e9sz\u00e9t kitakar\u00f3 v\u00e1rfalszer\u0171 \u00e9p\u00edtm\u00e9ny \u00e1ll, melyet konzolokon nyugv\u00f3 \u00fcvegdoboz t\u00f6r \u00e1t. A term\u00e9sk\u0151vel burkolt fal fels\u0151 r\u00e9szei \u2013 romot ut\u00e1nozva \u2013 t\u00f6redezettek, magass\u00e1ga az oldalhomlokzatok ir\u00e1ny\u00e1ban szab\u00e1lytalan lejt\u0151ket vetve egyre alacsonyabb. Ez a destru\u00e1lt elem m\u0171rom-jellege miatt kiss\u00e9 szervetlen\u00fcl \u00edzes\u00fcl a kompoz\u00edci\u00f3ba, ugyanakkor az eg\u00e9sz \u00e9p\u00fcletben \u00e9rz\u00e9kelhet\u0151 form\u00e1l\u00e1si elv, a lez\u00e1ratlans\u00e1g, a nyitott, \u201efelfesl\u0151\u201d form\u00e1l\u00e1s egyik furcsa aspektusak\u00e9nt is \u00e9rtelmezhet\u0151, mik\u00f6zben egy, a legut\u00f3bbi id\u0151kig a szomsz\u00e9dos telken \u00e1ll\u00f3 r\u00e9gi m\u0171teremh\u00e1z k\u0151burkolatos architekt\u00far\u00e1j\u00e1ra val\u00f3 utal\u00e1s is.<\/p>\n<p><img loading=\"lazy\" class=\"aligncenter size-full wp-image-334\" title=\"4_Rapszodia\" src=\"http:\/\/meonlinehu.web-server.hu\/wp-content\/uploads\/2010\/02\/4_Rapszodia.jpg\" alt=\"\" width=\"400\" height=\"600\" srcset=\"https:\/\/meonline.hu\/wp-content\/uploads\/2010\/02\/4_Rapszodia.jpg 400w, https:\/\/meonline.hu\/wp-content\/uploads\/2010\/02\/4_Rapszodia-100x150.jpg 100w, https:\/\/meonline.hu\/wp-content\/uploads\/2010\/02\/4_Rapszodia-200x300.jpg 200w\" sizes=\"(max-width: 400px) 100vw, 400px\" \/><\/p>\n<p>A tervez\u0151k olyan er\u0151sen tagolt\u00e1k az \u00e9p\u00fclet t\u00f6meg\u00e9t, amennyire csak lehetett: a kubusokat egym\u00e1shoz k\u00e9pest elcs\u00fasztatt\u00e1k, elforgatt\u00e1k, visszah\u00fazt\u00e1k vagy el\u0151retolt\u00e1k, hogy a h\u00e1z minden n\u00e9z\u0151pontb\u00f3l m\u00e1s \u00e9s m\u00e1s arcot \u00f6lts\u00f6n. Meglepet\u00e9sek eg\u00e9sz sora v\u00e1rja a l\u00e1togat\u00f3t: n\u00e9hol a form\u00e1k annyira feltorl\u00f3dnak, hogy a n\u00e9z\u0151 m\u00e1r nem is tudja leolvasni a homlokzatr\u00f3l a bels\u0151 t\u00e9ri viszonyokat. M\u00e1sutt v\u00e1ratlanul rend t\u00e1mad, a falak megnyugszanak, a ny\u00edl\u00e1sok kioszt\u00e1sa \u00e1ttekinthet\u0151v\u00e9 v\u00e1lik, hogy azt\u00e1n ism\u00e9t \u00e1tadj\u00e1k magukat a szabad mozg\u00e1snak, hogy ism\u00e9t megp\u00f6rd\u00fclj\u00f6n minden.<\/p>\n<p>E k\u00fcl\u00f6n\u00f6s bels\u0151 fesz\u00fclts\u00e9g, ez a rapsz\u00f3dikus kompoz\u00edci\u00f3 a h\u00e1z h\u00e1ts\u00f3 oldal\u00e1n jut nyugv\u00f3pontra: a nyugati homlokzat \u2013 kiszabadulva a h\u00e1z szerkezet\u00e9b\u0151l \u2013 t\u00falfut, hogy \u00f6n\u00e1ll\u00f3, tiszta m\u00e9rtani elemk\u00e9nt, a t\u00e9rbe be\u00fasz\u00f3 feh\u00e9r s\u00edkk\u00e9nt z\u00e1rja le a dinamikus formafolyamot.<\/p>\n<p>Ugyanez jellemz\u0151 a bels\u0151 terekre is, b\u00e1r az \u00f6sszhat\u00e1s egyenletesebb, nyugodtabb. Az alaprajzi rendszer mind az \u00f6t szinten mell\u0151zi a der\u00e9ksz\u00f6g\u0171 rasztert, s jobb\u00e1ra a homlokzatok szab\u00e1lytalans\u00e1gaihoz igazodik. A f\u00f6ldszinten irod\u00e1k sorakoznak, bej\u00e1ratuk el\u0151tt, a keleti oldalon, az el\u0151rel\u00e9p\u0151 emeleteket al\u00e1t\u00e1maszt\u00f3 oszlopok \u00e1llnak. Az els\u0151 emelet is az irod\u00e1k\u00e9: a dinamikusan v\u00e1ltoz\u00f3 terek sor\u00e1t az utc\u00e1ra n\u00e9z\u0151, lebegni l\u00e1tsz\u00f3 \u00fcvegkubus z\u00e1rja le egyszer\u0171, szab\u00e1lyos ter\u00e9vel, a kert f\u00e1inak l\u00e1tv\u00e1ny\u00e1val. A m\u00e1sodik emelet \u00e9s a tet\u0151t\u00e9r k\u00e9tszintes lak\u00e1snak ad helyet hasonl\u00f3 alaprajzi elrendez\u00e9ssel.<\/p>\n<p><img loading=\"lazy\" class=\"aligncenter size-full wp-image-335\" title=\"3_Rapszodia\" src=\"http:\/\/meonlinehu.web-server.hu\/wp-content\/uploads\/2010\/02\/3_Rapszodia.jpg\" alt=\"\" width=\"400\" height=\"600\" srcset=\"https:\/\/meonline.hu\/wp-content\/uploads\/2010\/02\/3_Rapszodia.jpg 400w, https:\/\/meonline.hu\/wp-content\/uploads\/2010\/02\/3_Rapszodia-100x150.jpg 100w, https:\/\/meonline.hu\/wp-content\/uploads\/2010\/02\/3_Rapszodia-200x300.jpg 200w\" sizes=\"(max-width: 400px) 100vw, 400px\" \/><\/p>\n<p>Az \u00e9p\u00edt\u00e9szek teh\u00e1t a formai \u00f6nk\u00e9nyt mindig ellens\u00falyozt\u00e1k valamilyen szil\u00e1rd szerkezeti r\u00e9szlettel, tiszta l\u00e1tv\u00e1nyelemmel, a sodr\u00e1st meg\u00e1ll\u00edt\u00f3 t\u00e9ri fog\u00e1ssal. E \u201ef\u00e9kek\u201d ugyanakkor nem a m\u0171 eg\u00e9sz\u00e9t\u0151l f\u00fcggetlen ut\u00f3lagoss\u00e1gok, hanem egyenesen k\u00f6vetkeznek a kompoz\u00edci\u00f3b\u00f3l \u00e9s az alaprajzb\u00f3l. Csak az \u00fcvegkubus t\u0171nik \u2013 ahogy arr\u00f3l m\u00e1r sz\u00f3 esett \u2013 bizonyos \u00e9rtelemben f\u00fcggetlen elemnek, mivel azonban helyzete r\u00e9v\u00e9n meglehet\u0151sen er\u0151s hangs\u00falyt kap, \u00f6nmag\u00e1ban is k\u00e9pes oppon\u00e1lni a m\u00f6g\u00f6tte h\u00faz\u00f3d\u00f3 \u00e9p\u00fclett\u00f6meget. Ezen a ponton a m\u0171 k\u00f6t\u00e9lt\u00e1ncot j\u00e1r, vakmer\u0151en billeg, hogy megtartsa finom er\u0151j\u00e1t\u00e9kon m\u00fal\u00f3 egyens\u00faly\u00e1t. Bizonyos n\u00e9z\u0151pontokb\u00f3l a k\u0151burkolatos fal \u00e9s az \u00fcvegkubus egy\u00fcttese kiss\u00e9 bizarr f\u00fcggel\u00e9knek t\u0171nik, m\u00e1shonnan az \u00e9p\u00fclet saj\u00e1tos kompoz\u00edci\u00f3j\u00e1nak cs\u00facspontjak\u00e9nt t\u0171nik fel, melyben a form\u00e1k dinamizmusa dr\u00e1mai \u00e1that\u00e1sokig fokoz\u00f3dik. A h\u00e1zban j\u00e1rva-kelve egyre er\u0151s\u00f6dik az \u00e9rz\u00e9s, hogy j\u00f3 p\u00e9ld\u00e1t l\u00e1tunk az expressz\u00edv \u00e9p\u00edt\u00e9szeti form\u00e1l\u00e1s komplexit\u00e1s\u00e1ra.<\/p>\n<p>Haba P\u00e9ter<\/p>\n<p>\u00c9p\u00edt\u00e9sz: J\u00e1romi Ir\u00e9n \u2013 Ybl d\u00edj 2009, Kiss Gyula<\/p>\n<p>Fot\u00f3k: Holl\u00f3 Hunor<\/p>\n","protected":false},"excerpt":{"rendered":"<p>A formai \u00f6nk\u00e9ny, az expressz\u00edv alkot\u00f3i attit\u0171d az \u00e9p\u00edt\u00e9szetben kock\u00e1zatosnak sz\u00e1m\u00edt: a biztos kez\u0171, szil\u00e1rd elveket vall\u00f3 tervez\u0151k engedhetik meg maguknak, m\u00e1sk\u00fcl\u00f6nben nagy a kudarc vesz\u00e9lye. Merthogy ebben a tekintetben t\u00e9nyleg rengeteg a buktat\u00f3&#8230;<\/p>\n","protected":false},"author":1,"featured_media":333,"comment_status":"closed","ping_status":"closed","sticky":false,"template":"","format":"standard","meta":{"ngg_post_thumbnail":0},"categories":[10,7],"tags":[],"_links":{"self":[{"href":"https:\/\/meonline.hu\/en\/wp-json\/wp\/v2\/posts\/332"}],"collection":[{"href":"https:\/\/meonline.hu\/en\/wp-json\/wp\/v2\/posts"}],"about":[{"href":"https:\/\/meonline.hu\/en\/wp-json\/wp\/v2\/types\/post"}],"author":[{"embeddable":true,"href":"https:\/\/meonline.hu\/en\/wp-json\/wp\/v2\/users\/1"}],"replies":[{"embeddable":true,"href":"https:\/\/meonline.hu\/en\/wp-json\/wp\/v2\/comments?post=332"}],"version-history":[{"count":5,"href":"https:\/\/meonline.hu\/en\/wp-json\/wp\/v2\/posts\/332\/revisions"}],"predecessor-version":[{"id":44197,"href":"https:\/\/meonline.hu\/en\/wp-json\/wp\/v2\/posts\/332\/revisions\/44197"}],"wp:featuredmedia":[{"embeddable":true,"href":"https:\/\/meonline.hu\/en\/wp-json\/wp\/v2\/media\/333"}],"wp:attachment":[{"href":"https:\/\/meonline.hu\/en\/wp-json\/wp\/v2\/media?parent=332"}],"wp:term":[{"taxonomy":"category","embeddable":true,"href":"https:\/\/meonline.hu\/en\/wp-json\/wp\/v2\/categories?post=332"},{"taxonomy":"post_tag","embeddable":true,"href":"https:\/\/meonline.hu\/en\/wp-json\/wp\/v2\/tags?post=332"}],"curies":[{"name":"wp","href":"https:\/\/api.w.org\/{rel}","templated":true}]}}