{"id":33486,"date":"2020-07-13T11:56:25","date_gmt":"2020-07-13T09:56:25","guid":{"rendered":"http:\/\/meonline.hu\/?p=33486"},"modified":"2020-07-13T11:56:25","modified_gmt":"2020-07-13T09:56:25","slug":"templomaink-es-a-vizualitas","status":"publish","type":"post","link":"https:\/\/meonline.hu\/en\/utoirat\/templomaink-es-a-vizualitas\/","title":{"rendered":"Our Churches and Visuality"},"content":{"rendered":"<p><strong>Sacred Spaces Conference, February 13th<\/strong><\/p>\n<p>Text: <strong>Bal\u00e1zs Feledy<\/strong><\/p>\n<p>The Association of Hungarian Fine and Applied Artists organised a symposium acconmpanied by an exhibition in February 2020. The exhibition was visited by fine artists in general, and lectures were delivered by theoreticians, researchers, art historians, practitioning architects, interior designers, restorers, from both Hungary and Transsylvania. Issues of archeology as well as art history were dealt with, along with up-to-date contemporary interpretations of fine arts. The author of the article below specialized in issues of contemporary artists amd arts at the symposium, namely the circumstances how various works of art and other objects get involved, adjust to and integrate into sacred environments.<\/p>\n<p><!-- default-view.php -->\n<div\n\tclass=\"ngg-galleryoverview default-view \"\n\tid=\"ngg-gallery-afb17d076f769ab09316a3ec4a1a8c12-1\">\n\n\t\t<!-- Thumbnails -->\n\t\t\t\t<div id=\"ngg-image-0\" class=\"ngg-gallery-thumbnail-box \" >\n\t\t\t\t        <div class=\"ngg-gallery-thumbnail\">\n            <a href=\"https:\/\/meonline.hu\/szakralis-terek-utoirat-2022\/angyal_julia.jpg\"\n               title=\"Angyal J\u00falia: A Szent-Kamill k\u00e1polna \u00fcvegablakai. Forr\u00e1s: k\u00f6zt\u00e9rk\u00e9p.hu\"\n               data-src=\"https:\/\/meonline.hu\/szakralis-terek-utoirat-2022\/angyal_julia.jpg\"\n               data-thumbnail=\"https:\/\/meonline.hu\/szakralis-terek-utoirat-2022\/thumbs\/thumbs_angyal_julia.jpg\"\n               data-image-id=\"8391\"\n               data-title=\"angyal_julia\"\n               data-description=\"Angyal J\u00falia: A Szent-Kamill k\u00e1polna \u00fcvegablakai. Forr\u00e1s: k\u00f6zt\u00e9rk\u00e9p.hu\"\n               data-image-slug=\"angyal_julia\"\n               class=\"ngg-simplelightbox\" rel=\"afb17d076f769ab09316a3ec4a1a8c12\">\n                <img\n                    title=\"angyal_julia\"\n                    alt=\"angyal_julia\"\n                    src=\"https:\/\/meonline.hu\/szakralis-terek-utoirat-2022\/thumbs\/thumbs_angyal_julia.jpg\"\n                    width=\"152\"\n                    height=\"100\"\n                    style=\"max-width:100%;\"\n                \/>\n            <\/a>\n        <\/div>\n\t\t\t\t\t\t\t<\/div> \n\t\t\t\n\t\t\t\t<div id=\"ngg-image-1\" class=\"ngg-gallery-thumbnail-box \" >\n\t\t\t\t        <div class=\"ngg-gallery-thumbnail\">\n            <a href=\"https:\/\/meonline.hu\/szakralis-terek-utoirat-2022\/orient_eniko.jpg\"\n               title=\"Orinet Enik\u0151: Csillagkorona, 2006\"\n               data-src=\"https:\/\/meonline.hu\/szakralis-terek-utoirat-2022\/orient_eniko.jpg\"\n               data-thumbnail=\"https:\/\/meonline.hu\/szakralis-terek-utoirat-2022\/thumbs\/thumbs_orient_eniko.jpg\"\n               data-image-id=\"8392\"\n               data-title=\"orient_eniko\"\n               data-description=\"Orinet Enik\u0151: Csillagkorona, 2006\"\n               data-image-slug=\"orient_eniko\"\n               class=\"ngg-simplelightbox\" rel=\"afb17d076f769ab09316a3ec4a1a8c12\">\n                <img\n                    title=\"orient_eniko\"\n                    alt=\"orient_eniko\"\n                    src=\"https:\/\/meonline.hu\/szakralis-terek-utoirat-2022\/thumbs\/thumbs_orient_eniko.jpg\"\n                    width=\"152\"\n                    height=\"100\"\n                    style=\"max-width:100%;\"\n                \/>\n            <\/a>\n        <\/div>\n\t\t\t\t\t\t\t<\/div> \n\t\t\t\n\t\t\t\t<div id=\"ngg-image-2\" class=\"ngg-gallery-thumbnail-box \" >\n\t\t\t\t        <div class=\"ngg-gallery-thumbnail\">\n            <a href=\"https:\/\/meonline.hu\/szakralis-terek-utoirat-2022\/Paks_church_int.jpg\"\n               title=\"Makovecz Imre: Szentl\u00e9lek templom, Paks, 1991. A szobrok P\u00e9terfy L\u00e1szl\u00f3 munk\u00e1i.\"\n               data-src=\"https:\/\/meonline.hu\/szakralis-terek-utoirat-2022\/Paks_church_int.jpg\"\n               data-thumbnail=\"https:\/\/meonline.hu\/szakralis-terek-utoirat-2022\/thumbs\/thumbs_Paks_church_int.jpg\"\n               data-image-id=\"8393\"\n               data-title=\"Paks_church_int\"\n               data-description=\"Makovecz Imre: Szentl\u00e9lek templom, Paks, 1991. A szobrok P\u00e9terfy L\u00e1szl\u00f3 munk\u00e1i.\"\n               data-image-slug=\"paks_church_int\"\n               class=\"ngg-simplelightbox\" rel=\"afb17d076f769ab09316a3ec4a1a8c12\">\n                <img\n                    title=\"Paks_church_int\"\n                    alt=\"Paks_church_int\"\n                    src=\"https:\/\/meonline.hu\/szakralis-terek-utoirat-2022\/thumbs\/thumbs_Paks_church_int.jpg\"\n                    width=\"152\"\n                    height=\"100\"\n                    style=\"max-width:100%;\"\n                \/>\n            <\/a>\n        <\/div>\n\t\t\t\t\t\t\t<\/div> \n\t\t\t\n\t\n\t<br style=\"clear: both\" \/>\n\n\t\n\t\t<!-- Pagination -->\n\t<div class='ngg-clear'><\/div>\t<\/div>\n<\/p>","protected":false},"excerpt":{"rendered":"<p>Sacred Spaces Conference, February 13th Text: Bal\u00e1zs Feledy The Association of Hungarian Fine and Applied Artists organised a symposium acconmpanied by an exhibition in February 2020. The exhibition was visited by fine artists in general, and lectures were delivered by theoreticians, researchers, art historians, practitioning architects, interior designers, restorers, from both Hungary and Transsylvania. Issues [&hellip;]<\/p>\n","protected":false},"author":1,"featured_media":33487,"comment_status":"closed","ping_status":"closed","sticky":false,"template":"","format":"standard","meta":{"ngg_post_thumbnail":0},"categories":[874,8,875],"tags":[],"_links":{"self":[{"href":"https:\/\/meonline.hu\/en\/wp-json\/wp\/v2\/posts\/33486"}],"collection":[{"href":"https:\/\/meonline.hu\/en\/wp-json\/wp\/v2\/posts"}],"about":[{"href":"https:\/\/meonline.hu\/en\/wp-json\/wp\/v2\/types\/post"}],"author":[{"embeddable":true,"href":"https:\/\/meonline.hu\/en\/wp-json\/wp\/v2\/users\/1"}],"replies":[{"embeddable":true,"href":"https:\/\/meonline.hu\/en\/wp-json\/wp\/v2\/comments?post=33486"}],"version-history":[{"count":5,"href":"https:\/\/meonline.hu\/en\/wp-json\/wp\/v2\/posts\/33486\/revisions"}],"predecessor-version":[{"id":33500,"href":"https:\/\/meonline.hu\/en\/wp-json\/wp\/v2\/posts\/33486\/revisions\/33500"}],"wp:featuredmedia":[{"embeddable":true,"href":"https:\/\/meonline.hu\/en\/wp-json\/wp\/v2\/media\/33487"}],"wp:attachment":[{"href":"https:\/\/meonline.hu\/en\/wp-json\/wp\/v2\/media?parent=33486"}],"wp:term":[{"taxonomy":"category","embeddable":true,"href":"https:\/\/meonline.hu\/en\/wp-json\/wp\/v2\/categories?post=33486"},{"taxonomy":"post_tag","embeddable":true,"href":"https:\/\/meonline.hu\/en\/wp-json\/wp\/v2\/tags?post=33486"}],"curies":[{"name":"wp","href":"https:\/\/api.w.org\/{rel}","templated":true}]}}