{"id":3504,"date":"2011-03-09T11:48:57","date_gmt":"2011-03-09T10:48:57","guid":{"rendered":"http:\/\/meonline.hu\/?p=3504"},"modified":"2011-03-09T11:52:22","modified_gmt":"2011-03-09T10:52:22","slug":"a-duna-reneszansz-margojara","status":"publish","type":"post","link":"https:\/\/meonline.hu\/en\/utoirat\/a-duna-reneszansz-margojara\/","title":{"rendered":"A Duna-renesz\u00e1nsz marg\u00f3j\u00e1ra"},"content":{"rendered":"<p><strong>F\u00f6ldi Zsuzsa<\/p>\n<p>A Duna-renesz\u00e1nsz marg\u00f3j\u00e1ra<br \/>\nA foly\u00f3 dinamiz\u00e1l\u00f3 hat\u00e1s\u00e1nak \u00e9rt\u00e9kel\u00e9se Budapest v\u00e1rosfejl\u0151d\u00e9s\u00e9ben<\/strong><\/p>\n<div id=\"attachment_3505\" style=\"width: 610px\" class=\"wp-caption alignnone\"><img aria-describedby=\"caption-attachment-3505\" loading=\"lazy\" src=\"http:\/\/meonline.hu\/wp-content\/uploads\/2011\/03\/1_foldi_zsuzsa.jpg\" alt=\"\" title=\"A Duna-korz\u00f3r\u00f3l a 20. sz\u00e1zad elej\u00e9n, forr\u00e1s: http:\/\/www.profila.hu\" width=\"600\" height=\"391\" class=\"size-full wp-image-3505\" srcset=\"https:\/\/meonline.hu\/wp-content\/uploads\/2011\/03\/1_foldi_zsuzsa.jpg 600w, https:\/\/meonline.hu\/wp-content\/uploads\/2011\/03\/1_foldi_zsuzsa-230x150.jpg 230w, https:\/\/meonline.hu\/wp-content\/uploads\/2011\/03\/1_foldi_zsuzsa-300x195.jpg 300w\" sizes=\"(max-width: 600px) 100vw, 600px\" \/><p id=\"caption-attachment-3505\" class=\"wp-caption-text\">A Duna-korz\u00f3r\u00f3l a 20. sz\u00e1zad elej\u00e9n, forr\u00e1s: http:\/\/www.profila.hu<\/p><\/div>\n<p>A Duna renesz\u00e1nsz\u00e1t \u00e9li \u00e9s ennek sz\u00e1mos glob\u00e1lis, eur\u00f3pai nagyt\u00e9rs\u00e9gi, geopolitikai \u00e9s helyi, v\u00e1rosi szint\u0171 h\u00e1ttere \u00e9s konkr\u00e9t v\u00e1rosfejleszt\u00e9st \u00e9rint\u0151, \u00e9p\u00edt\u00e9szeti vonatkoz\u00e1s\u00fa megnyilv\u00e1nul\u00e1sa van. A foly\u00f3k v\u00e1rosi t\u00e9rben val\u00f3 jelenl\u00e9te jelent\u0151sen \u00e1talakult, t\u00f6bbnyire fel\u00e9rt\u00e9kel\u0151d\u00f6tt a poszt-indusztri\u00e1lis id\u0151szak v\u00e1rosi funkci\u00f3v\u00e1lt\u00e1s\u00e1val, az ipari termel\u00e9s nagyv\u00e1rosokb\u00f3l t\u00f6rt\u00e9n\u0151 kivonul\u00e1s\u00e1val \u00e9s a szolg\u00e1ltat\u00e1sok, illetve min\u0151s\u00e9gi \u00e9letterek ir\u00e1nti ig\u00e9ny n\u00f6veked\u00e9s\u00e9vel. A Duna emellett a k\u00f6z\u00e9p-eur\u00f3pai identit\u00e1skeres\u00e9s kulcsa is lett, az eur\u00f3pai t\u00e9rben az \u00f3hajtott, de megval\u00f3s\u00edtani kev\u00e9sb\u00e9 l\u00e1tsz\u00f3 egy\u00fcttm\u0171k\u00f6d\u00e9sek szimb\u00f3lum\u00e1v\u00e1 v\u00e1lt. Hogyan k\u00e9pes Budapest a Duna adta el\u0151ny\u00f6ket \u00e9s fejleszt\u00e9sre inspir\u00e1l\u00f3 adotts\u00e1gokat kihaszn\u00e1lni \u00e9s a v\u00e1rosfejl\u0151d\u00e9s haszn\u00e1ra ford\u00edtani a t\u00f6rt\u00e9nelmi t\u00e1vlatokban? Ennek megv\u00e1laszol\u00e1s\u00e1hoz ny\u00fajt az \u00edr\u00e1s szintetiz\u00e1l\u00f3, az \u00e9p\u00edt\u00e9szeti vonatkoz\u00e1sokon t\u00falmutat\u00f3 adal\u00e9kot.<\/p>","protected":false},"excerpt":{"rendered":"<p>A Duna renesz\u00e1nsz\u00e1t \u00e9li \u00e9s ennek sz\u00e1mos glob\u00e1lis, eur\u00f3pai nagyt\u00e9rs\u00e9gi, geopolitikai \u00e9s helyi, v\u00e1rosi szint\u0171 h\u00e1ttere \u00e9s konkr\u00e9t v\u00e1rosfejleszt\u00e9st \u00e9rint\u0151, \u00e9p\u00edt\u00e9szeti vonatkoz\u00e1s\u00fa megnyilv\u00e1nul\u00e1sa van. A foly\u00f3k v\u00e1rosi t\u00e9rben val\u00f3 jelenl\u00e9te jelent\u0151sen \u00e1talakult, t\u00f6bbnyire fel\u00e9rt\u00e9kel\u0151d\u00f6tt a poszt-indusztri\u00e1lis id\u0151szak v\u00e1rosi funkci\u00f3v\u00e1lt\u00e1s\u00e1val, az ipari termel\u00e9s nagyv\u00e1rosokb\u00f3l&#8230;<\/p>\n","protected":false},"author":1,"featured_media":3505,"comment_status":"closed","ping_status":"closed","sticky":false,"template":"","format":"standard","meta":{"ngg_post_thumbnail":0},"categories":[8,46],"tags":[],"_links":{"self":[{"href":"https:\/\/meonline.hu\/en\/wp-json\/wp\/v2\/posts\/3504"}],"collection":[{"href":"https:\/\/meonline.hu\/en\/wp-json\/wp\/v2\/posts"}],"about":[{"href":"https:\/\/meonline.hu\/en\/wp-json\/wp\/v2\/types\/post"}],"author":[{"embeddable":true,"href":"https:\/\/meonline.hu\/en\/wp-json\/wp\/v2\/users\/1"}],"replies":[{"embeddable":true,"href":"https:\/\/meonline.hu\/en\/wp-json\/wp\/v2\/comments?post=3504"}],"version-history":[{"count":4,"href":"https:\/\/meonline.hu\/en\/wp-json\/wp\/v2\/posts\/3504\/revisions"}],"predecessor-version":[{"id":3509,"href":"https:\/\/meonline.hu\/en\/wp-json\/wp\/v2\/posts\/3504\/revisions\/3509"}],"wp:featuredmedia":[{"embeddable":true,"href":"https:\/\/meonline.hu\/en\/wp-json\/wp\/v2\/media\/3505"}],"wp:attachment":[{"href":"https:\/\/meonline.hu\/en\/wp-json\/wp\/v2\/media?parent=3504"}],"wp:term":[{"taxonomy":"category","embeddable":true,"href":"https:\/\/meonline.hu\/en\/wp-json\/wp\/v2\/categories?post=3504"},{"taxonomy":"post_tag","embeddable":true,"href":"https:\/\/meonline.hu\/en\/wp-json\/wp\/v2\/tags?post=3504"}],"curies":[{"name":"wp","href":"https:\/\/api.w.org\/{rel}","templated":true}]}}