{"id":46131,"date":"2022-12-13T22:52:23","date_gmt":"2022-12-13T21:52:23","guid":{"rendered":"https:\/\/meonline.hu\/?p=46131"},"modified":"2022-12-13T22:52:23","modified_gmt":"2022-12-13T21:52:23","slug":"residuum-the-frequency-of-architecture","status":"publish","type":"post","link":"https:\/\/meonline.hu\/en\/aktualis\/szcena\/residuum-the-frequency-of-architecture\/","title":{"rendered":"Venice Architecture Biennale 2023"},"content":{"rendered":"<p><strong>Results of the Hungarian Pavilion Contest<\/strong><\/p>\n<p>In line with the practice in Hungary, the national representative of the Venice Biennale, dr. J\u00falia Fab\u00e9nyi, head of Ludwig M\u00fazeum \u2013 Contemporary Art Museum selected the curator and exhibition of the Hungarian Pavilion after an open tender, based on the decision of the jury of professionals. Of the seven entries submitted, the jury declared the winning of the project by M\u00e1ria Kondor-Szil\u00e1gyi titled REZIDUUM \u2013 The Frequency of Architecture. Participants of the exhibition project are Marcel Ferencz architect (senior architect with NAPUR architect designing the building itself), Judit Z. Halm\u00e1gyi architect, P\u00e9ter M\u00e1trai architect-composer and Ferenc Ha\u00e1sz lighting designer.<\/p>\n<p><!-- default-view.php -->\n<div\n\tclass=\"ngg-galleryoverview default-view \"\n\tid=\"ngg-gallery-f95c13a7991ffbe933f9e0be43216258-1\">\n\n\t\t<!-- Thumbnails -->\n\t\t\t\t<div id=\"ngg-image-0\" class=\"ngg-gallery-thumbnail-box \" >\n\t\t\t\t        <div class=\"ngg-gallery-thumbnail\">\n            <a href=\"https:\/\/meonline.hu\/wp-content\/gallery\/magyar_pavilon_2023_2022_02\/1.jpeg\"\n               title=\"\"\n               data-src=\"https:\/\/meonline.hu\/wp-content\/gallery\/magyar_pavilon_2023_2022_02\/1.jpeg\"\n               data-thumbnail=\"https:\/\/meonline.hu\/wp-content\/gallery\/magyar_pavilon_2023_2022_02\/thumbs\/thumbs_1.jpeg\"\n               data-image-id=\"9753\"\n               data-title=\"1\"\n               data-description=\"\"\n               data-image-slug=\"1-1750\"\n               class=\"ngg-simplelightbox\" rel=\"f95c13a7991ffbe933f9e0be43216258\">\n                <img\n                    title=\"1\"\n                    alt=\"1\"\n                    src=\"https:\/\/meonline.hu\/wp-content\/gallery\/magyar_pavilon_2023_2022_02\/thumbs\/thumbs_1.jpeg\"\n                    width=\"240\"\n                    height=\"160\"\n                    style=\"max-width:100%;\"\n                \/>\n            <\/a>\n        <\/div>\n\t\t\t\t\t\t\t<\/div> \n\t\t\t\n\t\t\t\t<div id=\"ngg-image-1\" class=\"ngg-gallery-thumbnail-box \" >\n\t\t\t\t        <div class=\"ngg-gallery-thumbnail\">\n            <a href=\"https:\/\/meonline.hu\/wp-content\/gallery\/magyar_pavilon_2023_2022_02\/Apszis.png\"\n               title=\"\"\n               data-src=\"https:\/\/meonline.hu\/wp-content\/gallery\/magyar_pavilon_2023_2022_02\/Apszis.png\"\n               data-thumbnail=\"https:\/\/meonline.hu\/wp-content\/gallery\/magyar_pavilon_2023_2022_02\/thumbs\/thumbs_Apszis.png\"\n               data-image-id=\"9754\"\n               data-title=\"Apszis\"\n               data-description=\"\"\n               data-image-slug=\"apszis\"\n               class=\"ngg-simplelightbox\" rel=\"f95c13a7991ffbe933f9e0be43216258\">\n                <img\n                    title=\"Apszis\"\n                    alt=\"Apszis\"\n                    src=\"https:\/\/meonline.hu\/wp-content\/gallery\/magyar_pavilon_2023_2022_02\/thumbs\/thumbs_Apszis.png\"\n                    width=\"240\"\n                    height=\"160\"\n                    style=\"max-width:100%;\"\n                \/>\n            <\/a>\n        <\/div>\n\t\t\t\t\t\t\t<\/div> \n\t\t\t\n\t\n\t<br style=\"clear: both\" \/>\n\n\t\n\t\t<!-- Pagination -->\n\t<div class='ngg-clear'><\/div>\t<\/div>\n<\/p>","protected":false},"excerpt":{"rendered":"<p>Results of the Hungarian Pavilion Contest In line with the practice in Hungary, the national representative of the Venice Biennale, dr. J\u00falia Fab\u00e9nyi, head of Ludwig M\u00fazeum \u2013 Contemporary Art Museum selected the curator and exhibition of the Hungarian Pavilion after an open tender, based on the decision of the jury of professionals. Of the [&hellip;]<\/p>\n","protected":false},"author":1,"featured_media":46132,"comment_status":"closed","ping_status":"closed","sticky":false,"template":"","format":"standard","meta":{"ngg_post_thumbnail":0},"categories":[3759,27],"tags":[],"_links":{"self":[{"href":"https:\/\/meonline.hu\/en\/wp-json\/wp\/v2\/posts\/46131"}],"collection":[{"href":"https:\/\/meonline.hu\/en\/wp-json\/wp\/v2\/posts"}],"about":[{"href":"https:\/\/meonline.hu\/en\/wp-json\/wp\/v2\/types\/post"}],"author":[{"embeddable":true,"href":"https:\/\/meonline.hu\/en\/wp-json\/wp\/v2\/users\/1"}],"replies":[{"embeddable":true,"href":"https:\/\/meonline.hu\/en\/wp-json\/wp\/v2\/comments?post=46131"}],"version-history":[{"count":3,"href":"https:\/\/meonline.hu\/en\/wp-json\/wp\/v2\/posts\/46131\/revisions"}],"predecessor-version":[{"id":46138,"href":"https:\/\/meonline.hu\/en\/wp-json\/wp\/v2\/posts\/46131\/revisions\/46138"}],"wp:featuredmedia":[{"embeddable":true,"href":"https:\/\/meonline.hu\/en\/wp-json\/wp\/v2\/media\/46132"}],"wp:attachment":[{"href":"https:\/\/meonline.hu\/en\/wp-json\/wp\/v2\/media?parent=46131"}],"wp:term":[{"taxonomy":"category","embeddable":true,"href":"https:\/\/meonline.hu\/en\/wp-json\/wp\/v2\/categories?post=46131"},{"taxonomy":"post_tag","embeddable":true,"href":"https:\/\/meonline.hu\/en\/wp-json\/wp\/v2\/tags?post=46131"}],"curies":[{"name":"wp","href":"https:\/\/api.w.org\/{rel}","templated":true}]}}