{"id":46800,"date":"2023-04-10T23:04:34","date_gmt":"2023-04-10T21:04:34","guid":{"rendered":"https:\/\/meonline.hu\/?p=46800"},"modified":"2023-04-10T23:04:34","modified_gmt":"2023-04-10T21:04:34","slug":"epiteszeti-osskar-dij-2022","status":"publish","type":"post","link":"https:\/\/meonline.hu\/en\/aktualis\/szcena\/epiteszeti-osskar-dij-2022\/","title":{"rendered":"OSSK\u00c1R Award for Architecture 2022"},"content":{"rendered":"<p>The OSSK\u00c1R architecture award was founded in 2020 by the architects Judit Ossk\u00f3 and Gy\u00f6rgy Tok\u00e1r, with the aim of honoring outstanding, new architectural creations and ensembles in which humanity, harmony and quality play a leading role, as well as organically fitting the to the spirit of the surrounding settlement and landscape. In 2022, the founder of the award and the National College of Architects announced a nationwide, open and public tender for the second time, for which buildings built in Hungary and handed over after January 1, 2018 could apply. The winning entries: Reformed church and community center, Miskolc Avas-D\u00e9l (architects: \u00c9va Magyari, B\u00e9la Paz\u00e1r); Tokaj Borvid\u00e9k Viticulture and Wine Research Institute office building, Tarcal (architect: G\u00e1bor Erhardt); House of Hungarian Music, Budapest City Park (designers: M-Teampannon, architect Bence Varga and 150 designers).<\/p>\n<p><!-- default-view.php -->\n<div\n\tclass=\"ngg-galleryoverview default-view \"\n\tid=\"ngg-gallery-ef34a3da4aebb6a9d73de478c64b2a64-1\">\n\n\t\t<!-- Thumbnails -->\n\t\t\t\t<div id=\"ngg-image-0\" class=\"ngg-gallery-thumbnail-box \" >\n\t\t\t\t        <div class=\"ngg-gallery-thumbnail\">\n            <a href=\"https:\/\/meonline.hu\/wp-content\/gallery\/osskar-dij_2022_04\/tarcal_foto_szanto_tamas.jpeg\"\n               title=\"Tokaji Borvid\u00e9k Sz\u0151l\u00e9szeti \u00e9s Bor\u00e1szati Kutat\u00f3 Int\u00e9zet, Tarcal. \u00c9p\u00edt\u00e9sz: Erhardt G\u00e1bor, fot\u00f3: Sz\u00e1mt\u00f3 Tam\u00e1s\"\n               data-src=\"https:\/\/meonline.hu\/wp-content\/gallery\/osskar-dij_2022_04\/tarcal_foto_szanto_tamas.jpeg\"\n               data-thumbnail=\"https:\/\/meonline.hu\/wp-content\/gallery\/osskar-dij_2022_04\/thumbs\/thumbs_tarcal_foto_szanto_tamas.jpeg\"\n               data-image-id=\"9938\"\n               data-title=\"tarcal_foto_szanto_tamas\"\n               data-description=\"Tokaji Borvid\u00e9k Sz\u0151l\u00e9szeti \u00e9s Bor\u00e1szati Kutat\u00f3 Int\u00e9zet, Tarcal. \u00c9p\u00edt\u00e9sz: Erhardt G\u00e1bor, fot\u00f3: Sz\u00e1mt\u00f3 Tam\u00e1s\"\n               data-image-slug=\"tarcal_foto_szanto_tamas\"\n               class=\"ngg-simplelightbox\" rel=\"ef34a3da4aebb6a9d73de478c64b2a64\">\n                <img\n                    title=\"tarcal_foto_szanto_tamas\"\n                    alt=\"tarcal_foto_szanto_tamas\"\n                    src=\"https:\/\/meonline.hu\/wp-content\/gallery\/osskar-dij_2022_04\/thumbs\/thumbs_tarcal_foto_szanto_tamas.jpeg\"\n                    width=\"240\"\n                    height=\"160\"\n                    style=\"max-width:100%;\"\n                \/>\n            <\/a>\n        <\/div>\n\t\t\t\t\t\t\t<\/div> \n\t\t\t\n\t\t\t\t<div id=\"ngg-image-1\" class=\"ngg-gallery-thumbnail-box \" >\n\t\t\t\t        <div class=\"ngg-gallery-thumbnail\">\n            <a href=\"https:\/\/meonline.hu\/wp-content\/gallery\/osskar-dij_2022_04\/3_%C2%A9MAGYAR-ZENE-HAZA_Palko-Gyorgy_web_ZEN-0203-70.jpg\"\n               title=\"Magyar Zene H\u00e1za, Budapest. Tervez\u0151k: Sou Fujimoto, M- Teampannon. Fot\u00f3: Palk\u00f3 Gy\u00f6rgy\"\n               data-src=\"https:\/\/meonline.hu\/wp-content\/gallery\/osskar-dij_2022_04\/3_%C2%A9MAGYAR-ZENE-HAZA_Palko-Gyorgy_web_ZEN-0203-70.jpg\"\n               data-thumbnail=\"https:\/\/meonline.hu\/wp-content\/gallery\/osskar-dij_2022_04\/thumbs\/thumbs_3_%C2%A9MAGYAR-ZENE-HAZA_Palko-Gyorgy_web_ZEN-0203-70.jpg\"\n               data-image-id=\"9939\"\n               data-title=\"3_\u00a9MAGYAR-ZENE-HAZA_Palko-Gyorgy_web_ZEN-0203-70\"\n               data-description=\"Magyar Zene H\u00e1za, Budapest. Tervez\u0151k: Sou Fujimoto, M- Teampannon. Fot\u00f3: Palk\u00f3 Gy\u00f6rgy\"\n               data-image-slug=\"3_%c2%a9magyar-zene-haza_palko-gyorgy_web_zen-0203-70\"\n               class=\"ngg-simplelightbox\" rel=\"ef34a3da4aebb6a9d73de478c64b2a64\">\n                <img\n                    title=\"3_\u00a9MAGYAR-ZENE-HAZA_Palko-Gyorgy_web_ZEN-0203-70\"\n                    alt=\"3_\u00a9MAGYAR-ZENE-HAZA_Palko-Gyorgy_web_ZEN-0203-70\"\n                    src=\"https:\/\/meonline.hu\/wp-content\/gallery\/osskar-dij_2022_04\/thumbs\/thumbs_3_%C2%A9MAGYAR-ZENE-HAZA_Palko-Gyorgy_web_ZEN-0203-70.jpg\"\n                    width=\"240\"\n                    height=\"160\"\n                    style=\"max-width:100%;\"\n                \/>\n            <\/a>\n        <\/div>\n\t\t\t\t\t\t\t<\/div> \n\t\t\t\n\t\t\t\t<div id=\"ngg-image-2\" class=\"ngg-gallery-thumbnail-box \" >\n\t\t\t\t        <div class=\"ngg-gallery-thumbnail\">\n            <a href=\"https:\/\/meonline.hu\/wp-content\/gallery\/osskar-dij_2022_04\/1_Ref-Templom-02.jpg\"\n               title=\"Reform\u00e1tus templom \u00e9s k\u00f6z\u00f6ss\u00e9gi h\u00e1z, Miskolc, Avas-d\u00e9l. \u00c9p\u00edt\u00e9szek: Magyari \u00c9va, Paz\u00e1r B\u00e9la\"\n               data-src=\"https:\/\/meonline.hu\/wp-content\/gallery\/osskar-dij_2022_04\/1_Ref-Templom-02.jpg\"\n               data-thumbnail=\"https:\/\/meonline.hu\/wp-content\/gallery\/osskar-dij_2022_04\/thumbs\/thumbs_1_Ref-Templom-02.jpg\"\n               data-image-id=\"9940\"\n               data-title=\"1_Ref-Templom-02\"\n               data-description=\"Reform\u00e1tus templom \u00e9s k\u00f6z\u00f6ss\u00e9gi h\u00e1z, Miskolc, Avas-d\u00e9l. \u00c9p\u00edt\u00e9szek: Magyari \u00c9va, Paz\u00e1r B\u00e9la\"\n               data-image-slug=\"1_ref-templom-02\"\n               class=\"ngg-simplelightbox\" rel=\"ef34a3da4aebb6a9d73de478c64b2a64\">\n                <img\n                    title=\"1_Ref-Templom-02\"\n                    alt=\"1_Ref-Templom-02\"\n                    src=\"https:\/\/meonline.hu\/wp-content\/gallery\/osskar-dij_2022_04\/thumbs\/thumbs_1_Ref-Templom-02.jpg\"\n                    width=\"240\"\n                    height=\"160\"\n                    style=\"max-width:100%;\"\n                \/>\n            <\/a>\n        <\/div>\n\t\t\t\t\t\t\t<\/div> \n\t\t\t\n\t\n\t<br style=\"clear: both\" \/>\n\n\t\n\t\t<!-- Pagination -->\n\t<div class='ngg-clear'><\/div>\t<\/div>\n<\/p>","protected":false},"excerpt":{"rendered":"<p>The OSSK\u00c1R architecture award was founded in 2020 by the architects Judit Ossk\u00f3 and Gy\u00f6rgy Tok\u00e1r, with the aim of honoring outstanding, new architectural creations and ensembles in which humanity, harmony and quality play a leading role, as well as organically fitting the to the spirit of the surrounding settlement and landscape. In 2022, the [&hellip;]<\/p>\n","protected":false},"author":1,"featured_media":46802,"comment_status":"closed","ping_status":"closed","sticky":false,"template":"","format":"standard","meta":{"ngg_post_thumbnail":0},"categories":[3763,27],"tags":[],"_links":{"self":[{"href":"https:\/\/meonline.hu\/en\/wp-json\/wp\/v2\/posts\/46800"}],"collection":[{"href":"https:\/\/meonline.hu\/en\/wp-json\/wp\/v2\/posts"}],"about":[{"href":"https:\/\/meonline.hu\/en\/wp-json\/wp\/v2\/types\/post"}],"author":[{"embeddable":true,"href":"https:\/\/meonline.hu\/en\/wp-json\/wp\/v2\/users\/1"}],"replies":[{"embeddable":true,"href":"https:\/\/meonline.hu\/en\/wp-json\/wp\/v2\/comments?post=46800"}],"version-history":[{"count":3,"href":"https:\/\/meonline.hu\/en\/wp-json\/wp\/v2\/posts\/46800\/revisions"}],"predecessor-version":[{"id":46808,"href":"https:\/\/meonline.hu\/en\/wp-json\/wp\/v2\/posts\/46800\/revisions\/46808"}],"wp:featuredmedia":[{"embeddable":true,"href":"https:\/\/meonline.hu\/en\/wp-json\/wp\/v2\/media\/46802"}],"wp:attachment":[{"href":"https:\/\/meonline.hu\/en\/wp-json\/wp\/v2\/media?parent=46800"}],"wp:term":[{"taxonomy":"category","embeddable":true,"href":"https:\/\/meonline.hu\/en\/wp-json\/wp\/v2\/categories?post=46800"},{"taxonomy":"post_tag","embeddable":true,"href":"https:\/\/meonline.hu\/en\/wp-json\/wp\/v2\/tags?post=46800"}],"curies":[{"name":"wp","href":"https:\/\/api.w.org\/{rel}","templated":true}]}}