{"id":46933,"date":"2023-04-30T22:01:32","date_gmt":"2023-04-30T20:01:32","guid":{"rendered":"https:\/\/meonline.hu\/?p=46933"},"modified":"2023-04-30T22:01:32","modified_gmt":"2023-04-30T20:01:32","slug":"a-modern-es-a-kortars-uj-szinpada","status":"publish","type":"post","link":"https:\/\/meonline.hu\/en\/aktualis\/tema\/a-modern-es-a-kortars-uj-szinpada\/","title":{"rendered":"The Stage for Modern and Contemporary Art"},"content":{"rendered":"<p><strong>The Museum of Heidi Horten Collection, Vienna<\/strong><\/p>\n<p>Architects: <strong>Marie-Therese Harnoncourt-Fuchs, Ernst J. Fuchs \u2013 the next ENTERprise architects<\/strong><br \/>\nText: <strong>Gy\u00f6rgy Szeg\u0151<\/strong><br \/>\nPhotos: <strong>Stefan Ol\u00e1h<\/strong><\/p>\n<p>In the 20 years since the opening of the MuseumsQuartier, Vienna&#8217;s city centre has become an important international stage for modern and contemporary visual arts. In the middle of summer, the highly prestigious Heidi Horten Collection, which combines urban traditions with the requirements of modern museums, opened its new home in the block between the Opera and the old Albertina building. There was originally a ducal riding school in the jointly used courtyard of the street-fronted building, right next to the Burg, which fits into the architectural landscape of the Ringstrasse, During the last years of the peaceful era of the Monarchy, the Chancellery had an eclectic office building built on its site. The house was purchased three years ago by Heidi Horten, the owner of a collection of modern and contemporary art of European fame. A competition for the conversion peoject was published, and the winning design was submited by the Viennese architectural firm next ENTERprize.<br \/>\nTogether with the client, the architects intended to preserve the historic fa\u00e7ade, so the tension between the formerly romantic-style office palace forms and the current function of the museum have given room for contemporary spirit.<br \/>\nThe former floor plan and the negative spaces between the diagonally structured interior &#8220;rectangles&#8221; create a flowing spatial impression with pierced floating levels that generate exciting perceptions and transparencies. The 1,500 m2 building retains the corner spaces of the original structure, in which temporary chamber exhibitions will be housed, whilst the permanent exhibition in the new large space is updated on an annual basis.<\/p>\n<p>General architecture: <strong>the nextEnterprize, harnoncourt, fuchs &amp; partner<\/strong><br \/>\nArchitects: <strong>Marie-Therese Harnoncourt-Fuchs, Ernst J. Fuchs, Christoph Pehnelt, Alexander Holzmann, Serdar \u00d6zt\u00fcrk, Madeleine Malle, Christoph Neuwirth, In\u00e9s Klausberger, Cristina Meregalli, Martina Lajczak, Nathaniel Lorenz, Admir Dzakulic, Vojislav Dzukic<\/strong><br \/>\nStructure: <strong>Bollinger und Grohmann ZT GmbH<\/strong><br \/>\nLandscape: <strong>Land in Sicht GmbH<\/strong><br \/>\nLight design: <strong>Designb\u00fcro Christian Ploderer GmbH<\/strong><\/p>\n<p><!-- default-view.php -->\n<div\n\tclass=\"ngg-galleryoverview default-view \"\n\tid=\"ngg-gallery-166f11b2b2f57d000811992e71277808-1\">\n\n\t\t<!-- Thumbnails -->\n\t\t\t\t<div id=\"ngg-image-0\" class=\"ngg-gallery-thumbnail-box \" >\n\t\t\t\t        <div class=\"ngg-gallery-thumbnail\">\n            <a href=\"https:\/\/meonline.hu\/wp-content\/gallery\/heidi_horten_202205\/3.jpeg\"\n               title=\"Fot\u00f3: Stefan Ol\u00e1h\"\n               data-src=\"https:\/\/meonline.hu\/wp-content\/gallery\/heidi_horten_202205\/3.jpeg\"\n               data-thumbnail=\"https:\/\/meonline.hu\/wp-content\/gallery\/heidi_horten_202205\/thumbs\/thumbs_3.jpeg\"\n               data-image-id=\"9967\"\n               data-title=\"3\"\n               data-description=\"Fot\u00f3: Stefan Ol\u00e1h\"\n               data-image-slug=\"3-133\"\n               class=\"ngg-simplelightbox\" rel=\"166f11b2b2f57d000811992e71277808\">\n                <img\n                    title=\"3\"\n                    alt=\"3\"\n                    src=\"https:\/\/meonline.hu\/wp-content\/gallery\/heidi_horten_202205\/thumbs\/thumbs_3.jpeg\"\n                    width=\"240\"\n                    height=\"160\"\n                    style=\"max-width:100%;\"\n                \/>\n            <\/a>\n        <\/div>\n\t\t\t\t\t\t\t<\/div> \n\t\t\t\n\t\t\t\t<div id=\"ngg-image-1\" class=\"ngg-gallery-thumbnail-box \" >\n\t\t\t\t        <div class=\"ngg-gallery-thumbnail\">\n            <a href=\"https:\/\/meonline.hu\/wp-content\/gallery\/heidi_horten_202205\/2.jpeg\"\n               title=\"Fot\u00f3: Stefan Ol\u00e1h\"\n               data-src=\"https:\/\/meonline.hu\/wp-content\/gallery\/heidi_horten_202205\/2.jpeg\"\n               data-thumbnail=\"https:\/\/meonline.hu\/wp-content\/gallery\/heidi_horten_202205\/thumbs\/thumbs_2.jpeg\"\n               data-image-id=\"9968\"\n               data-title=\"2\"\n               data-description=\"Fot\u00f3: Stefan Ol\u00e1h\"\n               data-image-slug=\"2-134\"\n               class=\"ngg-simplelightbox\" rel=\"166f11b2b2f57d000811992e71277808\">\n                <img\n                    title=\"2\"\n                    alt=\"2\"\n                    src=\"https:\/\/meonline.hu\/wp-content\/gallery\/heidi_horten_202205\/thumbs\/thumbs_2.jpeg\"\n                    width=\"240\"\n                    height=\"160\"\n                    style=\"max-width:100%;\"\n                \/>\n            <\/a>\n        <\/div>\n\t\t\t\t\t\t\t<\/div> \n\t\t\t\n\t\t\t\t<div id=\"ngg-image-2\" class=\"ngg-gallery-thumbnail-box \" >\n\t\t\t\t        <div class=\"ngg-gallery-thumbnail\">\n            <a href=\"https:\/\/meonline.hu\/wp-content\/gallery\/heidi_horten_202205\/4.jpeg\"\n               title=\"Fot\u00f3: Stefan Ol\u00e1h\"\n               data-src=\"https:\/\/meonline.hu\/wp-content\/gallery\/heidi_horten_202205\/4.jpeg\"\n               data-thumbnail=\"https:\/\/meonline.hu\/wp-content\/gallery\/heidi_horten_202205\/thumbs\/thumbs_4.jpeg\"\n               data-image-id=\"9970\"\n               data-title=\"4\"\n               data-description=\"Fot\u00f3: Stefan Ol\u00e1h\"\n               data-image-slug=\"4-103\"\n               class=\"ngg-simplelightbox\" rel=\"166f11b2b2f57d000811992e71277808\">\n                <img\n                    title=\"4\"\n                    alt=\"4\"\n                    src=\"https:\/\/meonline.hu\/wp-content\/gallery\/heidi_horten_202205\/thumbs\/thumbs_4.jpeg\"\n                    width=\"240\"\n                    height=\"160\"\n                    style=\"max-width:100%;\"\n                \/>\n            <\/a>\n        <\/div>\n\t\t\t\t\t\t\t<\/div> \n\t\t\t\n\t\t\t\t<div id=\"ngg-image-3\" class=\"ngg-gallery-thumbnail-box \" >\n\t\t\t\t        <div class=\"ngg-gallery-thumbnail\">\n            <a href=\"https:\/\/meonline.hu\/wp-content\/gallery\/heidi_horten_202205\/1.jpeg\"\n               title=\"Fot\u00f3: Stefan Ol\u00e1h\"\n               data-src=\"https:\/\/meonline.hu\/wp-content\/gallery\/heidi_horten_202205\/1.jpeg\"\n               data-thumbnail=\"https:\/\/meonline.hu\/wp-content\/gallery\/heidi_horten_202205\/thumbs\/thumbs_1.jpeg\"\n               data-image-id=\"9971\"\n               data-title=\"1\"\n               data-description=\"Fot\u00f3: Stefan Ol\u00e1h\"\n               data-image-slug=\"1-1782\"\n               class=\"ngg-simplelightbox\" rel=\"166f11b2b2f57d000811992e71277808\">\n                <img\n                    title=\"1\"\n                    alt=\"1\"\n                    src=\"https:\/\/meonline.hu\/wp-content\/gallery\/heidi_horten_202205\/thumbs\/thumbs_1.jpeg\"\n                    width=\"240\"\n                    height=\"160\"\n                    style=\"max-width:100%;\"\n                \/>\n            <\/a>\n        <\/div>\n\t\t\t\t\t\t\t<\/div> \n\t\t\t\n\t\t\t\t<div id=\"ngg-image-4\" class=\"ngg-gallery-thumbnail-box \" >\n\t\t\t\t        <div class=\"ngg-gallery-thumbnail\">\n            <a href=\"https:\/\/meonline.hu\/wp-content\/gallery\/heidi_horten_202205\/axonometria.jpeg\"\n               title=\"\"\n               data-src=\"https:\/\/meonline.hu\/wp-content\/gallery\/heidi_horten_202205\/axonometria.jpeg\"\n               data-thumbnail=\"https:\/\/meonline.hu\/wp-content\/gallery\/heidi_horten_202205\/thumbs\/thumbs_axonometria.jpeg\"\n               data-image-id=\"9966\"\n               data-title=\"axonometria\"\n               data-description=\"\"\n               data-image-slug=\"axonometria\"\n               class=\"ngg-simplelightbox\" rel=\"166f11b2b2f57d000811992e71277808\">\n                <img\n                    title=\"axonometria\"\n                    alt=\"axonometria\"\n                    src=\"https:\/\/meonline.hu\/wp-content\/gallery\/heidi_horten_202205\/thumbs\/thumbs_axonometria.jpeg\"\n                    width=\"240\"\n                    height=\"160\"\n                    style=\"max-width:100%;\"\n                \/>\n            <\/a>\n        <\/div>\n\t\t\t\t\t\t\t<\/div> \n\t\t\t\n\t\t\t\t<div id=\"ngg-image-5\" class=\"ngg-gallery-thumbnail-box \" >\n\t\t\t\t        <div class=\"ngg-gallery-thumbnail\">\n            <a href=\"https:\/\/meonline.hu\/wp-content\/gallery\/heidi_horten_202205\/helyszinrajz.jpeg\"\n               title=\"\"\n               data-src=\"https:\/\/meonline.hu\/wp-content\/gallery\/heidi_horten_202205\/helyszinrajz.jpeg\"\n               data-thumbnail=\"https:\/\/meonline.hu\/wp-content\/gallery\/heidi_horten_202205\/thumbs\/thumbs_helyszinrajz.jpeg\"\n               data-image-id=\"9969\"\n               data-title=\"helyszinrajz\"\n               data-description=\"\"\n               data-image-slug=\"helyszinrajz-12\"\n               class=\"ngg-simplelightbox\" rel=\"166f11b2b2f57d000811992e71277808\">\n                <img\n                    title=\"helyszinrajz\"\n                    alt=\"helyszinrajz\"\n                    src=\"https:\/\/meonline.hu\/wp-content\/gallery\/heidi_horten_202205\/thumbs\/thumbs_helyszinrajz.jpeg\"\n                    width=\"240\"\n                    height=\"160\"\n                    style=\"max-width:100%;\"\n                \/>\n            <\/a>\n        <\/div>\n\t\t\t\t\t\t\t<\/div> \n\t\t\t\n\t\n\t<br style=\"clear: both\" \/>\n\n\t\n\t\t<!-- Pagination -->\n\t<div class='ngg-clear'><\/div>\t<\/div>\n<\/p>","protected":false},"excerpt":{"rendered":"<p>The Museum of Heidi Horten Collection, Vienna Architects: Marie-Therese Harnoncourt-Fuchs, Ernst J. Fuchs \u2013 the next ENTERprise architects Text: Gy\u00f6rgy Szeg\u0151 Photos: Stefan Ol\u00e1h In the 20 years since the opening of the MuseumsQuartier, Vienna&#8217;s city centre has become an important international stage for modern and contemporary visual arts. In the middle of summer, the [&hellip;]<\/p>\n","protected":false},"author":1,"featured_media":46936,"comment_status":"closed","ping_status":"closed","sticky":false,"template":"","format":"standard","meta":{"ngg_post_thumbnail":0},"categories":[3765,9],"tags":[],"_links":{"self":[{"href":"https:\/\/meonline.hu\/en\/wp-json\/wp\/v2\/posts\/46933"}],"collection":[{"href":"https:\/\/meonline.hu\/en\/wp-json\/wp\/v2\/posts"}],"about":[{"href":"https:\/\/meonline.hu\/en\/wp-json\/wp\/v2\/types\/post"}],"author":[{"embeddable":true,"href":"https:\/\/meonline.hu\/en\/wp-json\/wp\/v2\/users\/1"}],"replies":[{"embeddable":true,"href":"https:\/\/meonline.hu\/en\/wp-json\/wp\/v2\/comments?post=46933"}],"version-history":[{"count":3,"href":"https:\/\/meonline.hu\/en\/wp-json\/wp\/v2\/posts\/46933\/revisions"}],"predecessor-version":[{"id":46944,"href":"https:\/\/meonline.hu\/en\/wp-json\/wp\/v2\/posts\/46933\/revisions\/46944"}],"wp:featuredmedia":[{"embeddable":true,"href":"https:\/\/meonline.hu\/en\/wp-json\/wp\/v2\/media\/46936"}],"wp:attachment":[{"href":"https:\/\/meonline.hu\/en\/wp-json\/wp\/v2\/media?parent=46933"}],"wp:term":[{"taxonomy":"category","embeddable":true,"href":"https:\/\/meonline.hu\/en\/wp-json\/wp\/v2\/categories?post=46933"},{"taxonomy":"post_tag","embeddable":true,"href":"https:\/\/meonline.hu\/en\/wp-json\/wp\/v2\/tags?post=46933"}],"curies":[{"name":"wp","href":"https:\/\/api.w.org\/{rel}","templated":true}]}}