{"id":48041,"date":"2024-01-23T14:42:26","date_gmt":"2024-01-23T13:42:26","guid":{"rendered":"https:\/\/meonline.hu\/?p=48041"},"modified":"2024-01-23T14:42:26","modified_gmt":"2024-01-23T13:42:26","slug":"budapest-150","status":"publish","type":"post","link":"https:\/\/meonline.hu\/en\/utoirat\/budapest-150\/","title":{"rendered":"Budapest Architecture Film Days 2023"},"content":{"rendered":"<p>Text: <strong>M\u00e1ria Tatai<\/strong><br \/>\nPhotos: <strong>Kort\u00e1rs \u00c9p\u00edt\u00e9szeti K\u00f6zpont<\/strong><\/p>\n<p>Organized since 2008, the annual film festival of the Centre for Contemporary Architecture is always a celebration: for a few days you can watch films about architecture and the built environment and meet friends in the bustling Toldi cinema. This year was a double birthday: Budapest is 150 years old and the festival is 15 years old. Traditionally, the topics are wide-ranging, this year with a special focus on urban architecture and urban life. The strict laws of globalism tend to cause similar problems in parts of the world near and far, and it is interesting to see both the devastating consequences and the fine examples. The professional and private discussions after the films provided an opportunity to survey the parallels with Budapest.<br \/>\nMaking a neighbourhood or quarter more liveable is a struggle everywhere. But sometimes it works out: we have seen fine examples in Stockholm and New York City. In An Other City (director: Rasmus W\u00e6rn, 2021), we followed architect Jan Inghe (1944-2005), and in Citizen Jane &#8211; Battle for the City (director: Matt Tyrnauen, 2017), we followed the plans, struggles and achievements of American writer and activist Jane Jacobs. The Pruitt-Igoe Myth (director: Chad Freidrichs, 2011) sheds new light on the story of the infamous American housing project. Life, Assembled (director: \u00c9lodie Degavre, 2022) is a fascinating take on experimental architecture. This year&#8217;s opening film (Best in the World, directed by Hans Cristian Post, 2022) focuses on the model city of Copenhagen, which, while offering an idyllic view of the potentials of urban life, reveals that this &#8220;best place&#8221; is for the wealthy. And Push to Talk (directed by Fredrik Gertten, 2019) specifically addresses the burning issus of housing problems in cities around the world, following the work of UN envoy Leilani Farha.<\/p>\n<p><!-- default-view.php -->\n<div\n\tclass=\"ngg-galleryoverview default-view \"\n\tid=\"ngg-gallery-3dd5feecea628114d5caecf8cc301ee3-1\">\n\n\t\t<!-- Thumbnails -->\n\t\t\t\t<div id=\"ngg-image-0\" class=\"ngg-gallery-thumbnail-box \" >\n\t\t\t\t        <div class=\"ngg-gallery-thumbnail\">\n            <a href=\"https:\/\/meonline.hu\/wp-content\/gallery\/epiteszeti_filmnapok_utoirat_2023_02\/concreteforms09.jpg\"\n               title=\"Concrete forms of Resistance, rendez\u0151: Nick Jordan, 2019\"\n               data-src=\"https:\/\/meonline.hu\/wp-content\/gallery\/epiteszeti_filmnapok_utoirat_2023_02\/concreteforms09.jpg\"\n               data-thumbnail=\"https:\/\/meonline.hu\/wp-content\/gallery\/epiteszeti_filmnapok_utoirat_2023_02\/thumbs\/thumbs_concreteforms09.jpg\"\n               data-image-id=\"10258\"\n               data-title=\"concreteforms09\"\n               data-description=\"Concrete forms of Resistance, rendez\u0151: Nick Jordan, 2019\"\n               data-image-slug=\"concreteforms09\"\n               class=\"ngg-simplelightbox\" rel=\"3dd5feecea628114d5caecf8cc301ee3\">\n                <img\n                    title=\"concreteforms09\"\n                    alt=\"concreteforms09\"\n                    src=\"https:\/\/meonline.hu\/wp-content\/gallery\/epiteszeti_filmnapok_utoirat_2023_02\/thumbs\/thumbs_concreteforms09.jpg\"\n                    width=\"240\"\n                    height=\"160\"\n                    style=\"max-width:100%;\"\n                \/>\n            <\/a>\n        <\/div>\n\t\t\t\t\t\t\t<\/div> \n\t\t\t\n\t\t\t\t<div id=\"ngg-image-1\" class=\"ngg-gallery-thumbnail-box \" >\n\t\t\t\t        <div class=\"ngg-gallery-thumbnail\">\n            <a href=\"https:\/\/meonline.hu\/wp-content\/gallery\/epiteszeti_filmnapok_utoirat_2023_02\/4000px_AirPhoto_Pruitt-IgoeMyth_Credit-USGS.jpg\"\n               title=\"R\u00e9szlet A Pruitt-Igoe m\u00edtosz c. filmb\u0151l (rendez\u0151: Chad Freidrichs, 2011)\"\n               data-src=\"https:\/\/meonline.hu\/wp-content\/gallery\/epiteszeti_filmnapok_utoirat_2023_02\/4000px_AirPhoto_Pruitt-IgoeMyth_Credit-USGS.jpg\"\n               data-thumbnail=\"https:\/\/meonline.hu\/wp-content\/gallery\/epiteszeti_filmnapok_utoirat_2023_02\/thumbs\/thumbs_4000px_AirPhoto_Pruitt-IgoeMyth_Credit-USGS.jpg\"\n               data-image-id=\"10259\"\n               data-title=\"4000px_AirPhoto_Pruitt-IgoeMyth_Credit-USGS\"\n               data-description=\"R\u00e9szlet A Pruitt-Igoe m\u00edtosz c. filmb\u0151l (rendez\u0151: Chad Freidrichs, 2011)\"\n               data-image-slug=\"4000px_airphoto_pruitt-igoemyth_credit-usgs\"\n               class=\"ngg-simplelightbox\" rel=\"3dd5feecea628114d5caecf8cc301ee3\">\n                <img\n                    title=\"4000px_AirPhoto_Pruitt-IgoeMyth_Credit-USGS\"\n                    alt=\"4000px_AirPhoto_Pruitt-IgoeMyth_Credit-USGS\"\n                    src=\"https:\/\/meonline.hu\/wp-content\/gallery\/epiteszeti_filmnapok_utoirat_2023_02\/thumbs\/thumbs_4000px_AirPhoto_Pruitt-IgoeMyth_Credit-USGS.jpg\"\n                    width=\"240\"\n                    height=\"160\"\n                    style=\"max-width:100%;\"\n                \/>\n            <\/a>\n        <\/div>\n\t\t\t\t\t\t\t<\/div> \n\t\t\t\n\t\t\t\t<div id=\"ngg-image-2\" class=\"ngg-gallery-thumbnail-box \" >\n\t\t\t\t        <div class=\"ngg-gallery-thumbnail\">\n            <a href=\"https:\/\/meonline.hu\/wp-content\/gallery\/epiteszeti_filmnapok_utoirat_2023_02\/baff15_1280x720px_an-other-city-04.jpg\"\n               title=\"An Other City, rendez\u0151: Rasmus \nW\u00e6rn, 2021\"\n               data-src=\"https:\/\/meonline.hu\/wp-content\/gallery\/epiteszeti_filmnapok_utoirat_2023_02\/baff15_1280x720px_an-other-city-04.jpg\"\n               data-thumbnail=\"https:\/\/meonline.hu\/wp-content\/gallery\/epiteszeti_filmnapok_utoirat_2023_02\/thumbs\/thumbs_baff15_1280x720px_an-other-city-04.jpg\"\n               data-image-id=\"10260\"\n               data-title=\"baff15_1280x720px_an-other-city-04\"\n               data-description=\"An Other City, rendez\u0151: Rasmus \nW\u00e6rn, 2021\"\n               data-image-slug=\"baff15_1280x720px_an-other-city-04\"\n               class=\"ngg-simplelightbox\" rel=\"3dd5feecea628114d5caecf8cc301ee3\">\n                <img\n                    title=\"baff15_1280x720px_an-other-city-04\"\n                    alt=\"baff15_1280x720px_an-other-city-04\"\n                    src=\"https:\/\/meonline.hu\/wp-content\/gallery\/epiteszeti_filmnapok_utoirat_2023_02\/thumbs\/thumbs_baff15_1280x720px_an-other-city-04.jpg\"\n                    width=\"240\"\n                    height=\"160\"\n                    style=\"max-width:100%;\"\n                \/>\n            <\/a>\n        <\/div>\n\t\t\t\t\t\t\t<\/div> \n\t\t\t\n\t\t\t\t<div id=\"ngg-image-3\" class=\"ngg-gallery-thumbnail-box \" >\n\t\t\t\t        <div class=\"ngg-gallery-thumbnail\">\n            <a href=\"https:\/\/meonline.hu\/wp-content\/gallery\/epiteszeti_filmnapok_utoirat_2023_02\/baff15_1280x720px_bikesvscars_02.png\"\n               title=\"(Bikes vs Cars, rendez\u0151: Fredrik Gertten, 2015\"\n               data-src=\"https:\/\/meonline.hu\/wp-content\/gallery\/epiteszeti_filmnapok_utoirat_2023_02\/baff15_1280x720px_bikesvscars_02.png\"\n               data-thumbnail=\"https:\/\/meonline.hu\/wp-content\/gallery\/epiteszeti_filmnapok_utoirat_2023_02\/thumbs\/thumbs_baff15_1280x720px_bikesvscars_02.png\"\n               data-image-id=\"10261\"\n               data-title=\"baff15_1280x720px_bikesvscars_02\"\n               data-description=\"(Bikes vs Cars, rendez\u0151: Fredrik Gertten, 2015\"\n               data-image-slug=\"baff15_1280x720px_bikesvscars_02\"\n               class=\"ngg-simplelightbox\" rel=\"3dd5feecea628114d5caecf8cc301ee3\">\n                <img\n                    title=\"baff15_1280x720px_bikesvscars_02\"\n                    alt=\"baff15_1280x720px_bikesvscars_02\"\n                    src=\"https:\/\/meonline.hu\/wp-content\/gallery\/epiteszeti_filmnapok_utoirat_2023_02\/thumbs\/thumbs_baff15_1280x720px_bikesvscars_02.png\"\n                    width=\"240\"\n                    height=\"160\"\n                    style=\"max-width:100%;\"\n                \/>\n            <\/a>\n        <\/div>\n\t\t\t\t\t\t\t<\/div> \n\t\t\t\n\t\n\t<br style=\"clear: both\" \/>\n\n\t\n\t\t<!-- Pagination -->\n\t<div class='ngg-clear'><\/div>\t<\/div>\n<\/p>","protected":false},"excerpt":{"rendered":"<p>Text: M\u00e1ria Tatai Photos: Kort\u00e1rs \u00c9p\u00edt\u00e9szeti K\u00f6zpont Organized since 2008, the annual film festival of the Centre for Contemporary Architecture is always a celebration: for a few days you can watch films about architecture and the built environment and meet friends in the bustling Toldi cinema. This year was a double birthday: Budapest is 150 [&hellip;]<\/p>\n","protected":false},"author":1,"featured_media":0,"comment_status":"closed","ping_status":"closed","sticky":false,"template":"","format":"standard","meta":{"ngg_post_thumbnail":0},"categories":[3774,8,3775],"tags":[],"_links":{"self":[{"href":"https:\/\/meonline.hu\/en\/wp-json\/wp\/v2\/posts\/48041"}],"collection":[{"href":"https:\/\/meonline.hu\/en\/wp-json\/wp\/v2\/posts"}],"about":[{"href":"https:\/\/meonline.hu\/en\/wp-json\/wp\/v2\/types\/post"}],"author":[{"embeddable":true,"href":"https:\/\/meonline.hu\/en\/wp-json\/wp\/v2\/users\/1"}],"replies":[{"embeddable":true,"href":"https:\/\/meonline.hu\/en\/wp-json\/wp\/v2\/comments?post=48041"}],"version-history":[{"count":3,"href":"https:\/\/meonline.hu\/en\/wp-json\/wp\/v2\/posts\/48041\/revisions"}],"predecessor-version":[{"id":48050,"href":"https:\/\/meonline.hu\/en\/wp-json\/wp\/v2\/posts\/48041\/revisions\/48050"}],"wp:attachment":[{"href":"https:\/\/meonline.hu\/en\/wp-json\/wp\/v2\/media?parent=48041"}],"wp:term":[{"taxonomy":"category","embeddable":true,"href":"https:\/\/meonline.hu\/en\/wp-json\/wp\/v2\/categories?post=48041"},{"taxonomy":"post_tag","embeddable":true,"href":"https:\/\/meonline.hu\/en\/wp-json\/wp\/v2\/tags?post=48041"}],"curies":[{"name":"wp","href":"https:\/\/api.w.org\/{rel}","templated":true}]}}