{"id":48477,"date":"2024-02-20T16:38:27","date_gmt":"2024-02-20T15:38:27","guid":{"rendered":"https:\/\/meonline.hu\/?p=48477"},"modified":"2024-02-20T16:38:27","modified_gmt":"2024-02-20T15:38:27","slug":"a-mozgas-haza","status":"publish","type":"post","link":"https:\/\/meonline.hu\/en\/aktualis\/tema\/a-mozgas-haza\/","title":{"rendered":"The House of Motion"},"content":{"rendered":"<p><strong>ActiCity, Veszpr\u00e9m<\/strong><\/p>\n<p>Architect: <strong>Anthony Gall<\/strong><br \/>\nText: <strong>J\u00e1nos G\u00e9czi<\/strong><br \/>\nPhotos: <strong>Bal\u00e1zs Danyi<\/strong><\/p>\n<p>The Veszpr\u00e9m-Balaton European Capital of Culture 2023 programme has ambitioned and targeted to revitalise existing, but out-of-use, valuable buildings to serve as venues for both traditional and innovative cultural events. One of these venues is the building in K\u00fcls\u0151-P\u00fcsp\u00f6kkert (\u201eOuter Bishopric Garden\u201d), now a garden formerly functioning as a children&#8217;s shelter and then a hospital, which has now been reborn as ActiCity. This real estate and its garden has always been a place for nice walks, skating, playing tennis and doing other sports and games, and ActiCity, which now provides space and facilities for a new range of popular leisure activities is actually a continuation of these traditions. This concept was represented by L\u00e1szl\u00f3 B\u00e9lafi who was joined by architects Anthony Gall, Lili Vass and Eszter Gall. The children&#8217;s hospital building was rebuilt almost intact on the exterior, with a glass-clad wing added to the northern side to house dance studios, a restaurant, a reception area and associated ancillary spaces. This old-and-new building, beautifully finished in every single detail, is solid and functional, well-equipped and can accommodate dozens of 60 to 100 m2 rooms for groups of various types of movement (such as dance, yoga, self-defence sports). The adjacent former laundry building can be accessed via a suspended corridor. The building itself has the largest and most modern event hall in the city, with rooms suited to host minor meetings, receptions and training facilities.<\/p>\n<p>General planning: <strong>Gall and Partners<\/strong><br \/>\nLeading architect: <strong>Anthony Gall<\/strong><br \/>\nArchitects: <strong>L\u00e1szl\u00f3 B\u00e9lafi, Eszter Gall, Lili Kov\u00e1cs<\/strong><br \/>\nInteriors: <strong>Eszter Gall<\/strong><br \/>\nStructure: <strong>Istv\u00e1n Zalav\u00e1ri, J\u00f3zsef Sip\u0151cz, Veronika Szentes \u2013 I-Quadrat Ltd.<\/strong><br \/>\nHVAC: <strong>L\u00e1szl\u00f3 Petrika, Gy\u00f6rgy Hajd\u00fa<\/strong><br \/>\nElectrical engineering:<strong> Andr\u00e1s Pet\u00e1k, Zolt\u00e1n Szurmai<\/strong><br \/>\nPublic utilities: <strong>Zolt\u00e1n Szurmai, P\u00e9ter Petrovai<\/strong><br \/>\nFire protection:<strong> Zsolt Farkas<\/strong><br \/>\nRehabilitation: <strong>\u00c1gota Ruttkay, Anita Fodor<\/strong><br \/>\nLandscape: <strong>Veronika P\u00e1pai, Vikt\u00f3ria Morgan, Apolka Szabados<\/strong><\/p>\n<p><!-- default-view.php -->\n<div\n\tclass=\"ngg-galleryoverview default-view \"\n\tid=\"ngg-gallery-53905cf5e4a866f0d19a000618088259-1\">\n\n\t\t<!-- Thumbnails -->\n\t\t\t\t<div id=\"ngg-image-0\" class=\"ngg-gallery-thumbnail-box \" >\n\t\t\t\t        <div class=\"ngg-gallery-thumbnail\">\n            <a href=\"https:\/\/meonline.hu\/wp-content\/gallery\/acticity_veszprem_2023_3\/1.png\"\n               title=\"Fot\u00f3: Danyi Bal\u00e1zs\"\n               data-src=\"https:\/\/meonline.hu\/wp-content\/gallery\/acticity_veszprem_2023_3\/1.png\"\n               data-thumbnail=\"https:\/\/meonline.hu\/wp-content\/gallery\/acticity_veszprem_2023_3\/thumbs\/thumbs_1.png\"\n               data-image-id=\"10430\"\n               data-title=\"1\"\n               data-description=\"Fot\u00f3: Danyi Bal\u00e1zs\"\n               data-image-slug=\"1-1826\"\n               class=\"ngg-simplelightbox\" rel=\"53905cf5e4a866f0d19a000618088259\">\n                <img\n                    title=\"1\"\n                    alt=\"1\"\n                    src=\"https:\/\/meonline.hu\/wp-content\/gallery\/acticity_veszprem_2023_3\/thumbs\/thumbs_1.png\"\n                    width=\"240\"\n                    height=\"160\"\n                    style=\"max-width:100%;\"\n                \/>\n            <\/a>\n        <\/div>\n\t\t\t\t\t\t\t<\/div> \n\t\t\t\n\t\t\t\t<div id=\"ngg-image-1\" class=\"ngg-gallery-thumbnail-box \" >\n\t\t\t\t        <div class=\"ngg-gallery-thumbnail\">\n            <a href=\"https:\/\/meonline.hu\/wp-content\/gallery\/acticity_veszprem_2023_3\/2.png\"\n               title=\"Fot\u00f3: Danyi Bal\u00e1zs\"\n               data-src=\"https:\/\/meonline.hu\/wp-content\/gallery\/acticity_veszprem_2023_3\/2.png\"\n               data-thumbnail=\"https:\/\/meonline.hu\/wp-content\/gallery\/acticity_veszprem_2023_3\/thumbs\/thumbs_2.png\"\n               data-image-id=\"10431\"\n               data-title=\"2\"\n               data-description=\"Fot\u00f3: Danyi Bal\u00e1zs\"\n               data-image-slug=\"2-177\"\n               class=\"ngg-simplelightbox\" rel=\"53905cf5e4a866f0d19a000618088259\">\n                <img\n                    title=\"2\"\n                    alt=\"2\"\n                    src=\"https:\/\/meonline.hu\/wp-content\/gallery\/acticity_veszprem_2023_3\/thumbs\/thumbs_2.png\"\n                    width=\"240\"\n                    height=\"160\"\n                    style=\"max-width:100%;\"\n                \/>\n            <\/a>\n        <\/div>\n\t\t\t\t\t\t\t<\/div> \n\t\t\t\n\t\t\t\t<div id=\"ngg-image-2\" class=\"ngg-gallery-thumbnail-box \" >\n\t\t\t\t        <div class=\"ngg-gallery-thumbnail\">\n            <a href=\"https:\/\/meonline.hu\/wp-content\/gallery\/acticity_veszprem_2023_3\/3.png\"\n               title=\"Fot\u00f3: Danyi Bal\u00e1zs\"\n               data-src=\"https:\/\/meonline.hu\/wp-content\/gallery\/acticity_veszprem_2023_3\/3.png\"\n               data-thumbnail=\"https:\/\/meonline.hu\/wp-content\/gallery\/acticity_veszprem_2023_3\/thumbs\/thumbs_3.png\"\n               data-image-id=\"10429\"\n               data-title=\"3\"\n               data-description=\"Fot\u00f3: Danyi Bal\u00e1zs\"\n               data-image-slug=\"3-175\"\n               class=\"ngg-simplelightbox\" rel=\"53905cf5e4a866f0d19a000618088259\">\n                <img\n                    title=\"3\"\n                    alt=\"3\"\n                    src=\"https:\/\/meonline.hu\/wp-content\/gallery\/acticity_veszprem_2023_3\/thumbs\/thumbs_3.png\"\n                    width=\"240\"\n                    height=\"160\"\n                    style=\"max-width:100%;\"\n                \/>\n            <\/a>\n        <\/div>\n\t\t\t\t\t\t\t<\/div> \n\t\t\t\n\t\t\t\t<div id=\"ngg-image-3\" class=\"ngg-gallery-thumbnail-box \" >\n\t\t\t\t        <div class=\"ngg-gallery-thumbnail\">\n            <a href=\"https:\/\/meonline.hu\/wp-content\/gallery\/acticity_veszprem_2023_3\/4.png\"\n               title=\"Fot\u00f3: Danyi Bal\u00e1zs\"\n               data-src=\"https:\/\/meonline.hu\/wp-content\/gallery\/acticity_veszprem_2023_3\/4.png\"\n               data-thumbnail=\"https:\/\/meonline.hu\/wp-content\/gallery\/acticity_veszprem_2023_3\/thumbs\/thumbs_4.png\"\n               data-image-id=\"10428\"\n               data-title=\"4\"\n               data-description=\"Fot\u00f3: Danyi Bal\u00e1zs\"\n               data-image-slug=\"4-141\"\n               class=\"ngg-simplelightbox\" rel=\"53905cf5e4a866f0d19a000618088259\">\n                <img\n                    title=\"4\"\n                    alt=\"4\"\n                    src=\"https:\/\/meonline.hu\/wp-content\/gallery\/acticity_veszprem_2023_3\/thumbs\/thumbs_4.png\"\n                    width=\"240\"\n                    height=\"160\"\n                    style=\"max-width:100%;\"\n                \/>\n            <\/a>\n        <\/div>\n\t\t\t\t\t\t\t<\/div> \n\t\t\t\n\t\t\t\t<div id=\"ngg-image-4\" class=\"ngg-gallery-thumbnail-box \" >\n\t\t\t\t        <div class=\"ngg-gallery-thumbnail\">\n            <a href=\"https:\/\/meonline.hu\/wp-content\/gallery\/acticity_veszprem_2023_3\/fsz_alaprajz.jpg\"\n               title=\"alaprajz\"\n               data-src=\"https:\/\/meonline.hu\/wp-content\/gallery\/acticity_veszprem_2023_3\/fsz_alaprajz.jpg\"\n               data-thumbnail=\"https:\/\/meonline.hu\/wp-content\/gallery\/acticity_veszprem_2023_3\/thumbs\/thumbs_fsz_alaprajz.jpg\"\n               data-image-id=\"10432\"\n               data-title=\"fsz_alaprajz\"\n               data-description=\"alaprajz\"\n               data-image-slug=\"fsz_alaprajz-1\"\n               class=\"ngg-simplelightbox\" rel=\"53905cf5e4a866f0d19a000618088259\">\n                <img\n                    title=\"fsz_alaprajz\"\n                    alt=\"fsz_alaprajz\"\n                    src=\"https:\/\/meonline.hu\/wp-content\/gallery\/acticity_veszprem_2023_3\/thumbs\/thumbs_fsz_alaprajz.jpg\"\n                    width=\"240\"\n                    height=\"160\"\n                    style=\"max-width:100%;\"\n                \/>\n            <\/a>\n        <\/div>\n\t\t\t\t\t\t\t<\/div> \n\t\t\t\n\t\t\t\t<div id=\"ngg-image-5\" class=\"ngg-gallery-thumbnail-box \" >\n\t\t\t\t        <div class=\"ngg-gallery-thumbnail\">\n            <a href=\"https:\/\/meonline.hu\/wp-content\/gallery\/acticity_veszprem_2023_3\/metszet.jpg\"\n               title=\"metszet\"\n               data-src=\"https:\/\/meonline.hu\/wp-content\/gallery\/acticity_veszprem_2023_3\/metszet.jpg\"\n               data-thumbnail=\"https:\/\/meonline.hu\/wp-content\/gallery\/acticity_veszprem_2023_3\/thumbs\/thumbs_metszet.jpg\"\n               data-image-id=\"10427\"\n               data-title=\"metszet\"\n               data-description=\"metszet\"\n               data-image-slug=\"metszet-57\"\n               class=\"ngg-simplelightbox\" rel=\"53905cf5e4a866f0d19a000618088259\">\n                <img\n                    title=\"metszet\"\n                    alt=\"metszet\"\n                    src=\"https:\/\/meonline.hu\/wp-content\/gallery\/acticity_veszprem_2023_3\/thumbs\/thumbs_metszet.jpg\"\n                    width=\"240\"\n                    height=\"160\"\n                    style=\"max-width:100%;\"\n                \/>\n            <\/a>\n        <\/div>\n\t\t\t\t\t\t\t<\/div> \n\t\t\t\n\t\n\t<br style=\"clear: both\" \/>\n\n\t\n\t\t<!-- Pagination -->\n\t<div class='ngg-clear'><\/div>\t<\/div>\n<\/p>","protected":false},"excerpt":{"rendered":"<p>ActiCity, Veszpr\u00e9m Architect: Anthony Gall Text: J\u00e1nos G\u00e9czi Photos: Bal\u00e1zs Danyi The Veszpr\u00e9m-Balaton European Capital of Culture 2023 programme has ambitioned and targeted to revitalise existing, but out-of-use, valuable buildings to serve as venues for both traditional and innovative cultural events. One of these venues is the building in K\u00fcls\u0151-P\u00fcsp\u00f6kkert (\u201eOuter Bishopric Garden\u201d), now a [&hellip;]<\/p>\n","protected":false},"author":1,"featured_media":48481,"comment_status":"closed","ping_status":"closed","sticky":false,"template":"","format":"standard","meta":{"ngg_post_thumbnail":0},"categories":[3780,9],"tags":[],"_links":{"self":[{"href":"https:\/\/meonline.hu\/en\/wp-json\/wp\/v2\/posts\/48477"}],"collection":[{"href":"https:\/\/meonline.hu\/en\/wp-json\/wp\/v2\/posts"}],"about":[{"href":"https:\/\/meonline.hu\/en\/wp-json\/wp\/v2\/types\/post"}],"author":[{"embeddable":true,"href":"https:\/\/meonline.hu\/en\/wp-json\/wp\/v2\/users\/1"}],"replies":[{"embeddable":true,"href":"https:\/\/meonline.hu\/en\/wp-json\/wp\/v2\/comments?post=48477"}],"version-history":[{"count":5,"href":"https:\/\/meonline.hu\/en\/wp-json\/wp\/v2\/posts\/48477\/revisions"}],"predecessor-version":[{"id":48498,"href":"https:\/\/meonline.hu\/en\/wp-json\/wp\/v2\/posts\/48477\/revisions\/48498"}],"wp:featuredmedia":[{"embeddable":true,"href":"https:\/\/meonline.hu\/en\/wp-json\/wp\/v2\/media\/48481"}],"wp:attachment":[{"href":"https:\/\/meonline.hu\/en\/wp-json\/wp\/v2\/media?parent=48477"}],"wp:term":[{"taxonomy":"category","embeddable":true,"href":"https:\/\/meonline.hu\/en\/wp-json\/wp\/v2\/categories?post=48477"},{"taxonomy":"post_tag","embeddable":true,"href":"https:\/\/meonline.hu\/en\/wp-json\/wp\/v2\/tags?post=48477"}],"curies":[{"name":"wp","href":"https:\/\/api.w.org\/{rel}","templated":true}]}}