{"id":49179,"date":"2024-10-27T17:57:58","date_gmt":"2024-10-27T16:57:58","guid":{"rendered":"https:\/\/meonline.hu\/?p=49179"},"modified":"2024-10-27T17:57:58","modified_gmt":"2024-10-27T16:57:58","slug":"erto-kezzel-ujraformalva","status":"publish","type":"post","link":"https:\/\/meonline.hu\/en\/aktualis\/tema\/erto-kezzel-ujraformalva\/","title":{"rendered":"Renewed with Expert Hands"},"content":{"rendered":"<p><strong>Extension and Renovation of Lajos L\u00f3czy Grammar-School, Balatonf\u00fcred<\/strong><\/p>\n<p>Architect: <strong>Tam\u00e1s Varga<\/strong><br \/>\nText: <strong>Tam\u00e1s Ulrich<\/strong><br \/>\nPhotos: <strong>Antal Szentendrei<\/strong><\/p>\n<p>In 1960, architect Istv\u00e1n M\u00e1rton built the 8-classroom, atrium gymnasium as his very first independent work of architecture, the designer of which was awarded the Ybl Prize in 1965. Nearly three generations is a very long time in the history of a building. As a result, the reorganisation of secondary education and changes to more modern pedagogical and teaching methods and conditions made it necessary to renovate the existing building complex. The design and refurbishment of the structure has resulted in a modern educational facility adapted to the pedagogical programme of the secondary school, providing teachers with the appropriate conditions to carry out their work and thus 450 students from a large catchment area van study efficiently. The designer of the current renovation, refurbishment and energywise modernisation is Tam\u00e1s Varga, who has designed several public buildings in F\u00fcred. The entire fa\u00e7ade of the high school building has been changed considerably since the reconstruction project, lending it the impression of a modern building, but its appearance and colour scheme has not changed the townscape of the surrounding area of F\u00fcred, which had been established many years ago, nor the memories of the former students of the building and the residents of the town. Significant internal and functional changes to the existing building, including the reconfiguration of the rooms, are also reflected in the fa\u00e7ades. The result is a perfect example of how a building does not necessarily have to be demolished just because it has been 60 years in the making: it can be transformed to meet the needs and aesthetic requirements of the present.<\/p>\n<p>Leading architect: <strong>Tam\u00e1s Varga DLA \u2013 V. T. Arch Kft.<\/strong><br \/>\nFellow architect: <strong>Luca Varga<\/strong><br \/>\nStructure: <strong>Dezs\u0151 Hegyi Dr. \u2013 Nyom\u00e1svonal Ltd.<\/strong><br \/>\nHVAC: <strong>Andr\u00e1s Bokor \u2013 VIZATERV<\/strong><br \/>\nElectrical engineering: <strong>Judit Bal\u00e1zs \u2013 Artvill<\/strong><br \/>\nKitchen technology: <strong>J\u00f3zsefn\u00e9 Nagy Dr<\/strong><br \/>\nFire protection: <strong>Andr\u00e1s Sz\u00e9k\u00e1cs \u2013 Antilla Ltd.<\/strong><br \/>\nClient: <strong>Municipality of Balatonf\u00fcred<\/strong><br \/>\nManagement: <strong>National Sports Centre<\/strong><br \/>\nMain contractor: <strong>Vem\u00e9vszer<\/strong><\/p>\n<p><!-- default-view.php -->\n<div\n\tclass=\"ngg-galleryoverview default-view \"\n\tid=\"ngg-gallery-f81ba955aa777ced2562fccc8b65ffff-1\">\n\n\t\t<!-- Thumbnails -->\n\t\t\t\t<div id=\"ngg-image-0\" class=\"ngg-gallery-thumbnail-box \" >\n\t\t\t\t        <div class=\"ngg-gallery-thumbnail\">\n            <a href=\"https:\/\/meonline.hu\/wp-content\/gallery\/loczy_balatonfured_2023_05\/1.png\"\n               title=\"Fot\u00f3: Szentendrei Antal\"\n               data-src=\"https:\/\/meonline.hu\/wp-content\/gallery\/loczy_balatonfured_2023_05\/1.png\"\n               data-thumbnail=\"https:\/\/meonline.hu\/wp-content\/gallery\/loczy_balatonfured_2023_05\/thumbs\/thumbs_1.png\"\n               data-image-id=\"10644\"\n               data-title=\"1\"\n               data-description=\"Fot\u00f3: Szentendrei Antal\"\n               data-image-slug=\"1-1855\"\n               class=\"ngg-simplelightbox\" rel=\"f81ba955aa777ced2562fccc8b65ffff\">\n                <img\n                    title=\"1\"\n                    alt=\"1\"\n                    src=\"https:\/\/meonline.hu\/wp-content\/gallery\/loczy_balatonfured_2023_05\/thumbs\/thumbs_1.png\"\n                    width=\"240\"\n                    height=\"160\"\n                    style=\"max-width:100%;\"\n                \/>\n            <\/a>\n        <\/div>\n\t\t\t\t\t\t\t<\/div> \n\t\t\t\n\t\t\t\t<div id=\"ngg-image-1\" class=\"ngg-gallery-thumbnail-box \" >\n\t\t\t\t        <div class=\"ngg-gallery-thumbnail\">\n            <a href=\"https:\/\/meonline.hu\/wp-content\/gallery\/loczy_balatonfured_2023_05\/2.png\"\n               title=\"Fot\u00f3: Szentendrei Antal\"\n               data-src=\"https:\/\/meonline.hu\/wp-content\/gallery\/loczy_balatonfured_2023_05\/2.png\"\n               data-thumbnail=\"https:\/\/meonline.hu\/wp-content\/gallery\/loczy_balatonfured_2023_05\/thumbs\/thumbs_2.png\"\n               data-image-id=\"10646\"\n               data-title=\"2\"\n               data-description=\"Fot\u00f3: Szentendrei Antal\"\n               data-image-slug=\"2-202\"\n               class=\"ngg-simplelightbox\" rel=\"f81ba955aa777ced2562fccc8b65ffff\">\n                <img\n                    title=\"2\"\n                    alt=\"2\"\n                    src=\"https:\/\/meonline.hu\/wp-content\/gallery\/loczy_balatonfured_2023_05\/thumbs\/thumbs_2.png\"\n                    width=\"240\"\n                    height=\"160\"\n                    style=\"max-width:100%;\"\n                \/>\n            <\/a>\n        <\/div>\n\t\t\t\t\t\t\t<\/div> \n\t\t\t\n\t\t\t\t<div id=\"ngg-image-2\" class=\"ngg-gallery-thumbnail-box \" >\n\t\t\t\t        <div class=\"ngg-gallery-thumbnail\">\n            <a href=\"https:\/\/meonline.hu\/wp-content\/gallery\/loczy_balatonfured_2023_05\/3.png\"\n               title=\"Fot\u00f3: Szentendrei Antal\"\n               data-src=\"https:\/\/meonline.hu\/wp-content\/gallery\/loczy_balatonfured_2023_05\/3.png\"\n               data-thumbnail=\"https:\/\/meonline.hu\/wp-content\/gallery\/loczy_balatonfured_2023_05\/thumbs\/thumbs_3.png\"\n               data-image-id=\"10645\"\n               data-title=\"3\"\n               data-description=\"Fot\u00f3: Szentendrei Antal\"\n               data-image-slug=\"3-202\"\n               class=\"ngg-simplelightbox\" rel=\"f81ba955aa777ced2562fccc8b65ffff\">\n                <img\n                    title=\"3\"\n                    alt=\"3\"\n                    src=\"https:\/\/meonline.hu\/wp-content\/gallery\/loczy_balatonfured_2023_05\/thumbs\/thumbs_3.png\"\n                    width=\"240\"\n                    height=\"160\"\n                    style=\"max-width:100%;\"\n                \/>\n            <\/a>\n        <\/div>\n\t\t\t\t\t\t\t<\/div> \n\t\t\t\n\t\t\t\t<div id=\"ngg-image-3\" class=\"ngg-gallery-thumbnail-box \" >\n\t\t\t\t        <div class=\"ngg-gallery-thumbnail\">\n            <a href=\"https:\/\/meonline.hu\/wp-content\/gallery\/loczy_balatonfured_2023_05\/4.png\"\n               title=\"Fot\u00f3: Szentendrei Antal\"\n               data-src=\"https:\/\/meonline.hu\/wp-content\/gallery\/loczy_balatonfured_2023_05\/4.png\"\n               data-thumbnail=\"https:\/\/meonline.hu\/wp-content\/gallery\/loczy_balatonfured_2023_05\/thumbs\/thumbs_4.png\"\n               data-image-id=\"10643\"\n               data-title=\"4\"\n               data-description=\"Fot\u00f3: Szentendrei Antal\"\n               data-image-slug=\"4-155\"\n               class=\"ngg-simplelightbox\" rel=\"f81ba955aa777ced2562fccc8b65ffff\">\n                <img\n                    title=\"4\"\n                    alt=\"4\"\n                    src=\"https:\/\/meonline.hu\/wp-content\/gallery\/loczy_balatonfured_2023_05\/thumbs\/thumbs_4.png\"\n                    width=\"240\"\n                    height=\"160\"\n                    style=\"max-width:100%;\"\n                \/>\n            <\/a>\n        <\/div>\n\t\t\t\t\t\t\t<\/div> \n\t\t\t\n\t\t\t\t<div id=\"ngg-image-4\" class=\"ngg-gallery-thumbnail-box \" >\n\t\t\t\t        <div class=\"ngg-gallery-thumbnail\">\n            <a href=\"https:\/\/meonline.hu\/wp-content\/gallery\/loczy_balatonfured_2023_05\/alaprajz.png\"\n               title=\"alaprajz\"\n               data-src=\"https:\/\/meonline.hu\/wp-content\/gallery\/loczy_balatonfured_2023_05\/alaprajz.png\"\n               data-thumbnail=\"https:\/\/meonline.hu\/wp-content\/gallery\/loczy_balatonfured_2023_05\/thumbs\/thumbs_alaprajz.png\"\n               data-image-id=\"10641\"\n               data-title=\"alaprajz\"\n               data-description=\"alaprajz\"\n               data-image-slug=\"alaprajz-65\"\n               class=\"ngg-simplelightbox\" rel=\"f81ba955aa777ced2562fccc8b65ffff\">\n                <img\n                    title=\"alaprajz\"\n                    alt=\"alaprajz\"\n                    src=\"https:\/\/meonline.hu\/wp-content\/gallery\/loczy_balatonfured_2023_05\/thumbs\/thumbs_alaprajz.png\"\n                    width=\"240\"\n                    height=\"160\"\n                    style=\"max-width:100%;\"\n                \/>\n            <\/a>\n        <\/div>\n\t\t\t\t\t\t\t<\/div> \n\t\t\t\n\t\t\t\t<div id=\"ngg-image-5\" class=\"ngg-gallery-thumbnail-box \" >\n\t\t\t\t        <div class=\"ngg-gallery-thumbnail\">\n            <a href=\"https:\/\/meonline.hu\/wp-content\/gallery\/loczy_balatonfured_2023_05\/metszet.png\"\n               title=\"metszet\"\n               data-src=\"https:\/\/meonline.hu\/wp-content\/gallery\/loczy_balatonfured_2023_05\/metszet.png\"\n               data-thumbnail=\"https:\/\/meonline.hu\/wp-content\/gallery\/loczy_balatonfured_2023_05\/thumbs\/thumbs_metszet.png\"\n               data-image-id=\"10642\"\n               data-title=\"metszet\"\n               data-description=\"metszet\"\n               data-image-slug=\"metszet-67\"\n               class=\"ngg-simplelightbox\" rel=\"f81ba955aa777ced2562fccc8b65ffff\">\n                <img\n                    title=\"metszet\"\n                    alt=\"metszet\"\n                    src=\"https:\/\/meonline.hu\/wp-content\/gallery\/loczy_balatonfured_2023_05\/thumbs\/thumbs_metszet.png\"\n                    width=\"240\"\n                    height=\"132\"\n                    style=\"max-width:100%;\"\n                \/>\n            <\/a>\n        <\/div>\n\t\t\t\t\t\t\t<\/div> \n\t\t\t\n\t\n\t<br style=\"clear: both\" \/>\n\n\t\n\t\t<!-- Pagination -->\n\t<div class='ngg-clear'><\/div>\t<\/div>\n<\/p>","protected":false},"excerpt":{"rendered":"<p>Extension and Renovation of Lajos L\u00f3czy Grammar-School, Balatonf\u00fcred Architect: Tam\u00e1s Varga Text: Tam\u00e1s Ulrich Photos: Antal Szentendrei In 1960, architect Istv\u00e1n M\u00e1rton built the 8-classroom, atrium gymnasium as his very first independent work of architecture, the designer of which was awarded the Ybl Prize in 1965. Nearly three generations is a very long time in [&hellip;]<\/p>\n","protected":false},"author":1,"featured_media":49181,"comment_status":"closed","ping_status":"closed","sticky":false,"template":"","format":"standard","meta":{"ngg_post_thumbnail":0},"categories":[3789,9],"tags":[],"_links":{"self":[{"href":"https:\/\/meonline.hu\/en\/wp-json\/wp\/v2\/posts\/49179"}],"collection":[{"href":"https:\/\/meonline.hu\/en\/wp-json\/wp\/v2\/posts"}],"about":[{"href":"https:\/\/meonline.hu\/en\/wp-json\/wp\/v2\/types\/post"}],"author":[{"embeddable":true,"href":"https:\/\/meonline.hu\/en\/wp-json\/wp\/v2\/users\/1"}],"replies":[{"embeddable":true,"href":"https:\/\/meonline.hu\/en\/wp-json\/wp\/v2\/comments?post=49179"}],"version-history":[{"count":3,"href":"https:\/\/meonline.hu\/en\/wp-json\/wp\/v2\/posts\/49179\/revisions"}],"predecessor-version":[{"id":49190,"href":"https:\/\/meonline.hu\/en\/wp-json\/wp\/v2\/posts\/49179\/revisions\/49190"}],"wp:featuredmedia":[{"embeddable":true,"href":"https:\/\/meonline.hu\/en\/wp-json\/wp\/v2\/media\/49181"}],"wp:attachment":[{"href":"https:\/\/meonline.hu\/en\/wp-json\/wp\/v2\/media?parent=49179"}],"wp:term":[{"taxonomy":"category","embeddable":true,"href":"https:\/\/meonline.hu\/en\/wp-json\/wp\/v2\/categories?post=49179"},{"taxonomy":"post_tag","embeddable":true,"href":"https:\/\/meonline.hu\/en\/wp-json\/wp\/v2\/tags?post=49179"}],"curies":[{"name":"wp","href":"https:\/\/api.w.org\/{rel}","templated":true}]}}