{"id":50513,"date":"2025-06-08T15:38:13","date_gmt":"2025-06-08T13:38:13","guid":{"rendered":"https:\/\/meonline.hu\/?p=50513"},"modified":"2025-06-08T15:38:13","modified_gmt":"2025-06-08T13:38:13","slug":"kontrasztok","status":"publish","type":"post","link":"https:\/\/meonline.hu\/en\/aktualis\/tema\/kontrasztok\/","title":{"rendered":"Contrasts"},"content":{"rendered":"<p><strong>K\u00e1roly K\u00f3s Vocational School, \u00c9rd<\/strong><\/p>\n<p>Architects: <strong>Katalin Csillag, Zsolt Gunther<\/strong><br \/>\nText: <strong>Tam\u00e1s Kiss<\/strong><br \/>\nPhotos: <strong>Bal\u00e1zs Danyi<\/strong><\/p>\n<p>It has been 18 months since our report on the first stage of the expansion project of K\u00f3s K\u00e1roly Vocational School in \u00c9rd, and now the entire complex has been completed. Taking advantage of the features of the sloping site, the new units, which complement the simple, brick-clad, L-shaped, flat-roofed structure built in the early 1970s, are structured in parallel blocks that cut into the topography, partly below the former ground surface. The intelligent use of terracing thus ensures the overall harmony of the whole complex with its surroundings, and also gives an impression of terraced articulation to its immediate context. The new building volume is clad in the strongly rustic, grey-coloured metallic lamella cladding already familiar from the previous batch. An important part of the whole complex is the bridge-like section that connects the buildings of the two stages, which houses the library. Opposite the entrance there is a spacious roof terrace, which opens onto an intimate, transitional space.<\/p>\n<p>Client:<strong> Municipality of \u00c9rd<\/strong><br \/>\nLead architects: <strong>Katalin Csillag, Zsolt Gunther<\/strong><br \/>\nProject architect:<strong> \u00c1d\u00e1m Farkas<\/strong><br \/>\nFellow architects: <strong>Dorottya Garay-Kiss, Veronika Nov\u00e1k, J\u00falia Boromissza, Tam\u00e1s Cs\u00e9pke, Anna S\u00e1ra Kiss, Sarolta Rab, Petra Rem\u00e9nyi, Krisztina Tari, Tommaso Laezza<\/strong><br \/>\nStructure: <strong>Bal\u00e1zs Pusk\u00e1s \u2013 Terraplan\u201997 Engineering<\/strong><br \/>\nHVAC: <strong>Zolt\u00e1n Gr\u00f3za \u2013 K\u00f6r\u00f6s Consult<\/strong><br \/>\nPublic utilities: <strong>Etele Nagy \u2013 K\u00f6r\u00f6s Consult<\/strong><br \/>\nElectrical engineering: <strong>Ferenc Kelemen \u2013 Kelevill-FZ<\/strong><br \/>\nFire protection: <strong>Bendeg\u00faz Csuba \u2013 OPTOMM Engineering<\/strong><br \/>\nLandscape: <strong>Enik\u0151 Kap\u00e1s \u2013 Departer<\/strong><br \/>\nEnvironment protection:<strong> Ervin Kan\u00e1sz-Szab\u00f3 \u2013 Akusztika Engineering<\/strong><br \/>\nAcoustics: <strong>\u00c9va Borsin\u00e9 Arat\u00f3 \u2013 Arat\u00f3 Acoustics<\/strong><br \/>\nRoads, traffic: <strong>Mikl\u00f3s Wettstein \u2013 Wettstein &amp; Co.<\/strong><br \/>\nKitchen technology: <strong>Piroska Kaszab \u2013 Kende Gastro<\/strong><br \/>\nSports technology:<strong> Mih\u00e1ly Budai<\/strong><\/p>\n<p>&nbsp;<!-- default-view.php -->\n<div\n\tclass=\"ngg-galleryoverview default-view \"\n\tid=\"ngg-gallery-ac5de13927966319a1c4f9d10276ed16-1\">\n\n\t\t<!-- Thumbnails -->\n\t\t\t\t<div id=\"ngg-image-0\" class=\"ngg-gallery-thumbnail-box \" >\n\t\t\t\t        <div class=\"ngg-gallery-thumbnail\">\n            <a href=\"https:\/\/meonline.hu\/wp-content\/gallery\/erd_kos_karoly_iskola_2024_04\/1.png\"\n               title=\"Fot\u00f3: Danyi Bal\u00e1zs\"\n               data-src=\"https:\/\/meonline.hu\/wp-content\/gallery\/erd_kos_karoly_iskola_2024_04\/1.png\"\n               data-thumbnail=\"https:\/\/meonline.hu\/wp-content\/gallery\/erd_kos_karoly_iskola_2024_04\/thumbs\/thumbs_1.png\"\n               data-image-id=\"11056\"\n               data-title=\"1\"\n               data-description=\"Fot\u00f3: Danyi Bal\u00e1zs\"\n               data-image-slug=\"1-1936\"\n               class=\"ngg-simplelightbox\" rel=\"ac5de13927966319a1c4f9d10276ed16\">\n                <img\n                    title=\"1\"\n                    alt=\"1\"\n                    src=\"https:\/\/meonline.hu\/wp-content\/gallery\/erd_kos_karoly_iskola_2024_04\/thumbs\/thumbs_1.png\"\n                    width=\"240\"\n                    height=\"160\"\n                    style=\"max-width:100%;\"\n                \/>\n            <\/a>\n        <\/div>\n\t\t\t\t\t\t\t<\/div> \n\t\t\t\n\t\t\t\t<div id=\"ngg-image-1\" class=\"ngg-gallery-thumbnail-box \" >\n\t\t\t\t        <div class=\"ngg-gallery-thumbnail\">\n            <a href=\"https:\/\/meonline.hu\/wp-content\/gallery\/erd_kos_karoly_iskola_2024_04\/2.png\"\n               title=\"Fot\u00f3: Danyi Bal\u00e1zs\"\n               data-src=\"https:\/\/meonline.hu\/wp-content\/gallery\/erd_kos_karoly_iskola_2024_04\/2.png\"\n               data-thumbnail=\"https:\/\/meonline.hu\/wp-content\/gallery\/erd_kos_karoly_iskola_2024_04\/thumbs\/thumbs_2.png\"\n               data-image-id=\"11057\"\n               data-title=\"2\"\n               data-description=\"Fot\u00f3: Danyi Bal\u00e1zs\"\n               data-image-slug=\"2-285\"\n               class=\"ngg-simplelightbox\" rel=\"ac5de13927966319a1c4f9d10276ed16\">\n                <img\n                    title=\"2\"\n                    alt=\"2\"\n                    src=\"https:\/\/meonline.hu\/wp-content\/gallery\/erd_kos_karoly_iskola_2024_04\/thumbs\/thumbs_2.png\"\n                    width=\"240\"\n                    height=\"160\"\n                    style=\"max-width:100%;\"\n                \/>\n            <\/a>\n        <\/div>\n\t\t\t\t\t\t\t<\/div> \n\t\t\t\n\t\t\t\t<div id=\"ngg-image-2\" class=\"ngg-gallery-thumbnail-box \" >\n\t\t\t\t        <div class=\"ngg-gallery-thumbnail\">\n            <a href=\"https:\/\/meonline.hu\/wp-content\/gallery\/erd_kos_karoly_iskola_2024_04\/3.png\"\n               title=\"Fot\u00f3: Danyi Bal\u00e1zs\"\n               data-src=\"https:\/\/meonline.hu\/wp-content\/gallery\/erd_kos_karoly_iskola_2024_04\/3.png\"\n               data-thumbnail=\"https:\/\/meonline.hu\/wp-content\/gallery\/erd_kos_karoly_iskola_2024_04\/thumbs\/thumbs_3.png\"\n               data-image-id=\"11058\"\n               data-title=\"3\"\n               data-description=\"Fot\u00f3: Danyi Bal\u00e1zs\"\n               data-image-slug=\"3-276\"\n               class=\"ngg-simplelightbox\" rel=\"ac5de13927966319a1c4f9d10276ed16\">\n                <img\n                    title=\"3\"\n                    alt=\"3\"\n                    src=\"https:\/\/meonline.hu\/wp-content\/gallery\/erd_kos_karoly_iskola_2024_04\/thumbs\/thumbs_3.png\"\n                    width=\"240\"\n                    height=\"160\"\n                    style=\"max-width:100%;\"\n                \/>\n            <\/a>\n        <\/div>\n\t\t\t\t\t\t\t<\/div> \n\t\t\t\n\t\t\t\t<div id=\"ngg-image-3\" class=\"ngg-gallery-thumbnail-box \" >\n\t\t\t\t        <div class=\"ngg-gallery-thumbnail\">\n            <a href=\"https:\/\/meonline.hu\/wp-content\/gallery\/erd_kos_karoly_iskola_2024_04\/4.png\"\n               title=\"Fot\u00f3: Danyi Bal\u00e1zs\"\n               data-src=\"https:\/\/meonline.hu\/wp-content\/gallery\/erd_kos_karoly_iskola_2024_04\/4.png\"\n               data-thumbnail=\"https:\/\/meonline.hu\/wp-content\/gallery\/erd_kos_karoly_iskola_2024_04\/thumbs\/thumbs_4.png\"\n               data-image-id=\"11055\"\n               data-title=\"4\"\n               data-description=\"Fot\u00f3: Danyi Bal\u00e1zs\"\n               data-image-slug=\"4-212\"\n               class=\"ngg-simplelightbox\" rel=\"ac5de13927966319a1c4f9d10276ed16\">\n                <img\n                    title=\"4\"\n                    alt=\"4\"\n                    src=\"https:\/\/meonline.hu\/wp-content\/gallery\/erd_kos_karoly_iskola_2024_04\/thumbs\/thumbs_4.png\"\n                    width=\"240\"\n                    height=\"160\"\n                    style=\"max-width:100%;\"\n                \/>\n            <\/a>\n        <\/div>\n\t\t\t\t\t\t\t<\/div> \n\t\t\t\n\t\t\t\t<div id=\"ngg-image-4\" class=\"ngg-gallery-thumbnail-box \" >\n\t\t\t\t        <div class=\"ngg-gallery-thumbnail\">\n            <a href=\"https:\/\/meonline.hu\/wp-content\/gallery\/erd_kos_karoly_iskola_2024_04\/alaprajz.png\"\n               title=\"alaprajz\"\n               data-src=\"https:\/\/meonline.hu\/wp-content\/gallery\/erd_kos_karoly_iskola_2024_04\/alaprajz.png\"\n               data-thumbnail=\"https:\/\/meonline.hu\/wp-content\/gallery\/erd_kos_karoly_iskola_2024_04\/thumbs\/thumbs_alaprajz.png\"\n               data-image-id=\"11054\"\n               data-title=\"alaprajz\"\n               data-description=\"alaprajz\"\n               data-image-slug=\"alaprajz-90\"\n               class=\"ngg-simplelightbox\" rel=\"ac5de13927966319a1c4f9d10276ed16\">\n                <img\n                    title=\"alaprajz\"\n                    alt=\"alaprajz\"\n                    src=\"https:\/\/meonline.hu\/wp-content\/gallery\/erd_kos_karoly_iskola_2024_04\/thumbs\/thumbs_alaprajz.png\"\n                    width=\"240\"\n                    height=\"160\"\n                    style=\"max-width:100%;\"\n                \/>\n            <\/a>\n        <\/div>\n\t\t\t\t\t\t\t<\/div> \n\t\t\t\n\t\t\t\t<div id=\"ngg-image-5\" class=\"ngg-gallery-thumbnail-box \" >\n\t\t\t\t        <div class=\"ngg-gallery-thumbnail\">\n            <a href=\"https:\/\/meonline.hu\/wp-content\/gallery\/erd_kos_karoly_iskola_2024_04\/metszet.png\"\n               title=\"metszet\"\n               data-src=\"https:\/\/meonline.hu\/wp-content\/gallery\/erd_kos_karoly_iskola_2024_04\/metszet.png\"\n               data-thumbnail=\"https:\/\/meonline.hu\/wp-content\/gallery\/erd_kos_karoly_iskola_2024_04\/thumbs\/thumbs_metszet.png\"\n               data-image-id=\"11053\"\n               data-title=\"metszet\"\n               data-description=\"metszet\"\n               data-image-slug=\"metszet-86\"\n               class=\"ngg-simplelightbox\" rel=\"ac5de13927966319a1c4f9d10276ed16\">\n                <img\n                    title=\"metszet\"\n                    alt=\"metszet\"\n                    src=\"https:\/\/meonline.hu\/wp-content\/gallery\/erd_kos_karoly_iskola_2024_04\/thumbs\/thumbs_metszet.png\"\n                    width=\"240\"\n                    height=\"160\"\n                    style=\"max-width:100%;\"\n                \/>\n            <\/a>\n        <\/div>\n\t\t\t\t\t\t\t<\/div> \n\t\t\t\n\t\n\t<br style=\"clear: both\" \/>\n\n\t\n\t\t<!-- Pagination -->\n\t<div class='ngg-clear'><\/div>\t<\/div>\n<\/p>","protected":false},"excerpt":{"rendered":"<p>K\u00e1roly K\u00f3s Vocational School, \u00c9rd Architects: Katalin Csillag, Zsolt Gunther Text: Tam\u00e1s Kiss Photos: Bal\u00e1zs Danyi It has been 18 months since our report on the first stage of the expansion project of K\u00f3s K\u00e1roly Vocational School in \u00c9rd, and now the entire complex has been completed. Taking advantage of the features of the sloping [&hellip;]<\/p>\n","protected":false},"author":1,"featured_media":50515,"comment_status":"closed","ping_status":"closed","sticky":false,"template":"","format":"standard","meta":{"ngg_post_thumbnail":0},"categories":[3799,9],"tags":[],"_links":{"self":[{"href":"https:\/\/meonline.hu\/en\/wp-json\/wp\/v2\/posts\/50513"}],"collection":[{"href":"https:\/\/meonline.hu\/en\/wp-json\/wp\/v2\/posts"}],"about":[{"href":"https:\/\/meonline.hu\/en\/wp-json\/wp\/v2\/types\/post"}],"author":[{"embeddable":true,"href":"https:\/\/meonline.hu\/en\/wp-json\/wp\/v2\/users\/1"}],"replies":[{"embeddable":true,"href":"https:\/\/meonline.hu\/en\/wp-json\/wp\/v2\/comments?post=50513"}],"version-history":[{"count":3,"href":"https:\/\/meonline.hu\/en\/wp-json\/wp\/v2\/posts\/50513\/revisions"}],"predecessor-version":[{"id":50524,"href":"https:\/\/meonline.hu\/en\/wp-json\/wp\/v2\/posts\/50513\/revisions\/50524"}],"wp:featuredmedia":[{"embeddable":true,"href":"https:\/\/meonline.hu\/en\/wp-json\/wp\/v2\/media\/50515"}],"wp:attachment":[{"href":"https:\/\/meonline.hu\/en\/wp-json\/wp\/v2\/media?parent=50513"}],"wp:term":[{"taxonomy":"category","embeddable":true,"href":"https:\/\/meonline.hu\/en\/wp-json\/wp\/v2\/categories?post=50513"},{"taxonomy":"post_tag","embeddable":true,"href":"https:\/\/meonline.hu\/en\/wp-json\/wp\/v2\/tags?post=50513"}],"curies":[{"name":"wp","href":"https:\/\/api.w.org\/{rel}","templated":true}]}}