{"id":544,"date":"2010-02-15T11:32:07","date_gmt":"2010-02-15T11:32:07","guid":{"rendered":"http:\/\/meonlinehu.web-server.hu\/?p=544"},"modified":"2010-02-25T11:38:10","modified_gmt":"2010-02-25T11:38:10","slug":"velencei-epiteszeti-biennale-palyazati-prezentacio","status":"publish","type":"post","link":"https:\/\/meonline.hu\/en\/magyar-epitomuveszet-hirek\/velencei-epiteszeti-biennale-palyazati-prezentacio\/","title":{"rendered":"Velencei \u00c9p\u00edt\u00e9szeti Bienn\u00e1le &#8211; p\u00e1ly\u00e1zati prezent\u00e1ci\u00f3"},"content":{"rendered":"<p style=\"text-align: center;\"><img loading=\"lazy\" class=\"aligncenter\" src=\"http:\/\/www.meszorg.hu\/media\/kepek\/illusztraciok\/magyar_pavilon.jpg\" alt=\"\" width=\"300\" height=\"200\" \/><\/p>\n<p>A Magyar \u00c9p\u00edt\u0151m\u0171v\u00e9szek Sz\u00f6vets\u00e9ge 2010. febru\u00e1r 26-\u00e1n 17.00 \u00f3r\u00e1t\u00f3l a M\u00c9SZ Sz\u00e9kh\u00e1z (1088 Budapest, \u00d6tpacsirta utca 2.) K\u00f3s K\u00e1roly term\u00e9ben megrendezi a 2010. Velencei \u00c9p\u00edt\u00e9szeti Bienn\u00e1le Magyar Pavilon ki\u00e1ll\u00edt\u00e1s\u00e1nak produkci\u00f3s vezet\u0151i megb\u00edzat\u00e1s\u00e1ra be\u00e9rkezett p\u00e1ly\u00e1zatok prezent\u00e1ci\u00f3j\u00e1t, lehet\u0151s\u00e9get adva ez\u00e1ltal a p\u00e1ly\u00e1z\u00f3knak, hogy v\u00e9gign\u00e9zz\u00e9k a beadott anyagokat, s a k\u00f6z\u00f6ns\u00e9gnek, hogy betekint\u00e9st nyerjenek a p\u00e1ly\u00e1zatok m\u0171helytitkaiba.<\/p>\n<p><strong>Program:<\/strong><\/p>\n<p>2010. febru\u00e1r 26., 17 \u00f3ra &#8211; M\u00c9SZ Sz\u00e9kh\u00e1z, K\u00f3s K\u00e1roly terem<\/p>\n<p>Moder\u00e1tor: P\u00e1sztor Erika Katalina, \u00c9p\u00edt\u00e9szf\u00f3rum, a zs\u0171ri tagja<\/p>\n<p>17:00 K\u00e1lm\u00e1n Ern\u0151 DLA a M\u00c9SZ eln\u00f6ke k\u00f6sz\u00f6nti a vend\u00e9geket<br \/>\n17:10 Benedek Anna \u00e9s \u00c1rvai Andr\u00e1s<br \/>\n17:30 Bujdos\u00f3 Attila (KiBu)<br \/>\n18:00 Csan\u00e1dy P\u00e1l, (Wessel\u00e9nyi-Garay Andorral)<br \/>\n18:20 Erd\u00e9ly D\u00e1niel<br \/>\n18:40 F\u00f3nagy D\u00f3ra-Sz\u00e9pv\u00f6lgyi Vikt\u00f3ria (DesignFocus)<br \/>\n19:00 Kir\u00e1ly Zolt\u00e1n<br \/>\n19:40 Wessel\u00e9nyi-Garay Andor (Ferencz Marcellel)<br \/>\n20:00 Irimi\u00e1s Bal\u00e1zs<\/p>\n","protected":false},"excerpt":{"rendered":"<p>A M\u00c9SZ 2010. febru\u00e1r 26-\u00e1n 17.00 \u00f3r\u00e1t\u00f3l a M\u00c9SZ Sz\u00e9kh\u00e1z K\u00f3s K\u00e1roly term\u00e9ben megrendezi a 2010. Velencei \u00c9p\u00edt\u00e9szeti Bienn\u00e1le Magyar Pavilon ki\u00e1ll\u00edt\u00e1s\u00e1ra be\u00e9rkezett p\u00e1ly\u00e1zatok prezent\u00e1ci\u00f3j\u00e1t, lehet\u0151s\u00e9get adva ez\u00e1ltal a p\u00e1ly\u00e1z\u00f3knak, hogy v\u00e9gign\u00e9zz\u00e9k a beadott anyagokat, s a k\u00f6z\u00f6ns\u00e9gnek, hogy betekint\u00e9st nyerjenek a p\u00e1ly\u00e1zatok m\u0171helytitkaiba.<\/p>\n","protected":false},"author":1,"featured_media":10692,"comment_status":"closed","ping_status":"closed","sticky":false,"template":"","format":"standard","meta":{"ngg_post_thumbnail":0},"categories":[18,3],"tags":[],"_links":{"self":[{"href":"https:\/\/meonline.hu\/en\/wp-json\/wp\/v2\/posts\/544"}],"collection":[{"href":"https:\/\/meonline.hu\/en\/wp-json\/wp\/v2\/posts"}],"about":[{"href":"https:\/\/meonline.hu\/en\/wp-json\/wp\/v2\/types\/post"}],"author":[{"embeddable":true,"href":"https:\/\/meonline.hu\/en\/wp-json\/wp\/v2\/users\/1"}],"replies":[{"embeddable":true,"href":"https:\/\/meonline.hu\/en\/wp-json\/wp\/v2\/comments?post=544"}],"version-history":[{"count":4,"href":"https:\/\/meonline.hu\/en\/wp-json\/wp\/v2\/posts\/544\/revisions"}],"predecessor-version":[{"id":548,"href":"https:\/\/meonline.hu\/en\/wp-json\/wp\/v2\/posts\/544\/revisions\/548"}],"wp:featuredmedia":[{"embeddable":true,"href":"https:\/\/meonline.hu\/en\/wp-json\/wp\/v2\/media\/10692"}],"wp:attachment":[{"href":"https:\/\/meonline.hu\/en\/wp-json\/wp\/v2\/media?parent=544"}],"wp:term":[{"taxonomy":"category","embeddable":true,"href":"https:\/\/meonline.hu\/en\/wp-json\/wp\/v2\/categories?post=544"},{"taxonomy":"post_tag","embeddable":true,"href":"https:\/\/meonline.hu\/en\/wp-json\/wp\/v2\/tags?post=544"}],"curies":[{"name":"wp","href":"https:\/\/api.w.org\/{rel}","templated":true}]}}