{"id":557,"date":"2010-02-25T12:38:16","date_gmt":"2010-02-25T12:38:16","guid":{"rendered":"http:\/\/meonlinehu.web-server.hu\/?p=557"},"modified":"2021-12-30T22:59:10","modified_gmt":"2021-12-30T21:59:10","slug":"dr-peschka-alfred-epitesz-kiallitasa","status":"publish","type":"post","link":"https:\/\/meonline.hu\/en\/magyar-epitomuveszet-hirek\/dr-peschka-alfred-epitesz-kiallitasa\/","title":{"rendered":"Peschka Alfr\u00e9d \u00e9p\u00edt\u00e9sz ki\u00e1ll\u00edt\u00e1sa"},"content":{"rendered":"<p style=\"text-align: center;\"><img loading=\"lazy\" class=\"aligncenter\" src=\"http:\/\/www.meszorg.hu\/media\/kepek\/illusztraciok\/peschka_meghivo.jpg\" alt=\"\" width=\"266\" height=\"400\" \/><\/p>\n<p>A Magyar \u00c9p\u00edt\u0151m\u0171v\u00e9szek Sz\u00f6vets\u00e9ge szeretettel v\u00e1rja a kedves \u00e9rdekl\u0151d\u0151ket dr. Peschka Alfr\u00e9d, \u00e9p\u00edt\u00e9sz rajzki\u00e1ll\u00edt\u00e1s\u00e1nak megnyit\u00f3j\u00e1ra, melynek helysz\u00edne az \u00c9p\u00edt\u00e9szek H\u00e1za K\u00f3s K\u00e1roly terme (1088 Budapest, \u00d6tpacsirta u. 2.)<\/p>\n<p>A megnyit\u00f3 id\u0151pontja: 2010. febru\u00e1r 23., 17.00 \u00f3ra.<\/p>\n<p>A ki\u00e1ll\u00edt\u00e1st megnyitja: Dr. Finta J\u00f3zsef, \u00e9p\u00edt\u00e9sz<br \/>\nMegtekinthet\u0151: 2010. m\u00e1rcius 10-ig.<\/p>\n","protected":false},"excerpt":{"rendered":"<p>A Magyar \u00c9p\u00edt\u0151m\u0171v\u00e9szek Sz\u00f6vets\u00e9ge szeretettel v\u00e1rja a kedves \u00e9rdekl\u0151d\u0151ket dr. Peschka Alfr\u00e9d, \u00e9p\u00edt\u00e9sz rajzki\u00e1ll\u00edt\u00e1s\u00e1nak megnyit\u00f3j\u00e1ra, melynek helysz\u00edne az \u00c9p\u00edt\u00e9szek H\u00e1za K\u00f3s K\u00e1roly terme (1088 Budapest, \u00d6tpacsirta u. 2.)<br \/>\nA megnyit\u00f3 id\u0151pontja: 2010. febru\u00e1r 23., 17.00 \u00f3ra.<\/p>\n","protected":false},"author":1,"featured_media":10696,"comment_status":"closed","ping_status":"closed","sticky":false,"template":"","format":"standard","meta":{"ngg_post_thumbnail":0},"categories":[3,17],"tags":[],"_links":{"self":[{"href":"https:\/\/meonline.hu\/en\/wp-json\/wp\/v2\/posts\/557"}],"collection":[{"href":"https:\/\/meonline.hu\/en\/wp-json\/wp\/v2\/posts"}],"about":[{"href":"https:\/\/meonline.hu\/en\/wp-json\/wp\/v2\/types\/post"}],"author":[{"embeddable":true,"href":"https:\/\/meonline.hu\/en\/wp-json\/wp\/v2\/users\/1"}],"replies":[{"embeddable":true,"href":"https:\/\/meonline.hu\/en\/wp-json\/wp\/v2\/comments?post=557"}],"version-history":[{"count":6,"href":"https:\/\/meonline.hu\/en\/wp-json\/wp\/v2\/posts\/557\/revisions"}],"predecessor-version":[{"id":1310,"href":"https:\/\/meonline.hu\/en\/wp-json\/wp\/v2\/posts\/557\/revisions\/1310"}],"wp:featuredmedia":[{"embeddable":true,"href":"https:\/\/meonline.hu\/en\/wp-json\/wp\/v2\/media\/10696"}],"wp:attachment":[{"href":"https:\/\/meonline.hu\/en\/wp-json\/wp\/v2\/media?parent=557"}],"wp:term":[{"taxonomy":"category","embeddable":true,"href":"https:\/\/meonline.hu\/en\/wp-json\/wp\/v2\/categories?post=557"},{"taxonomy":"post_tag","embeddable":true,"href":"https:\/\/meonline.hu\/en\/wp-json\/wp\/v2\/tags?post=557"}],"curies":[{"name":"wp","href":"https:\/\/api.w.org\/{rel}","templated":true}]}}