{"id":7906,"date":"2013-02-13T22:50:33","date_gmt":"2013-02-13T21:50:33","guid":{"rendered":"http:\/\/meonline.hu\/?p=7906"},"modified":"2013-03-13T22:55:53","modified_gmt":"2013-03-13T21:55:53","slug":"a-varos-atalakitasa-1992-2012","status":"publish","type":"post","link":"https:\/\/meonline.hu\/en\/utoirat\/a-varos-atalakitasa-1992-2012\/","title":{"rendered":"Transformation of the City 1992-2012"},"content":{"rendered":"<p><strong>Maribor &#8211; European Capital of Culture 2012<\/strong><\/p>\n<div id=\"attachment_7907\" style=\"width: 610px\" class=\"wp-caption alignnone\"><img aria-describedby=\"caption-attachment-7907\" loading=\"lazy\" src=\"http:\/\/meonline.hu\/wp-content\/uploads\/2013\/03\/maribor1.jpg\" alt=\"\" title=\"Rok Benda, Mitja Zorc, Primoz Hocevar: Piact\u00e9r, 2008\" width=\"600\" height=\"378\" class=\"size-full wp-image-7907\" srcset=\"https:\/\/meonline.hu\/wp-content\/uploads\/2013\/03\/maribor1.jpg 600w, https:\/\/meonline.hu\/wp-content\/uploads\/2013\/03\/maribor1-238x150.jpg 238w, https:\/\/meonline.hu\/wp-content\/uploads\/2013\/03\/maribor1-300x189.jpg 300w\" sizes=\"(max-width: 600px) 100vw, 600px\" \/><p id=\"caption-attachment-7907\" class=\"wp-caption-text\">Rok Benda, Mitja Zorc, Primoz Hocevar: Market, 2008<\/p><\/div>\n<p>Text: <strong>Uros Lobnik<\/strong><\/p>\n<p>Sorry, this content is only available Hungarian.<\/p>\n<p><!-- default-view.php -->\n<div\n\tclass=\"ngg-galleryoverview default-view \"\n\tid=\"ngg-gallery-5ddddbf3734164b4a2ae3ad7124d22b4-1\">\n\n\t\t<!-- Thumbnails -->\n\t\t\t\t<div id=\"ngg-image-0\" class=\"ngg-gallery-thumbnail-box \" >\n\t\t\t\t        <div class=\"ngg-gallery-thumbnail\">\n            <a href=\"https:\/\/meonline.hu\/wp-content\/gallery\/maribor2012\/maribor1.jpg\"\n               title=\"Rok Benda, Mitja Zorc, Primoz Hocevar: Piact\u00e9r, 2008\"\n               data-src=\"https:\/\/meonline.hu\/wp-content\/gallery\/maribor2012\/maribor1.jpg\"\n               data-thumbnail=\"https:\/\/meonline.hu\/wp-content\/gallery\/maribor2012\/thumbs\/thumbs_maribor1.jpg\"\n               data-image-id=\"1570\"\n               data-title=\"Rok Benda, Mitja Zorc, Primoz Hocevar: Piact\u00e9r, 2008\"\n               data-description=\"Rok Benda, Mitja Zorc, Primoz Hocevar: Piact\u00e9r, 2008\"\n               data-image-slug=\"rok-benda-mitja-zorc-primoz-hocevar-piact%c3%a9r-2008-1\"\n               class=\"ngg-simplelightbox\" rel=\"5ddddbf3734164b4a2ae3ad7124d22b4\">\n                <img\n                    title=\"Rok Benda, Mitja Zorc, Primoz Hocevar: Piact\u00e9r, 2008\"\n                    alt=\"Rok Benda, Mitja Zorc, Primoz Hocevar: Piact\u00e9r, 2008\"\n                    src=\"https:\/\/meonline.hu\/wp-content\/gallery\/maribor2012\/thumbs\/thumbs_maribor1.jpg\"\n                    width=\"100\"\n                    height=\"75\"\n                    style=\"max-width:100%;\"\n                \/>\n            <\/a>\n        <\/div>\n\t\t\t\t\t\t\t<\/div> \n\t\t\t\n\t\t\t\t<div id=\"ngg-image-1\" class=\"ngg-gallery-thumbnail-box \" >\n\t\t\t\t        <div class=\"ngg-gallery-thumbnail\">\n            <a href=\"https:\/\/meonline.hu\/wp-content\/gallery\/maribor2012\/maribor2.jpg\"\n               title=\"Styria Architects: Elektronikai \u00e9s Sz\u00e1m\u00edt\u00e1stechnikai Kar, 2012\"\n               data-src=\"https:\/\/meonline.hu\/wp-content\/gallery\/maribor2012\/maribor2.jpg\"\n               data-thumbnail=\"https:\/\/meonline.hu\/wp-content\/gallery\/maribor2012\/thumbs\/thumbs_maribor2.jpg\"\n               data-image-id=\"1571\"\n               data-title=\"Styria Architects: Elektronikai \u00e9s Sz\u00e1m\u00edt\u00e1stechnikai Kar, 2012\"\n               data-description=\"Styria Architects: Elektronikai \u00e9s Sz\u00e1m\u00edt\u00e1stechnikai Kar, 2012\"\n               data-image-slug=\"styria-architects-elektronikai-%c3%a9s-sz%c3%a1m%c3%adt%c3%a1stechnikai-kar-2012-1\"\n               class=\"ngg-simplelightbox\" rel=\"5ddddbf3734164b4a2ae3ad7124d22b4\">\n                <img\n                    title=\"Styria Architects: Elektronikai \u00e9s Sz\u00e1m\u00edt\u00e1stechnikai Kar, 2012\"\n                    alt=\"Styria Architects: Elektronikai \u00e9s Sz\u00e1m\u00edt\u00e1stechnikai Kar, 2012\"\n                    src=\"https:\/\/meonline.hu\/wp-content\/gallery\/maribor2012\/thumbs\/thumbs_maribor2.jpg\"\n                    width=\"100\"\n                    height=\"75\"\n                    style=\"max-width:100%;\"\n                \/>\n            <\/a>\n        <\/div>\n\t\t\t\t\t\t\t<\/div> \n\t\t\t\n\t\t\t\t<div id=\"ngg-image-2\" class=\"ngg-gallery-thumbnail-box \" >\n\t\t\t\t        <div class=\"ngg-gallery-thumbnail\">\n            <a href=\"https:\/\/meonline.hu\/wp-content\/gallery\/maribor2012\/maribor3.jpg\"\n               title=\"Nande Korpik: Menerga irodah\u00e1z, 2002\"\n               data-src=\"https:\/\/meonline.hu\/wp-content\/gallery\/maribor2012\/maribor3.jpg\"\n               data-thumbnail=\"https:\/\/meonline.hu\/wp-content\/gallery\/maribor2012\/thumbs\/thumbs_maribor3.jpg\"\n               data-image-id=\"1572\"\n               data-title=\"Nande Korpik: Menerga irodah\u00e1z, 2002\"\n               data-description=\"Nande Korpik: Menerga irodah\u00e1z, 2002\"\n               data-image-slug=\"nande-korpik-menerga-irodah%c3%a1z-2002-1\"\n               class=\"ngg-simplelightbox\" rel=\"5ddddbf3734164b4a2ae3ad7124d22b4\">\n                <img\n                    title=\"Nande Korpik: Menerga irodah\u00e1z, 2002\"\n                    alt=\"Nande Korpik: Menerga irodah\u00e1z, 2002\"\n                    src=\"https:\/\/meonline.hu\/wp-content\/gallery\/maribor2012\/thumbs\/thumbs_maribor3.jpg\"\n                    width=\"92\"\n                    height=\"75\"\n                    style=\"max-width:100%;\"\n                \/>\n            <\/a>\n        <\/div>\n\t\t\t\t\t\t\t<\/div> \n\t\t\t\n\t\t\t\t<div id=\"ngg-image-3\" class=\"ngg-gallery-thumbnail-box \" >\n\t\t\t\t        <div class=\"ngg-gallery-thumbnail\">\n            <a href=\"https:\/\/meonline.hu\/wp-content\/gallery\/maribor2012\/maribor4.jpg\"\n               title=\"Boris Podrecca: Maribori Egyetem Rektori Hivatal, 2002\"\n               data-src=\"https:\/\/meonline.hu\/wp-content\/gallery\/maribor2012\/maribor4.jpg\"\n               data-thumbnail=\"https:\/\/meonline.hu\/wp-content\/gallery\/maribor2012\/thumbs\/thumbs_maribor4.jpg\"\n               data-image-id=\"1573\"\n               data-title=\"Boris Podrecca: Maribori Egyetem Rektori Hivatal, 2002\"\n               data-description=\"Boris Podrecca: Maribori Egyetem Rektori Hivatal, 2002\"\n               data-image-slug=\"boris-podrecca-maribori-egyetem-rektori-hivatal-2002\"\n               class=\"ngg-simplelightbox\" rel=\"5ddddbf3734164b4a2ae3ad7124d22b4\">\n                <img\n                    title=\"Boris Podrecca: Maribori Egyetem Rektori Hivatal, 2002\"\n                    alt=\"Boris Podrecca: Maribori Egyetem Rektori Hivatal, 2002\"\n                    src=\"https:\/\/meonline.hu\/wp-content\/gallery\/maribor2012\/thumbs\/thumbs_maribor4.jpg\"\n                    width=\"100\"\n                    height=\"75\"\n                    style=\"max-width:100%;\"\n                \/>\n            <\/a>\n        <\/div>\n\t\t\t\t\t\t\t<\/div> \n\t\t\t\n\t\n\t<br style=\"clear: both\" \/>\n\n\t\n\t\t<!-- Pagination -->\n\t<div class='ngg-clear'><\/div>\t<\/div>\n<\/p>","protected":false},"excerpt":{"rendered":"<p>Transformation of the City 1992-2012<br \/>\nMaribor &#8211; European Capital of Culture 2012<br \/>\nUros Lobnik<\/p>\n<p>Sorry, this content is only available Hungarian.<\/p>\n","protected":false},"author":1,"featured_media":7907,"comment_status":"closed","ping_status":"closed","sticky":false,"template":"","format":"standard","meta":{"ngg_post_thumbnail":0},"categories":[8,153],"tags":[],"_links":{"self":[{"href":"https:\/\/meonline.hu\/en\/wp-json\/wp\/v2\/posts\/7906"}],"collection":[{"href":"https:\/\/meonline.hu\/en\/wp-json\/wp\/v2\/posts"}],"about":[{"href":"https:\/\/meonline.hu\/en\/wp-json\/wp\/v2\/types\/post"}],"author":[{"embeddable":true,"href":"https:\/\/meonline.hu\/en\/wp-json\/wp\/v2\/users\/1"}],"replies":[{"embeddable":true,"href":"https:\/\/meonline.hu\/en\/wp-json\/wp\/v2\/comments?post=7906"}],"version-history":[{"count":3,"href":"https:\/\/meonline.hu\/en\/wp-json\/wp\/v2\/posts\/7906\/revisions"}],"predecessor-version":[{"id":7910,"href":"https:\/\/meonline.hu\/en\/wp-json\/wp\/v2\/posts\/7906\/revisions\/7910"}],"wp:featuredmedia":[{"embeddable":true,"href":"https:\/\/meonline.hu\/en\/wp-json\/wp\/v2\/media\/7907"}],"wp:attachment":[{"href":"https:\/\/meonline.hu\/en\/wp-json\/wp\/v2\/media?parent=7906"}],"wp:term":[{"taxonomy":"category","embeddable":true,"href":"https:\/\/meonline.hu\/en\/wp-json\/wp\/v2\/categories?post=7906"},{"taxonomy":"post_tag","embeddable":true,"href":"https:\/\/meonline.hu\/en\/wp-json\/wp\/v2\/tags?post=7906"}],"curies":[{"name":"wp","href":"https:\/\/api.w.org\/{rel}","templated":true}]}}